{"id":2676,"date":"2026-06-09T08:55:36","date_gmt":"2026-06-09T11:55:36","guid":{"rendered":"https:\/\/fmmural91.uno\/2024\/?p=2676"},"modified":"2026-06-09T08:55:37","modified_gmt":"2026-06-09T11:55:37","slug":"el-indio-bulacio-y-la-banda-de-sonido-de-nuestras-vidas","status":"publish","type":"post","link":"https:\/\/fmmural91.uno\/2024\/el-indio-bulacio-y-la-banda-de-sonido-de-nuestras-vidas\/","title":{"rendered":"El Indio, Bulacio y la banda de sonido de nuestras vidas"},"content":{"rendered":"\n<p class=\"wp-block-paragraph\"><strong>Quise ser un pibe de los astilleros. Dese\u00e9 las piernas m\u00e1s bonitas y so\u00f1\u00e9 con viajar de poliz\u00f3n en un barco. Entend\u00ed que siempre se elige un lado de la mecha para vivir. Que el lujo es vulgaridad y que el acento del barrio es imposible de impostar. Pero por sobre todas las cosas que los Marines jam\u00e1s te dejar\u00e1n pertenecer al cielo que so\u00f1amos.<\/strong><\/p>\n\n\n\n<p class=\"wp-block-paragraph\">!<strong>Gracias Indio! \u00a1Hasta siempre!<\/strong><\/p>\n\n\n\n<p class=\"wp-block-paragraph\"><strong>Por Alejandro Palmas<\/strong>   &#8211;   <a href=\"https:\/\/almargen.org.ar\/\">https:\/\/almargen.org.ar\/<\/a>   &#8211; <\/p>\n\n\n\n<p class=\"wp-block-paragraph\">1991. Otros tiempos. Estaba en segundo a\u00f1o del industrial en Haedo, borde Mor\u00f3n, borde Luzuriaga. El Sarmiento formaba parte de mi vida junto al 242 x Larrea, que religiosamente me tomaba todas las ma\u00f1anas a las 7:05 en el quiosco de Abel. Hab\u00eda quedado con el mejor amigo de aquellos a\u00f1os en ir a ver a Los Redondos a Obras. Eran tiempos sin celular, donde las entradas hab\u00eda que buscarlas en la lejana Capital, de forma presencial y anticipada.<\/p>\n\n\n\n<p class=\"wp-block-paragraph\">Hab\u00edamos quedado esa misma ma\u00f1ana en el recreo de la escuela. Facundo vendr\u00eda en el tren desde Haedo y yo subir\u00eda en Ramos en el furg\u00f3n, al final de la estaci\u00f3n. Al horario convenido yo esperaba apretando fuerte la plata de la entrada en el pu\u00f1o y contando los segundos que el tren tardaba en llegar a la estaci\u00f3n desde que aparec\u00eda cortando las v\u00edas del oeste. El plan era sencillo, ir directo a Once, caminar hasta conseguir las 2 entradas y pegar la vuelta al suburbano.<\/p>\n\n\n\n<p class=\"wp-block-paragraph\">Pasaron dos, tres, cuatro, cinco trenes y mi amigo nunca apareci\u00f3.<\/p>\n\n\n\n<p class=\"wp-block-paragraph\">Maldiciendo mi suerte me baj\u00e9 del and\u00e9n masticando bronca y a metros de la estaci\u00f3n, con la plata de la entrada que segu\u00eda en mi mano me compr\u00e9 el vinilo de \u201c<em>La mosca y la sopa<\/em>\u201d para calmar la frustraci\u00f3n que sent\u00eda. Qued\u00e9 atrapado como en loop. No pude dejar de escuchar ese disco durante meses y sin saberlo se forjar\u00eda algo nuevo en m\u00ed que no podr\u00eda explicar.<\/p>\n\n\n\n<p class=\"wp-block-paragraph\"><strong>Quise ser un pibe de los astilleros. Dese\u00e9 las piernas m\u00e1s bonitas y so\u00f1\u00e9 con viajar de poliz\u00f3n en un barco. Entend\u00ed que siempre se elige un lado de la mecha para vivir. Que el lujo es vulgaridad y que el acento del barrio es imposible de impostar. Pero por sobre todas las cosas que los Marines jam\u00e1s te dejar\u00e1n pertenecer al cielo que so\u00f1amos.<\/strong><\/p>\n\n\n\n<p class=\"wp-block-paragraph\">Sin desearlo, mi amigo me hab\u00eda ahorrado estar la triste noche en que la polic\u00eda asesin\u00f3 a Walter Bulacio durante una razzia en la puerta de Obras. Un pibe dos a\u00f1os m\u00e1s grande que yo, pero de los barrios que nacen al otro lado de la Ciudad Evita.<\/p>\n\n\n\n<p class=\"wp-block-paragraph\">Los Redondos dejar\u00edan de tocar un tiempo despu\u00e9s de la muerte de Walter y mis ganas de ritualizarme colectivamente tendr\u00edan que esperar algunos a\u00f1os hasta la presentaci\u00f3n de Lobo Suelto, Cordero Atado en Hurac\u00e1n. Pero esa, es otra historia.<\/p>\n\n\n\n<p class=\"wp-block-paragraph\">Con ese furg\u00f3n que lleg\u00f3 vac\u00edo aprend\u00ed que los amigos no son incondicionales ni duran para siempre.&nbsp;<strong>Con el asesinato de Walter comprend\u00ed la \u00e9poca que me tocaba habitar<\/strong>&nbsp;y el riesgo de vivir en la Argentina post dictadura. Comenzaba a abandonar la inocencia y la alegr\u00eda ingenua que arrastraba (mos) desde el Mundial del 86, la gloria del Diego y la corta primavera alfonsinista. Hab\u00eda un cambio de \u00e9poca,&nbsp;<strong>comenzaba el ensayo general para la farsa. Pero por suerte estaba el rock, la poes\u00eda y Patricio Rey para guiarnos en esos a\u00f1os desangelados que reci\u00e9n arrancaban<\/strong>.<\/p>\n\n\n\n<figure class=\"wp-block-image\"><img decoding=\"async\" src=\"https:\/\/almargen.org.ar\/wp-content\/uploads\/2026\/06\/image-2.jpg\" alt=\"\" class=\"wp-image-45352\"\/><\/figure>\n\n\n\n<p class=\"wp-block-paragraph\">Los Redondos son la banda de sonido de varias generaciones de argentinos. Su filosof\u00eda barrial y sencilla te ayudan a comprender como habitar esta tierra si naciste en un barrio. El indio es parte de nuestro sentir, de nuestras vidas. La m\u00fasica que s\u00ed o s\u00ed, le hac\u00e9s escuchar a tus hijos.&nbsp;<strong>Una filosof\u00eda ricotera de vivir la vida intentando ser feliz con poco.<\/strong><\/p>\n\n\n\n<p class=\"wp-block-paragraph\">Por tanta m\u00fasica y tanta poes\u00eda ahora&nbsp;<strong>te lloramos en soledad y te despedimos colectivamente con miles de rituales y berretines<\/strong>. Despu\u00e9s de todo tus canciones se quedar\u00e1n ac\u00e1 con nosotros y vos ya vas partiendo hacia ese cielo al que nosotros no pertenecemos.<\/p>\n\n\n\n<p class=\"wp-block-paragraph\">Llega la hora de darte las gracias. De poner tu estampita en nuestro templo. De que all\u00e1, cerca de las estrellas los sat\u00e9lites escupan mil rocanroles y hagan m\u00e1s placenteros los d\u00edas (y las noches) de todos nuestros h\u00e9roes de este gran l\u00edo llamado Argentina.<\/p>\n\n\n\n<p class=\"wp-block-paragraph\"><strong>Gracias Indio!<\/strong><\/p>\n","protected":false},"excerpt":{"rendered":"<p>Quise ser un pibe de los astilleros. Dese\u00e9 las piernas m\u00e1s bonitas y so\u00f1\u00e9 con viajar de poliz\u00f3n en un barco. Entend\u00ed que siempre se elige un lado de la mecha para vivir. Que el lujo es vulgaridad y que el acento del barrio es imposible de impostar. Pero por sobre todas las cosas que [&hellip;]<\/p>\n","protected":false},"author":3,"featured_media":2677,"comment_status":"closed","ping_status":"closed","sticky":false,"template":"","format":"standard","meta":{"sync_status":"","episode_type":"","audio_file":"","castos_file_data":"","podmotor_file_id":"","cover_image":"","cover_image_id":"","duration":"","filesize":"","filesize_raw":"","date_recorded":"","explicit":"","block":"","footnotes":""},"categories":[117,23],"tags":[],"class_list":["post-2676","post","type-post","status-publish","format-standard","has-post-thumbnail","hentry","category-cultura","category-opinion"],"_links":{"self":[{"href":"https:\/\/fmmural91.uno\/2024\/wp-json\/wp\/v2\/posts\/2676","targetHints":{"allow":["GET"]}}],"collection":[{"href":"https:\/\/fmmural91.uno\/2024\/wp-json\/wp\/v2\/posts"}],"about":[{"href":"https:\/\/fmmural91.uno\/2024\/wp-json\/wp\/v2\/types\/post"}],"author":[{"embeddable":true,"href":"https:\/\/fmmural91.uno\/2024\/wp-json\/wp\/v2\/users\/3"}],"replies":[{"embeddable":true,"href":"https:\/\/fmmural91.uno\/2024\/wp-json\/wp\/v2\/comments?post=2676"}],"version-history":[{"count":1,"href":"https:\/\/fmmural91.uno\/2024\/wp-json\/wp\/v2\/posts\/2676\/revisions"}],"predecessor-version":[{"id":2678,"href":"https:\/\/fmmural91.uno\/2024\/wp-json\/wp\/v2\/posts\/2676\/revisions\/2678"}],"wp:featuredmedia":[{"embeddable":true,"href":"https:\/\/fmmural91.uno\/2024\/wp-json\/wp\/v2\/media\/2677"}],"wp:attachment":[{"href":"https:\/\/fmmural91.uno\/2024\/wp-json\/wp\/v2\/media?parent=2676"}],"wp:term":[{"taxonomy":"category","embeddable":true,"href":"https:\/\/fmmural91.uno\/2024\/wp-json\/wp\/v2\/categories?post=2676"},{"taxonomy":"post_tag","embeddable":true,"href":"https:\/\/fmmural91.uno\/2024\/wp-json\/wp\/v2\/tags?post=2676"}],"curies":[{"name":"wp","href":"https:\/\/api.w.org\/{rel}","templated":true}]}}