{"id":2805,"date":"2026-07-13T08:48:26","date_gmt":"2026-07-13T11:48:26","guid":{"rendered":"https:\/\/fmmural91.uno\/2024\/?p=2805"},"modified":"2026-07-13T08:51:44","modified_gmt":"2026-07-13T11:51:44","slug":"el-gobierno-dejo-al-reactor-carem-abandonado-mientras-anuncia-una-inversion-pivada","status":"publish","type":"post","link":"https:\/\/fmmural91.uno\/2024\/el-gobierno-dejo-al-reactor-carem-abandonado-mientras-anuncia-una-inversion-pivada\/","title":{"rendered":"El gobierno dej\u00f3 al reactor Carem abandonado mientras anuncia una inversi\u00f3n pivada"},"content":{"rendered":"\n<h1 class=\"wp-block-heading\">C\u00f3mo lograr destruir un proyecto soberano<\/h1>\n\n\n\n<p class=\"wp-block-paragraph\">Con una inversi\u00f3n de 690 millones de d\u00f3lares y el trabajo de t\u00e9cnicos y cient\u00edficos formados durante d\u00e9cadas, esta innovaci\u00f3n \u00edntegramente argentina estaba muy avanzada cuando Milei lleg\u00f3 a la Rosada. Hoy se est\u00e1 arruinando.<\/p>\n\n\n\n<p class=\"wp-block-paragraph\">Por\u00a0Karina Micheletto   &#8211;   Fuente: <a href=\"https:\/\/www.pagina12.com.ar\/\">https:\/\/www.pagina12.com.ar\/<\/a>   &#8211;   13 de julio, 2026<\/p>\n\n\n\n<p class=\"wp-block-paragraph\">Varios metros de agua se acumulan en el cilindro central de acero que contiene al reactor. Los subsuelos se inundan y no hay bombas de achique presupuestadas. Alrededor, los pastizales ganan terreno con el pago a las empresas tercerizadas cortado. A la izquierda, el edificio principal del BoP (Balance of Plan, Balance de Planta), deber\u00eda atesorar la turbina para el vapor producido por el reactor. Pero esa gran pieza, que es la m\u00e1s cara del proyecto,&nbsp;<strong>hoy est\u00e1 tapada apenas por una lona<\/strong>, y tambi\u00e9n se inunda. Otros delicados componentes ya comprados esperan en los cinco galpones y el pa\u00f1ol del mismo predio de Lima, Z\u00e1rate. Pero la mayor\u00eda de los t\u00e9cnicos encargados de su compleja conservaci\u00f3n&nbsp;<strong>fueron despedidos<\/strong>. Desde hace ya unos meses all\u00ed tambi\u00e9n comienzan a recibir&nbsp;<strong>visitas de delegaciones de empresas y Estados, nacionales y extranjeros<\/strong>, con una&nbsp;<strong>in\u00e9dita orden oficial<\/strong>&nbsp;de mostrar todo lo que requieran, y otro sospechoso suceso previo: un&nbsp;<strong>hackeo masivo<\/strong>&nbsp;que vulner\u00f3 a\u00f1os de desarrollo propio.<\/p>\n\n\n\n<p class=\"wp-block-paragraph\">Esto est\u00e1 pasando con&nbsp;<strong>el Carem 25, el prototipo del primer reactor peque\u00f1o 100 % argentino<\/strong>&nbsp;capaz de abastecer de energ\u00eda el\u00e9ctrica a una ciudad entera \u2013toda una utop\u00eda de innovaci\u00f3n cuando comenz\u00f3 a pensarse, reci\u00e9n llegada la democracia-. Al momento de asumir Javier Milei,&nbsp;<strong>un 80 por ciento de la obra civil y el 65 por ciento de la obra total estaban concluidos<\/strong>, los principales insumos estaban comprados, y se preve\u00eda su puesta en marcha para 2028.<\/p>\n\n\n\n<p class=\"wp-block-paragraph\"><strong>Hoy todo est\u00e1 paralizado, pero el freno no es gratis<\/strong>: mientras el material y la obra no se conserven adecuadamente, se v\u00e1 arruinando.<\/p>\n\n\n\n<p class=\"wp-block-paragraph\">Mientras tanto, el gobierno anuncia una millonaria inversi\u00f3n privada, con el beneficio del SuperRigi, de la empresa&nbsp;<strong>Meitner Energy<\/strong>&nbsp;\u2013de capitales iran\u00edes radicados en Estados Unidos, aportantes a la campa\u00f1a de Donald Trump-. Los mismos jefes de equipo que renunciaron a la CNEA por sus salarios destruidos \u2013y tambi\u00e9n un par de gerentes-, hoy trabajan en las oficinas de esta empresa, ya instaladas en Bariloche y CABA. Muchos \u201cse llevaron\u201d, completos, a todos sus equipos. Es&nbsp;<strong>un capital humano invaluable<\/strong>, formado durante a\u00f1os en tareas muy espec\u00edficas, y con car\u00edsimas capacitaciones certificadas que dictan contadas empresas del exterior.<\/p>\n\n\n\n<p class=\"wp-block-paragraph\">Todo sucede \u201ccon la nuestra\u201d: lo que se est\u00e1 desarmando y dejando venir abajo es&nbsp;<strong>una inversi\u00f3n de 690 millones de d\u00f3lares&nbsp;<\/strong>que hizo la Argentina -todas y todos sus ciudadanos-, s\u00f3lo en este reactor. Y que, lejos de generar p\u00e9rdida al Estado, genera ingresos, tambi\u00e9n millonarios, con los distintos proyectos de desarrollo at\u00f3mico que tiene en marcha la Argentina.<\/p>\n\n\n\n<figure class=\"wp-block-image\"><img decoding=\"async\" src=\"https:\/\/www.pagina12.com.ar\/resizer\/v2\/TZBCXEX3YJBMRENKI2U5S3PQQY.jpg?quality=75&amp;auth=4ef75a7bc582d8c5c35e773cc49e48181e4505ae4a11a6a215eabc855be1b805&amp;width=738\" alt=\"\"\/><figcaption class=\"wp-element-caption\"><strong>Reactor Carem&nbsp;<\/strong>Las \u00e1reas inundadas&nbsp;Imagen Web<\/figcaption><\/figure>\n\n\n\n<p class=\"wp-block-paragraph\">La paralizaci\u00f3n del Carem es apenas&nbsp;<strong>un bot\u00f3n de muestra&nbsp;<\/strong>del modo en que el gobierno de Javier Milei tiene decidido&nbsp;<strong>truncar, planificadamente, el desarrollo at\u00f3mico argentino<\/strong>. Con variantes, la situaci\u00f3n se replica en otros proyectos insignia como el reactor multiprop\u00f3sito&nbsp;<strong>RA10,&nbsp;<\/strong>que tambi\u00e9n produce radiois\u00f3topos,yel&nbsp;<strong>Complejo Tecnol\u00f3gico Pilcaniyeu<\/strong>, la planta de enriquecimiento de uranio que funciona en el paraje Pichileuf\u00fa Arriba, a 60 kil\u00f3metros de San Carlos de Bariloche.<\/p>\n\n\n\n<p class=\"wp-block-paragraph\">As\u00ed Argentina se baja del lugar ganado entre los 8 pa\u00edses del mundo que pueden completar el ciclo del uranio, desde su extracci\u00f3n hasta su enriquecimiento. El gobierno comete \u201c<strong>un crimen a cielo abierto<\/strong>\u201d, coinciden los t\u00e9cnicos consultados por&nbsp;<strong>P\u00e1gina\/12<\/strong>. \u201cRenuncia a una carrera tecnol\u00f3gica donde se ubicaba por delante de varios competidores internacionales y en la que actualmente participan m\u00e1s de un centenar de proyectos, en recursos clave de este contexto geopol\u00edtico\u201d, sintetiza la f\u00edsica y diputada por R\u00edo Negro&nbsp;<strong>Adriana Serquis<\/strong>, que presidi\u00f3 la Comisi\u00f3n Nacional de Energ\u00eda At\u00f3mica entre 2021 y 2024.<\/p>\n\n\n\n<h2 class=\"wp-block-heading\">De remate<\/h2>\n\n\n\n<p class=\"wp-block-paragraph\"><strong>P\u00e1gina\/12&nbsp;<\/strong>accedi\u00f3 a la orden oficial interna, aprobada por la Presidencia de CNEA, que da v\u00eda libre a toda \u201cvisita que guarde vinculaci\u00f3n con la elaboraci\u00f3n potencial de una Iniciativa Privada (<em>en may\u00fascula en el original<\/em>), cualquiera sea el origen, nacionalidad o naturaleza jur\u00eddica del Interesado\u201d. Aclara que ese interesado puede ser \u201ccualquier persona humana o jur\u00eddica,&nbsp;<strong>nacional o extranjera<\/strong>\u201d. Indica que pueden \u201crequerir informaci\u00f3n, documentaci\u00f3n, antecedentes o autorizaci\u00f3n para visitar un emplazamiento, predio, instalaci\u00f3n, inmueble o activo que se encuentre bajo la \u00f3rbita de la CNEA\u201d.<\/p>\n\n\n\n<figure class=\"wp-block-image\"><img decoding=\"async\" src=\"https:\/\/www.pagina12.com.ar\/resizer\/v2\/BBGWYXWZDFAORFICP76UN6DYRU.jpeg?quality=75&amp;auth=b3e58fd6aeb9588c216ebb42b274c73b2a007228a9a51f6517860aef6f8e3083&amp;width=1241\" alt=\"\"\/><figcaption class=\"wp-element-caption\">El memo interno que autoriza toda \u00abvisita nacional o extranjera\u00bb.&nbsp;archi<\/figcaption><\/figure>\n\n\n\n<p class=\"wp-block-paragraph\">Por si quedan dudas, la comunicaci\u00f3n que lleg\u00f3 por sistema GDE el 8 de mayo \u2013revisada por el actual gerente administrativo de la CNEA, Juan Ignacio Bruera, un contador sin experiencia en el \u00e1rea, y uno de los felices adjudicatarios de un pr\u00e9stamo del Banco Naci\u00f3n por 200 millones de pesos- detalla qu\u00e9 se entiende por activo: \u201cTodo bien, recurso, derecho, instalaci\u00f3n, infraestructura, equipamiento, sistema, material, yacimiento, complejo, planta, documentaci\u00f3n t\u00e9cnica asociada, antecedente operativo, capacidad institucional o elemento patrimonial, material o inmaterial, que integre, se vincule o se encuentre bajo administraci\u00f3n, uso, custodia, guarda, intervenci\u00f3n o competencia de la CNEA, y respecto del cual un Interesado requiera informaci\u00f3n, documentaci\u00f3n, antecedentes, acceso, relevamiento o autorizaci\u00f3n de visita\u201d.<\/p>\n\n\n\n<p class=\"wp-block-paragraph\">Como todos sus compa\u00f1eros,&nbsp;<strong>Carolina Ayala<\/strong>&nbsp;recibi\u00f3 esa orden en el Centro At\u00f3mico Bariloche, donde trabaja en el laboratorio de residuos nucleares. \u201cManipulo material radiactivo, tengo dos personas a cargo y cobro menos de un mill\u00f3n de pesos. Si me quedo es porque amo y defiendo lo que hago, y porque no me quiero ir del pa\u00eds\u201d, resume su situaci\u00f3n.&nbsp;<strong>En su laboratorio eran diecisiete investigadores. Hoy quedan cuatro.<\/strong><\/p>\n\n\n\n<p class=\"wp-block-paragraph\">\u201cEs una orden grave. Es como que abren una feria para que vengan a ver qu\u00e9 les gusta y llev\u00e1rselo de oferta. Incluso no queda claro el l\u00edmite en las \u00e1reas sensibles y reservadas, que en estos proyectos son muchas. Nos est\u00e1n diciendo que estamos de remate\u201d, lamenta.<\/p>\n\n\n\n<h2 class=\"wp-block-heading\">Nuevos due\u00f1os<\/h2>\n\n\n\n<p class=\"wp-block-paragraph\">Otra investigadora de la CNEA que pidi\u00f3 mantener su identidad en reserva describe c\u00f3mo los actuales funcionarios a cargo ponen a disposici\u00f3n de esas visitas \u201ctodo\u201d, incluyendo laboratorios, activos tecnol\u00f3gicos, procesos e informaci\u00f3n t\u00e9cnica, y lo m\u00e1s grave,&nbsp;<strong>todo el know how propio<\/strong>.<\/p>\n\n\n\n<p class=\"wp-block-paragraph\">Menciona una recorrida en particular al Centro At\u00f3mico Ezeiza, en instalaciones vinculadas a mecanismos de control del ciclo del combustible nuclear, un sector \u201cde alto nivel de confidencialidad\u201d. \u201cAh\u00ed entr\u00f3 un grupo de gente de la empresa Meitner, como pancho por su casa. Los gerentes les dijeron: s\u00ed, pase, por favor. En la misma semana de esa visita, la subgerenta de Dise\u00f1o Nuclear y Mec\u00e1nico se fue a trabajar\u2026 a Meitner. Ya antes se hab\u00eda ido el subgerente anterior, con su respectiva gente.&nbsp;<strong>Es muy impune todo<\/strong>\u201d, lamenta.<\/p>\n\n\n\n<p class=\"wp-block-paragraph\">La cient\u00edfica repasa otros \u201cpases\u201d que conoce: el jefe de Procesos, el de Electricidad; cada uno \u201cse llev\u00f3\u201d a Meitner su grupo de ingenieros de confianza. \u201cTodos con al menos 10 a\u00f1os de experiencia y con sueldos muy bajos para su calificaci\u00f3n, que pasaron a cobrar entre 5 y 10 veces m\u00e1s\u201d, explica. Lo analiza como una consecuencia buscada del doble movimiento de ahogo salarial por un lado, y \u201centrega\u201d por el otro.<\/p>\n\n\n\n<h2 class=\"wp-block-heading\">Despu\u00e9s del hackeo<\/h2>\n\n\n\n<p class=\"wp-block-paragraph\">\u201cEl edificio del reactor, donde est\u00e1 su n\u00facleo y el recipiente de presi\u00f3n,&nbsp;<strong>lleg\u00f3 a tener m\u00e1s de 20 metros c\u00fabicos de agua<\/strong>. Ah\u00ed hoy est\u00e1 oxidandose el&nbsp;<em>liner<\/em>&nbsp;de contenci\u00f3n. El edificio que est\u00e1 al lado, que aloja la turbina y el turbo grupo, tuvo 7 metros de agua. Alrededor es un yuyal\u201d, describe Rodolfo Kempf el estado del Carem. Trabaja en el Centro At\u00f3mico Constituyentes, en combustibles nucleares; su grupo estuvo a cargo del desarrollo tecnol\u00f3gico del combustible del reactor.<\/p>\n\n\n\n<p class=\"wp-block-paragraph\">M\u00e1s all\u00e1 de la obra civil, al igual que otros trabajadores consultados por&nbsp;<strong>P\u00e1gina\/12<\/strong>&nbsp;analiza lo peligroso del abandono a nivel general de todo el proyecto: la ingenier\u00eda, el modelado computacional, las licencias obtenidas, el desarrollo tecnol\u00f3gico en general. Al igual que los recursos humanos formados, son acaso m\u00e1s \u201ccaros\u201d que la millonaria inversi\u00f3n de la obra.<\/p>\n\n\n\n<p class=\"wp-block-paragraph\">Por eso preocup\u00f3 tanto el extra\u00f1o hackeo que sufri\u00f3 toda la CNEA en diciembre. \u201cNunca vimos algo igual,<strong>&nbsp;fue un apag\u00f3n masivo<\/strong>, tardaron dos meses en volver todos los sistemas. Toda la informaci\u00f3n confidencial del Carem y otros proyectos qued\u00f3 expuesta. No se perdi\u00f3 nada, pero alguien que entra y sabe lo que est\u00e1 buscando, se puede llevar much\u00edsimas soluciones de ingenier\u00eda que lleva a\u00f1os desarrollar\u00bb, explican.<\/p>\n\n\n\n<p class=\"wp-block-paragraph\"><strong>De los 61 \u00faltimos despidos que sufri\u00f3 la CNEA, 35 eran trabajadores abocados al Carem<\/strong>, y en particular a \u00e1reas de conservaci\u00f3n. Hoy los cient\u00edficos, ingenieros y t\u00e9cnicos de todas las sedes son \u201ccustodiados\u201d por Gendarmer\u00eda, como una presencia reforzada y permanente: si antes esta fuerza ten\u00eda presencia en las sedes de la CNEA como centinela de objetivos estrat\u00e9gicos que hacen a la soberan\u00eda nacional, hoy se encarga de vigilar y firmar a sus trabajadores, dispersarlos si hay reuniones y, llegado el caso, reprimirlos si se manifiestan contra los despidos.<\/p>\n\n\n\n<h4 class=\"wp-block-heading\">Temas en esta nota:<\/h4>\n\n\n\n<hr class=\"wp-block-separator has-alpha-channel-opacity\"\/>\n\n\n\n<ul class=\"wp-block-list\">\n<li><a href=\"https:\/\/www.pagina12.com.ar\/tags\/ciencia-y-tecnologia\">ciencia y tecnolog\u00eda<\/a><\/li>\n\n\n\n<li><a href=\"https:\/\/www.pagina12.com.ar\/tags\/energia-nuclear\">energ\u00eda nuclear<\/a><\/li>\n<\/ul>\n","protected":false},"excerpt":{"rendered":"<p>C\u00f3mo lograr destruir un proyecto soberano Con una inversi\u00f3n de 690 millones de d\u00f3lares y el trabajo de t\u00e9cnicos y cient\u00edficos formados durante d\u00e9cadas, esta innovaci\u00f3n \u00edntegramente argentina estaba muy avanzada cuando Milei lleg\u00f3 a la Rosada. Hoy se est\u00e1 arruinando. Por\u00a0Karina Micheletto &#8211; Fuente: https:\/\/www.pagina12.com.ar\/ &#8211; 13 de julio, 2026 Varios metros de agua [&hellip;]<\/p>\n","protected":false},"author":3,"featured_media":2806,"comment_status":"closed","ping_status":"closed","sticky":false,"template":"","format":"standard","meta":{"sync_status":"","episode_type":"","audio_file":"","castos_file_data":"","podmotor_file_id":"","cover_image":"","cover_image_id":"","duration":"","filesize":"","filesize_raw":"","date_recorded":"","explicit":"","block":"","footnotes":""},"categories":[22],"tags":[],"class_list":["post-2805","post","type-post","status-publish","format-standard","has-post-thumbnail","hentry","category-energia"],"_links":{"self":[{"href":"https:\/\/fmmural91.uno\/2024\/wp-json\/wp\/v2\/posts\/2805","targetHints":{"allow":["GET"]}}],"collection":[{"href":"https:\/\/fmmural91.uno\/2024\/wp-json\/wp\/v2\/posts"}],"about":[{"href":"https:\/\/fmmural91.uno\/2024\/wp-json\/wp\/v2\/types\/post"}],"author":[{"embeddable":true,"href":"https:\/\/fmmural91.uno\/2024\/wp-json\/wp\/v2\/users\/3"}],"replies":[{"embeddable":true,"href":"https:\/\/fmmural91.uno\/2024\/wp-json\/wp\/v2\/comments?post=2805"}],"version-history":[{"count":1,"href":"https:\/\/fmmural91.uno\/2024\/wp-json\/wp\/v2\/posts\/2805\/revisions"}],"predecessor-version":[{"id":2807,"href":"https:\/\/fmmural91.uno\/2024\/wp-json\/wp\/v2\/posts\/2805\/revisions\/2807"}],"wp:featuredmedia":[{"embeddable":true,"href":"https:\/\/fmmural91.uno\/2024\/wp-json\/wp\/v2\/media\/2806"}],"wp:attachment":[{"href":"https:\/\/fmmural91.uno\/2024\/wp-json\/wp\/v2\/media?parent=2805"}],"wp:term":[{"taxonomy":"category","embeddable":true,"href":"https:\/\/fmmural91.uno\/2024\/wp-json\/wp\/v2\/categories?post=2805"},{"taxonomy":"post_tag","embeddable":true,"href":"https:\/\/fmmural91.uno\/2024\/wp-json\/wp\/v2\/tags?post=2805"}],"curies":[{"name":"wp","href":"https:\/\/api.w.org\/{rel}","templated":true}]}}