{"id":2882,"date":"2026-07-26T09:17:42","date_gmt":"2026-07-26T12:17:42","guid":{"rendered":"https:\/\/fmmural91.uno\/2024\/?p=2882"},"modified":"2026-07-26T09:17:43","modified_gmt":"2026-07-26T12:17:43","slug":"panorama-politico-3","status":"publish","type":"post","link":"https:\/\/fmmural91.uno\/2024\/panorama-politico-3\/","title":{"rendered":"Panorama pol\u00edtico"},"content":{"rendered":"\n<h1 class=\"wp-block-heading\">Lula y el espejo del peronismo: una elecci\u00f3n crucial contra los peones de Trump<\/h1>\n\n\n\n<p class=\"wp-block-paragraph\">El l\u00edder del PT teme que Estados Unidos intervenga para beneficiar a Bolsonaro como hizo con Milei en 2025. Los di\u00e1logos del presidente de Brasil con Kicillof y CFK. La derecha est\u00e1 dividida, pero los ingresos y la morosidad r\u00e9cord pueden complicar al oficialismo. \u00bfWashington y Wall Street pueden torcer la elecci\u00f3n?<\/p>\n\n\n\n<p class=\"wp-block-paragraph\">Por <a href=\"https:\/\/www.eldestapeweb.com\/perfil\/diego-genoud\">Diego Genoud<\/a>   &#8211;   Fuente: <a href=\"https:\/\/www.eldestapeweb.com\/\">https:\/\/www.eldestapeweb.com\/<\/a>   &#8211;   26 de julio, 2026<\/p>\n\n\n\n<p class=\"wp-block-paragraph\"><strong>Luiz In\u00e1cio Lula da Silva se lo pregunto a Axel Kicillof, la \u00faltima vez que se vieron. \u201c\u00bfVos pens\u00e1s que se van a animar a hacer ac\u00e1 lo que hicieron all\u00e1?\u201d.<\/strong>&nbsp;En busca de su cuarto mandato, al presidente de Brasil le preocupa desde hace meses la posibilidad de que Donald Trump y su gobierno decidan intervenir en la campa\u00f1a en forma directa como lo hicieron en&nbsp;<a href=\"https:\/\/www.eldestapeweb.com\/politica\/milei-delito-reincidente-empeoro-menem-202672413200\">Argentina&nbsp;<\/a>en 2025. Lula mir\u00f3 con una mezcla de atenci\u00f3n e incredulidad el operativo salvataje que Scott Bessent lanz\u00f3 en septiembre pasado para frenar la corrida cambiaria y rescatar a Milei.&nbsp;<\/p>\n\n\n\n<p class=\"wp-block-paragraph\">M\u00c1S INFO<\/p>\n\n\n\n<figure class=\"wp-block-image\"><img decoding=\"async\" src=\"https:\/\/cdn.eldestapeweb.com\/eldestape\/052026\/1778594196406\/milei-caputo-png..webp?cw=375&amp;ch=211&amp;extw=jpg\" alt=\"Milei, su delito reincidente y c\u00f3mo empeor\u00f3 a Menem\"\/><\/figure>\n\n\n\n<p class=\"wp-block-paragraph\"><a href=\"https:\/\/www.eldestapeweb.com\/politica\/milei-delito-reincidente-empeoro-menem-202672413200?utm_medium=internal&amp;utm_source=Notapropia&amp;utm_campaign=Nota_Propia\"><\/a><\/p>\n\n\n\n<p class=\"wp-block-paragraph\"><a href=\"https:\/\/www.eldestapeweb.com\/politica\/milei-delito-reincidente-empeoro-menem-202672413200\">Crisis<\/a><\/p>\n\n\n\n<p class=\"wp-block-paragraph\"><a href=\"https:\/\/www.eldestapeweb.com\/politica\/milei-delito-reincidente-empeoro-menem-202672413200?utm_medium=internal&amp;utm_source=Notapropia&amp;utm_campaign=Nota_Propia\">Milei, su delito reincidente y c\u00f3mo empeor\u00f3 a Menem<\/a><\/p>\n\n\n\n<p class=\"wp-block-paragraph\"><a href=\"https:\/\/www.eldestapeweb.com\/perfil\/ari-lijalad\">Por&nbsp;Ari Lijalad<\/a><\/p>\n\n\n\n<p class=\"wp-block-paragraph\">Despu\u00e9s del contacto con el gobernador bonaerense, el presidente de Brasil visit\u00f3 a Trump en la Casa Blanca y tuvo varios encuentros con \u00e9l en cumbres internacionales en que pareci\u00f3 un acercamiento. Pero las tensiones regresaron en los \u00faltimos meses.&nbsp;<strong>Trump nunca es garant\u00eda y su figura genera rechazo en un pa\u00eds donde el nacionalismo tiene bases econ\u00f3micas muy arraigadas.<\/strong><\/p>\n\n\n\n<p class=\"wp-block-paragraph\"><strong>En la \u00faltima semana, los nuevos aranceles que anunci\u00f3 la Oficina del Representante de Comercio de Estados Unidos (USTR), Lula sali\u00f3 a responder muy fuerte contra Marco Rubio&nbsp;<\/strong>y reforz\u00f3 el perfil de&nbsp;campa\u00f1a en la que&nbsp;<a href=\"https:\/\/www.eldestapeweb.com\/internacionales\/trump-cuestiono-urnas-electronicas-brasil-lula-respondio-firme-quien-meta-nuestras-elecciones-pagara-caro-2026725175130\">le rinde confrontar&nbsp;<\/a>con el gobierno de Estados Unidos.&nbsp;La nueva ronda de aranceles apunt\u00f3 contra maquinaria agr\u00edcola, az\u00facar, etanol, madera, papel y calzado brasile\u00f1os.&nbsp;<strong>La ofensiva conspira contra la base de la familia Bolsonaro<\/strong>. Lula denunci\u00f3 hace algunos d\u00edas a los \u201ctraidores\u201d que van a Washington a pedir sanciones contra su gobierno, pero lo cierto es que los aranceles pegan directo en sectores del agro que respaldan a Flavio Bolsonaro. Aunque las&nbsp;<a href=\"https:\/\/www.eldestapeweb.com\/internacionales\/economia---brasil-no-llorara-por-lo-que-no-pueda-venderse-a-ee-uu-por-los-aranceles-y-buscara-nuevos-compradores-20267239010\">barreras comerciales<\/a>&nbsp;no est\u00e1n direccionadas a Brasil, est\u00e1 claro que Trump apuesta por el hijo de Jair Bolsonaro.&nbsp;<\/p>\n\n\n\n<p class=\"wp-block-paragraph\">\u00bfQu\u00e9 m\u00e1s puede hacer el gobierno de Estados Unidos para incidir en la elecci\u00f3n?&nbsp;<strong>Un ex funcionario del peronismo que visit\u00f3 Brasil tres veces este a\u00f1o dice que la capacidad de da\u00f1o del trumpismo es menor porque el real es una moneda bastante m\u00e1s estable que el peso<\/strong>. Pero advierte sobre la posibilidad de que los fondos de inversi\u00f3n que aprovechan las altas tasas de inter\u00e9s para hacer carry trade en el pa\u00eds de Lula salgan de repente y generen inestabilidad en la plaza local.&nbsp;<strong>\u201cEst\u00e1 todo Wall Street ah\u00ed\u201d, dice.&nbsp;<\/strong><\/p>\n\n\n\n<p class=\"wp-block-paragraph\">Otro ex funcionario, que trabaj\u00f3 muchos a\u00f1os en Washington, interpreta los movimientos del Departamento de Estado: dice que&nbsp;<strong>Rubio busca con desesperaci\u00f3n salir de la encerrona en que se meti\u00f3 Trump en Ir\u00e1n y para eso le sirve confrontar con Lula.<\/strong>&nbsp;Sin embargo, se\u00f1ala algo importante: el cubano-americano Rubio no conoce Sudam\u00e9rica como al Caribe y en esta parte del mundo juega de visitante.&nbsp;<\/p>\n\n\n\n<p class=\"wp-block-paragraph\">El secretario General de la Presidencia, Guilherme Boulos, denunci\u00f3 en las \u00faltimas horas que el gobierno de Brasil teme una intervenci\u00f3n directa del trumpismo, un proceso de manipulaci\u00f3n de algoritmos a trav\u00e9s de las big tech.&nbsp;En enero de 2023, cuando los partidarios de Bolsonaro asaltaron el Planalto, el Congreso y el Tribunal Superior de Justicia, Steve Bannon defini\u00f3 a los golpistas en sus redes como \u201cluchadores por la libertad\u201d.<\/p>\n\n\n\n<p class=\"wp-block-paragraph\">M\u00c1S INFO<\/p>\n\n\n\n<figure class=\"wp-block-image\"><img decoding=\"async\" src=\"https:\/\/cdn.eldestapeweb.com\/eldestape\/062026\/1781304546196.webp?cw=375&amp;ch=211&amp;extw=jpg\" alt=\"La campa\u00f1a anti Brasil del bolsonarismo y el giro en la estrategia de Lula\"\/><\/figure>\n\n\n\n<p class=\"wp-block-paragraph\"><a href=\"https:\/\/www.eldestapeweb.com\/internacionales\/campana-anti-brasil-bolsonarismo-giro-estrategia-partido-lula-20267241950?utm_medium=internal&amp;utm_source=Notapropia&amp;utm_campaign=Nota_Propia\"><\/a><\/p>\n\n\n\n<p class=\"wp-block-paragraph\"><a href=\"https:\/\/www.eldestapeweb.com\/internacionales\/campana-anti-brasil-bolsonarismo-giro-estrategia-partido-lula-20267241950\">Elecciones en Brasil<\/a><\/p>\n\n\n\n<p class=\"wp-block-paragraph\"><a href=\"https:\/\/www.eldestapeweb.com\/internacionales\/campana-anti-brasil-bolsonarismo-giro-estrategia-partido-lula-20267241950?utm_medium=internal&amp;utm_source=Notapropia&amp;utm_campaign=Nota_Propia\">La campa\u00f1a anti Brasil del bolsonarismo y el giro en la estrategia de Lula<\/a><\/p>\n\n\n\n<p class=\"wp-block-paragraph\"><a href=\"https:\/\/www.eldestapeweb.com\/perfil\/dacil-lanza\">Por&nbsp;Dacil Lanza<\/a><\/p>\n\n\n\n<p class=\"wp-block-paragraph\"><strong>La visita de&nbsp;<a href=\"https:\/\/www.eldestapeweb.com\/politica\/milei-fue-brasil-apoyar-flavio-bolsonaro-insultar-lula-zurdos-202672514316\">Milei<\/a>&nbsp;a Flavio Bolsonaro y los insultos contra la \u201cbasura socialista\u201d confirman que la internacional trumpista se juega mucho en Brasil.<\/strong>&nbsp;Aunque la regi\u00f3n mut\u00f3 en los \u00faltimos a\u00f1os a pedir de Trump, el gigante de Sudam\u00e9rica funciona para Estados Unidos como sin\u00f3nimo de estabilidad. Concentra la mitad de la poblaci\u00f3n y comparte fronteras con todos los pa\u00edses de Am\u00e9rica del Sur salvo Chile y Ecuador.&nbsp;<strong>Si Bolsonaro&nbsp;pierde en Brasil, las r\u00e9plicas llegar\u00e1n hasta Washington en el momento m\u00e1s complicado para Trump, a d\u00edas de las elecciones legislativas en las que se juega su suerte.&nbsp;<\/strong><\/p>\n\n\n\n<p class=\"wp-block-paragraph\">La audacia con la que Milei ejerce su rol de pe\u00f3n de la extrema derecha lo llev\u00f3 a Brasil para visitar al candidato opositor que corre detr\u00e1s en las encuestas y genera recelo en distintas facciones de la derecha. Milei tambi\u00e9n visit\u00f3 al gobernador de San Pablo,&nbsp;<strong>Tarc\u00edsio de Freitas, uno de los rivales internos de Bolsonaro.<\/strong>&nbsp;El gobernador paulista fue mencionado como candidato a presidente y hasta se especul\u00f3 con una f\u00f3rmula con Michelle Bolsonaro, la mujer del ex presidente que se lleva p\u00e9simo con su hijastro. Freitas, que era el candidato del Centrao, un espacio tarifado que se vende al mejor postor, tambi\u00e9n tom\u00f3 nota en los \u00faltimos tiempos de que Trump es una mochila de plomo en Brasil. A partir de ah\u00ed, dej\u00f3 de usar la gorra del Movimiento MAGA que utilizaba en sus actos.<\/p>\n\n\n\n<p class=\"wp-block-paragraph\">Brasil tiene demasiado en com\u00fan con Argentina y no solo porque es su principal socio comercial y el principal destino de sus exportaciones r\u00e9cord. Con el alto nivel de rechazo que registra en las encuestas, la divisi\u00f3n de la derecha argentina le puede costar&nbsp;caro a Milei.&nbsp;<\/p>\n\n\n\n<p class=\"wp-block-paragraph\">El resultado de octubre tiene una importancia continental. Cristina Fern\u00e1ndez de Kirchner tambi\u00e9n observa lo que est\u00e1 pasando al otro lado de la frontera. Detenida como en su momento lo estuvo Lula, la ex presidenta est\u00e1 convencida de que su situaci\u00f3n es un calco de la que vivi\u00f3 el ex sindicalista.<strong>&nbsp;\u201cA \u00e9l le hicieron lo mismo que a m\u00ed\u201d, le dijo CFK a uno de sus colaboradores despu\u00e9s de la visita que Lula hizo a San Jos\u00e9 1111 en 2025.<\/strong>&nbsp;Entonces, el hist\u00f3rico l\u00edder del PT le dio una recomendaci\u00f3n especial: \u201cNo dejes de hacer ejercicio. Tenes que estar bien f\u00edsicamente\u201d, le insisti\u00f3. Cristina cumpli\u00f3 en forma religiosa, dicen a su lado.&nbsp;<\/p>\n\n\n\n<p class=\"wp-block-paragraph\"><strong>En los \u00faltimos a\u00f1os, las escenas de Brasil se anticiparon a las de Argentina.&nbsp;<\/strong>Cuando Lula fue detenido, en abril de 2018 -cuatro meses antes de la victoria de Bolsonaro-, dirigentes cercanos a Cristina dec\u00edan que una situaci\u00f3n como esa era imposible de este lado de la frontera sin una fenomenal reacci\u00f3n social.&nbsp;<strong>Ahora ella lleva 404 d\u00edas en San Jos\u00e9 1111, privada de su libertad, inhabilitada de por vida para ser candidata y con gran parte del peronismo en estado de indiferencia.&nbsp;<\/strong>Lula pas\u00f3 580 d\u00edas detenido en una peque\u00f1a celda de la c\u00e1rcel de Curitiba hasta que las propias \u00e9lites empresarias que impulsaron su condena activaron un movimiento inverso para ponerle fin a la aventura de Bolsonaro en el poder.&nbsp;<\/p>\n\n\n\n<p class=\"wp-block-paragraph\">Figura excepcional en la historia de Am\u00e9rica Latina, Lula ahora va por su cuarto mandato en una elecci\u00f3n que est\u00e1 abierta.&nbsp;<strong>Dos factores pueden complicar al presidente de Brasil.<\/strong>&nbsp;Por un lado, los altos niveles de morosidad que registran las familias producto de una epidemia de apuestas online que sembr\u00f3 el pa\u00eds de nuevos deudores.&nbsp;<strong>Brasil tiene 81 millones de morosos y se estima que el 80% de las familias tiene alg\u00fan tipo de deuda.<\/strong>&nbsp;Lula cambi\u00f3 al presidente del Banco Central que hab\u00eda heredado de Bolsonaro padre -Roberto Campos Neto-, pero su reemplazante Gabriel Gal\u00edpolo no logr\u00f3 reducir el nivel de las tasas. Por otro lado, el nivel de los salarios que corre, en muchos casos, por detr\u00e1s del costo de vida.&nbsp;<\/p>\n\n\n\n<p class=\"wp-block-paragraph\">A eso se suma una escena de fondo que describen con precisi\u00f3n Fabio Barbosa Dos Santos y Daniel Feldmann en el libro \u201c<strong>Brasil autof\u00e1gico. Aceleraci\u00f3n y contenci\u00f3n entre Lula y Bolsonaro\u201d.<\/strong>\u00a0Publicado por la editorial Tinta Lim\u00f3n hace algunos a\u00f1os, el libro explica un activo crucial de la extrema derecha en la regi\u00f3n:<strong>\u00a0la politizaci\u00f3n (odiosa) del resentimiento social.<\/strong>\u00a0\u201cAl dar expresi\u00f3n y direcci\u00f3n al resentimiento social que produce la crisis permanente, esa derecha reivindica una autenticidad perversa pero real. El mundo de la guerra de todos contra todos no es color de rosa y aquellos que admiten su crueldad aparecen como verdaderos y hasta subversivos, en contraste con las promesas siempre incumplidas de los diferentes tonos del orden. Esa derecha no remedia la frustraci\u00f3n ni gestiona la crisis: gobierna a trav\u00e9s de ellas\u201d, dicen los autores.\u00a0<a href=\"https:\/\/www.eldestapeweb.com\/politica\/milei-seleccion-gobierno-antipopular-orgulloso-mundo-20267190511?utm_medium=internal&amp;utm_source=Notapropia&amp;utm_campaign=Nota_Propia\"><\/a><\/p>\n\n\n\n<p class=\"wp-block-paragraph\">Hoy hasta los mediadores aceptan que la relaci\u00f3n entre Lula y Trump no va a mejorar antes de las elecciones. En el encuentro de&nbsp;<a href=\"https:\/\/www.eldestapeweb.com\/internacionales\/tras-meses-de-tension-y-criticas-cruzadas-trump-recibio-a-lula-en-la-casa-blanca-202657154553\">mayo<\/a>, el republicano logr\u00f3 un acuerdo para el caf\u00e9 y la carne, los dos temas que considera prioritarios para reducir la inflaci\u00f3n y que siguen a salvo de la guerra arancelaria. En el acercamiento fue clave el rol del magnate brasile\u00f1o<strong>&nbsp;Joesley Batista<\/strong>, due\u00f1o de la mayor empresa c\u00e1rnica del mundo, JBS. Una de sus ramas en Estados Unidos, Pilgrim&#8217;s Pride, fue el mayor donante individual al comit\u00e9 inaugural de Trump en 2023, con una contribuci\u00f3n de 5 millones de d\u00f3lares. Batista est\u00e1 ahora enfocado en hacer negocios en la Venezuela de Delcy Rodr\u00edguez.&nbsp;<\/p>\n\n\n\n<p class=\"wp-block-paragraph\">La importancia de la regi\u00f3n para el esquema de Washington est\u00e1 clara. La visita de Kristalina Georgieva a Buenos Aires y Vaca Muerta lo confirma. La directora gerente del FMI viene por primera vez a la Argentina pero llega sin otro motivo que el de expresar un gesto pol\u00edtico.&nbsp;<strong>El mensaje es claro: si hace falta, el principal acreedor de la Argentina puede darle una dosis adicional de deuda al gobierno de Milei antes de las elecciones<\/strong>. Con sus pron\u00f3sticos de&nbsp;<a href=\"https:\/\/www.eldestapeweb.com\/economia\/vocero-presidencial-admitio-dolar-podria-llegar-1-800-meses-2026724988\">d\u00f3lar a 1800<\/a>, el vocero Adrian Ravier hizo un ins\u00f3lito llamado a la inestabilidad. Si su antecesora Christine Lagarde no pudo enamorar a los argentinos, Georgieva cuenta con otras virtudes. Es un camale\u00f3n que, durante el gobierno del Frente de Todos, asisti\u00f3 a un encuentro en el Vaticano organizado por el Papa Francisco para condenar el endeudamiento y que ahora usa un pin de la motosierra.<\/p>\n\n\n\n<p class=\"wp-block-paragraph\">Milei deber\u00eda conversar con Bolsonaro y Tarcisio Freitas sobre los riesgos de una derecha dividida en campa\u00f1a. Su nivel de popularidad es bajo y todav\u00eda tiene que negociar una alianza con Mauricio Macri. Mientras Jorge Macri busca cerrar un acuerdo con la Casa Rosada, su primo eval\u00faa otros candidatos para reemplazarlo a \u00e9l. Despu\u00e9s del Mundial al que asisti\u00f3 con Dario Wasserman, Daniel Angelici decidi\u00f3 estirar su estad\u00eda en el exterior y no quiere volver.&nbsp;<strong>Est\u00e1 cansado de actuar el papel de La Celestina entre los primos Macri.<\/strong>&nbsp;As\u00ed lo cuentan los sobrevivientes del macrismo que hablan con \u00e9l.&nbsp;<strong>Mauricio y Jorge no se hablan.<\/strong>&nbsp;Cuando Gabriel S\u00e1nchez Zinny organiza reuniones sobre gesti\u00f3n en Inteligencia Artificial, los dos participan del mismo \u00e1mbito. Pero cuando el encuentro termina, cada uno se va para su lado. Los defensores del PRO cuentan que Jorge prefiere no hablar con Mauricio y ven un deja vu que recuerda el no di\u00e1logo del ex presidente con Horacio Rodr\u00edguez Larreta. \u00bfEl ingeniero prefiere a Larreta antes que a su primo? \u00bfEn su laboratorio tambi\u00e9n especula con que Diego Santilli tenga que regresar a la ciudad como prenda de unidad? Hasta ahora todos sus planes fracasaron, pero tal vez Milei lo necesite en la recta final de la campa\u00f1a.<\/p>\n\n\n\n<p class=\"wp-block-paragraph\">Del lado de la oposici\u00f3n, el peronismo es una inc\u00f3gnita y los cruces no se terminan. El gobernador de La Rioja, Ricardo Quintela, tiene una meta ambiciosa para los pr\u00f3ximos d\u00edas: reunir a Maximo Kirchner y Axel Kicillof en los actos de homenaje a Monse\u00f1or Enrique Angelelli, el obispo asesinado durante la \u00faltima dictadura militar que Francisco declar\u00f3 m\u00e1rtir y beato.&nbsp;<\/p>\n\n\n\n<ul class=\"wp-block-list\">\n<li><a href=\"https:\/\/www.eldestapeweb.com\/tag\/panorama-politico\">Panorama pol\u00edtico<\/a><\/li>\n\n\n\n<li><a href=\"https:\/\/www.eldestapeweb.com\/tag\/javier-milei-presidente\">Javier Milei presidente<\/a><\/li>\n\n\n\n<li><a href=\"https:\/\/www.eldestapeweb.com\/tag\/donald-trump\">Donald Trump<\/a><\/li>\n\n\n\n<li><a href=\"https:\/\/www.eldestapeweb.com\/tag\/axel-kicillof\">Axel Kicillof<\/a><\/li>\n\n\n\n<li><a href=\"https:\/\/www.eldestapeweb.com\/tag\/marco-rubio\">Marco Rubio<\/a><\/li>\n\n\n\n<li><a href=\"https:\/\/www.eldestapeweb.com\/tag\/peronismo\">Peronismo<\/a><\/li>\n\n\n\n<li><a href=\"https:\/\/www.eldestapeweb.com\/tag\/originales\">Originales<\/a><\/li>\n\n\n\n<li><a href=\"https:\/\/www.eldestapeweb.com\/tag\/el-destape-radio\">El Destape Radio<\/a><\/li>\n\n\n\n<li><a href=\"https:\/\/www.eldestapeweb.com\/tag\/luiz-inacio-lula-da-silva\">Luiz In\u00e1cio Lula da Silva<\/a><\/li>\n\n\n\n<li><a href=\"https:\/\/www.eldestapeweb.com\/tag\/cristina-kirchner\">Cristina Kirchner<\/a><\/li>\n<\/ul>\n","protected":false},"excerpt":{"rendered":"<p>Lula y el espejo del peronismo: una elecci\u00f3n crucial contra los peones de Trump El l\u00edder del PT teme que Estados Unidos intervenga para beneficiar a Bolsonaro como hizo con Milei en 2025. Los di\u00e1logos del presidente de Brasil con Kicillof y CFK. La derecha est\u00e1 dividida, pero los ingresos y la morosidad r\u00e9cord pueden [&hellip;]<\/p>\n","protected":false},"author":3,"featured_media":2883,"comment_status":"closed","ping_status":"closed","sticky":false,"template":"","format":"standard","meta":{"sync_status":"","episode_type":"","audio_file":"","castos_file_data":"","podmotor_file_id":"","cover_image":"","cover_image_id":"","duration":"","filesize":"","filesize_raw":"","date_recorded":"","explicit":"","block":"","footnotes":""},"categories":[24],"tags":[],"class_list":["post-2882","post","type-post","status-publish","format-standard","has-post-thumbnail","hentry","category-politica"],"_links":{"self":[{"href":"https:\/\/fmmural91.uno\/2024\/wp-json\/wp\/v2\/posts\/2882","targetHints":{"allow":["GET"]}}],"collection":[{"href":"https:\/\/fmmural91.uno\/2024\/wp-json\/wp\/v2\/posts"}],"about":[{"href":"https:\/\/fmmural91.uno\/2024\/wp-json\/wp\/v2\/types\/post"}],"author":[{"embeddable":true,"href":"https:\/\/fmmural91.uno\/2024\/wp-json\/wp\/v2\/users\/3"}],"replies":[{"embeddable":true,"href":"https:\/\/fmmural91.uno\/2024\/wp-json\/wp\/v2\/comments?post=2882"}],"version-history":[{"count":1,"href":"https:\/\/fmmural91.uno\/2024\/wp-json\/wp\/v2\/posts\/2882\/revisions"}],"predecessor-version":[{"id":2884,"href":"https:\/\/fmmural91.uno\/2024\/wp-json\/wp\/v2\/posts\/2882\/revisions\/2884"}],"wp:featuredmedia":[{"embeddable":true,"href":"https:\/\/fmmural91.uno\/2024\/wp-json\/wp\/v2\/media\/2883"}],"wp:attachment":[{"href":"https:\/\/fmmural91.uno\/2024\/wp-json\/wp\/v2\/media?parent=2882"}],"wp:term":[{"taxonomy":"category","embeddable":true,"href":"https:\/\/fmmural91.uno\/2024\/wp-json\/wp\/v2\/categories?post=2882"},{"taxonomy":"post_tag","embeddable":true,"href":"https:\/\/fmmural91.uno\/2024\/wp-json\/wp\/v2\/tags?post=2882"}],"curies":[{"name":"wp","href":"https:\/\/api.w.org\/{rel}","templated":true}]}}