{"id":2893,"date":"2026-07-31T09:38:46","date_gmt":"2026-07-31T12:38:46","guid":{"rendered":"https:\/\/fmmural91.uno\/2024\/?p=2893"},"modified":"2026-07-31T09:38:47","modified_gmt":"2026-07-31T12:38:47","slug":"en-la-previa-a-la-extranjerizacion-de-la-tierra-comenzara-el-debate-en-el-senado-por-el-super-rigi","status":"publish","type":"post","link":"https:\/\/fmmural91.uno\/2024\/en-la-previa-a-la-extranjerizacion-de-la-tierra-comenzara-el-debate-en-el-senado-por-el-super-rigi\/","title":{"rendered":"En la previa a la extranjerizaci\u00f3n de la tierra, comenzar\u00e1 el debate en el Senado por el Super RIGI"},"content":{"rendered":"\n<p class=\"wp-block-paragraph\">El mi\u00e9rcoles, tres comisiones de la C\u00e1mara alta se reunir\u00e1n para debatir el proyecto que habilita iniciativas de \u00abnuevas actividades econ\u00f3micas\u00bb. Qu\u00e9 necesita el oficialismo para el dictamen.<\/p>\n\n\n\n<p class=\"wp-block-paragraph\"><a href=\"https:\/\/www.eldestapeweb.com\/perfil\/federico-pokorowski\">Por\u00a0Federico Pokorowski<\/a>\u00a0   &#8211;   Fuente: <a href=\"https:\/\/www.eldestapeweb.com\/\">https:\/\/www.eldestapeweb.com\/<\/a>   &#8211;   31 de julio, 2026<\/p>\n\n\n\n<p class=\"wp-block-paragraph\">La semana que viene se reactivar\u00e1 la actividad en el Congreso, tras el fin del receso informal de invierno, con la reanudaci\u00f3n, el jueves, de la sesi\u00f3n del\u00a0<a href=\"https:\/\/www.eldestapeweb.com\/politica\/lla-cree-sale-ley-extranjerizacion-tierra-poroteo-esta-filo-20267300516\">Senado\u00a0<\/a>por el proyecto de Inviolabilidad de la Propiedad Privada, que facilita la extranjerizaci\u00f3n de la tierra. Sin embargo, un d\u00eda antes,\u00a0<strong>las comisiones de la C\u00e1mara alta comenzar\u00e1n el debate del denominado \u00abSuper RIGI\u00bb, que ya tiene media sanc\u00ed\u00f3n en Diputados.<\/strong><\/p>\n\n\n\n<figure class=\"wp-block-image size-full\"><a href=\"https:\/\/fmmural91.uno\/2024\/wp-content\/uploads\/2026\/07\/Captura-de-pantalla-2026-07-31-085601.png\"><img fetchpriority=\"high\" decoding=\"async\" width=\"972\" height=\"542\" src=\"https:\/\/fmmural91.uno\/2024\/wp-content\/uploads\/2026\/07\/Captura-de-pantalla-2026-07-31-085601.png\" alt=\"\" class=\"wp-image-2894\" srcset=\"https:\/\/fmmural91.uno\/2024\/wp-content\/uploads\/2026\/07\/Captura-de-pantalla-2026-07-31-085601.png 972w, https:\/\/fmmural91.uno\/2024\/wp-content\/uploads\/2026\/07\/Captura-de-pantalla-2026-07-31-085601-559x312.png 559w, https:\/\/fmmural91.uno\/2024\/wp-content\/uploads\/2026\/07\/Captura-de-pantalla-2026-07-31-085601-768x428.png 768w\" sizes=\"(max-width: 972px) 100vw, 972px\" \/><\/a><\/figure>\n\n\n\n<p class=\"wp-block-paragraph\">El mi\u00e9rcoles a las 15.30, se realizar\u00e1 el plenario de las comisiones de Presupuesto y Hacienda, Econom\u00eda Nacional e Inversi\u00f3n y Legislaci\u00f3n General para el tratamiento del denominado Super RIGI.\u00a0<strong>Fuentes del bloque de LLA comentaron a\u00a0<em>El Destape<\/em>\u00a0que creen que tienen las firmas para dictaminar<\/strong>.<\/p>\n\n\n\n<p class=\"wp-block-paragraph\"><strong>Las tres comisiones reunen 51 firmas y LLA tiene 15<\/strong>. Deber\u00e1 apelar a los socios tradicionales, la Uni\u00f3n C\u00edvica Radical (UCR), el PRO y los bloques provinciales para obtener la mitad m\u00e1s uno para dictaminar.<\/p>\n\n\n\n<p class=\"wp-block-paragraph\"><strong>\u00abHay predisposici\u00f3n para el di\u00e1logo y coincidencia sobre la importancia de apuntalar a la producci\u00f3n y el desarrollo\u00bb,<\/strong>&nbsp;adelantaron a este medio voces boinas blancas, que recordaron que senadores de su bloque presentaron \u00abproyectos en esa sinton\u00eda de potenciar las inversiones, con distintas escalas y focos\u00bb.&nbsp;Por&nbsp;el lado del partido de<strong>&nbsp;Mauricio Macri&nbsp;<\/strong>avisaron que comenzar\u00e1n a ver el expediente el miercoles, aunque recuerdan el criterio tomado en la C\u00e1mara de Diputados, en la que acompa\u00f1aron el expediente.<\/p>\n\n\n\n<p class=\"wp-block-paragraph\">M\u00c1S INFO<\/p>\n\n\n\n<figure class=\"wp-block-image\"><img decoding=\"async\" src=\"https:\/\/cdn.eldestapeweb.com\/eldestape\/122025\/1766786717435.webp?cw=375&amp;ch=211&amp;extw=jpg\" alt=\"LLA cree que sale ley de extranjerizaci\u00f3n de la tierra, pero el poroteo est\u00e1 al filo\"\/><\/figure>\n\n\n\n<p class=\"wp-block-paragraph\"><a href=\"https:\/\/www.eldestapeweb.com\/politica\/lla-cree-sale-ley-extranjerizacion-tierra-poroteo-esta-filo-20267300516?utm_medium=internal&amp;utm_source=Notapropia&amp;utm_campaign=Nota_Propia\"><\/a><\/p>\n\n\n\n<p class=\"wp-block-paragraph\"><a href=\"https:\/\/www.eldestapeweb.com\/tag\/ley-de-tierras\">Ley de Tierras<\/a><\/p>\n\n\n\n<p class=\"wp-block-paragraph\"><a href=\"https:\/\/www.eldestapeweb.com\/politica\/lla-cree-sale-ley-extranjerizacion-tierra-poroteo-esta-filo-20267300516?utm_medium=internal&amp;utm_source=Notapropia&amp;utm_campaign=Nota_Propia\">LLA cree que sale ley de extranjerizaci\u00f3n de la tierra, pero el poroteo est\u00e1 al filo<\/a><\/p>\n\n\n\n<p class=\"wp-block-paragraph\"><a href=\"https:\/\/www.eldestapeweb.com\/perfil\/federico-pokorowski\">Por&nbsp;Federico Pokorowski<\/a><\/p>\n\n\n\n<p class=\"wp-block-paragraph\">La comisi\u00f3n de Hacienda y Presupuesto tienen tres vacantes, que le corresponder\u00edan al bloque Justicialista,&nbsp;<strong>pero estos sostienen que le corresponden m\u00e1s lugares a ra\u00edz de la cantidad de integrantes que tienen<\/strong>.<\/p>\n\n\n\n<p class=\"wp-block-paragraph\"><strong>En plan del oficialismo es tener una segunda sesi\u00f3n en agosto.<\/strong>&nbsp;En esas se especula que puede ingresar el proyecto de vaciamiento de Zona Fr\u00eda, el de ley de Hojarasca y el de salud mental, aunque este \u00faltimo todav\u00eda necesita dictamen de comisiones. Los otros dos anteriores, adem\u00e1s, ya cuentan con media sanci\u00f3n de Diputados.<\/p>\n\n\n\n<p class=\"wp-block-paragraph\">Estos temas estaban previstos para el 6 de agosto, aunque el cuarto intermedio por la ley de Inviolabilidad de la Propiedad Privada, oblig\u00f3 a posponer esa potencial sesi\u00f3n. Tambi\u00e9n integraba el temario el proyecto de \u00abfalsas denuncias\u00bb, que impuls\u00f3 la senadora radical&nbsp;<strong>Carolina Losada<\/strong>, aunque&nbsp;<strong>en el oficialismo descreen que haya vocaci\u00f3n para apoyarlo<\/strong>.<\/p>\n\n\n\n<p class=\"wp-block-paragraph\">El nuevo R\u00e9gimen de Incentivo a las Grandes Inversiones&nbsp;(<a href=\"https:\/\/www.eldestapeweb.com\/economia\/rigi-inversiones-reales-no-llegan-5-argentina-quedo-ultima-region-2026526141450\">RIGI<\/a>)&nbsp;<strong>fue&nbsp;<a href=\"https:\/\/www.eldestapeweb.com\/politica\/pedir-lla-aliados-diputados-aprobo-super-rigi-pago-buitres-nuevo-salvavidas-adorni-2026624234048\">aprobado&nbsp;<\/a>el 24 de junio en Diputados con&nbsp;130 votos a favor, 106 en contra y 7 abstenciones<\/strong>. La iniciativa establece la prioridad para las \u00abnuevas actividades econ\u00f3micas\u00bb, a las que define como&nbsp;<strong>\u00abtodo proyecto industrial, tecnol\u00f3gico o de prestaciones de servicios vinculadas a infraestructura tecnol\u00f3gica y digital estrat\u00e9gica,&nbsp;<\/strong>con impacto transformador en la estructura productiva nacional que, a la fecha de entrada en vigencia de la presente ley, no se desarrolle, produzca ni preste en el pa\u00eds, o cuyo grado de desarrollo resulte experimental o piloto, en los t\u00e9rminos que establezca la reglamentaci\u00f3n\u00bb.<\/p>\n\n\n\n<ul class=\"wp-block-list\">\n<li><a href=\"https:\/\/www.eldestapeweb.com\/tag\/congreso\">Congreso<\/a><\/li>\n\n\n\n<li><a href=\"https:\/\/www.eldestapeweb.com\/tag\/senado\">Senado<\/a><\/li>\n\n\n\n<li><a href=\"https:\/\/www.eldestapeweb.com\/tag\/rigi\">RIGI<\/a><\/li>\n\n\n\n<li><a href=\"https:\/\/www.eldestapeweb.com\/tag\/javier-milei-presidente\">Javier Milei presidente<\/a><\/li>\n\n\n\n<li><a href=\"https:\/\/www.eldestapeweb.com\/tag\/originales\">Originales<\/a><\/li>\n<\/ul>\n","protected":false},"excerpt":{"rendered":"<p>El mi\u00e9rcoles, tres comisiones de la C\u00e1mara alta se reunir\u00e1n para debatir el proyecto que habilita iniciativas de \u00abnuevas actividades econ\u00f3micas\u00bb. Qu\u00e9 necesita el oficialismo para el dictamen. Por\u00a0Federico Pokorowski\u00a0 &#8211; Fuente: https:\/\/www.eldestapeweb.com\/ &#8211; 31 de julio, 2026 La semana que viene se reactivar\u00e1 la actividad en el Congreso, tras el fin del receso informal [&hellip;]<\/p>\n","protected":false},"author":3,"featured_media":2895,"comment_status":"closed","ping_status":"closed","sticky":false,"template":"","format":"standard","meta":{"sync_status":"","episode_type":"","audio_file":"","castos_file_data":"","podmotor_file_id":"","cover_image":"","cover_image_id":"","duration":"","filesize":"","filesize_raw":"","date_recorded":"","explicit":"","block":"","footnotes":""},"categories":[24],"tags":[],"class_list":["post-2893","post","type-post","status-publish","format-standard","has-post-thumbnail","hentry","category-politica"],"_links":{"self":[{"href":"https:\/\/fmmural91.uno\/2024\/wp-json\/wp\/v2\/posts\/2893","targetHints":{"allow":["GET"]}}],"collection":[{"href":"https:\/\/fmmural91.uno\/2024\/wp-json\/wp\/v2\/posts"}],"about":[{"href":"https:\/\/fmmural91.uno\/2024\/wp-json\/wp\/v2\/types\/post"}],"author":[{"embeddable":true,"href":"https:\/\/fmmural91.uno\/2024\/wp-json\/wp\/v2\/users\/3"}],"replies":[{"embeddable":true,"href":"https:\/\/fmmural91.uno\/2024\/wp-json\/wp\/v2\/comments?post=2893"}],"version-history":[{"count":1,"href":"https:\/\/fmmural91.uno\/2024\/wp-json\/wp\/v2\/posts\/2893\/revisions"}],"predecessor-version":[{"id":2896,"href":"https:\/\/fmmural91.uno\/2024\/wp-json\/wp\/v2\/posts\/2893\/revisions\/2896"}],"wp:featuredmedia":[{"embeddable":true,"href":"https:\/\/fmmural91.uno\/2024\/wp-json\/wp\/v2\/media\/2895"}],"wp:attachment":[{"href":"https:\/\/fmmural91.uno\/2024\/wp-json\/wp\/v2\/media?parent=2893"}],"wp:term":[{"taxonomy":"category","embeddable":true,"href":"https:\/\/fmmural91.uno\/2024\/wp-json\/wp\/v2\/categories?post=2893"},{"taxonomy":"post_tag","embeddable":true,"href":"https:\/\/fmmural91.uno\/2024\/wp-json\/wp\/v2\/tags?post=2893"}],"curies":[{"name":"wp","href":"https:\/\/api.w.org\/{rel}","templated":true}]}}