{"id":2897,"date":"2026-07-31T09:53:22","date_gmt":"2026-07-31T12:53:22","guid":{"rendered":"https:\/\/fmmural91.uno\/2024\/?p=2897"},"modified":"2026-07-31T09:55:57","modified_gmt":"2026-07-31T12:55:57","slug":"el-dnu-que-modifica-la-ley-de-migraciones","status":"publish","type":"post","link":"https:\/\/fmmural91.uno\/2024\/el-dnu-que-modifica-la-ley-de-migraciones\/","title":{"rendered":"El DNU que modifica la ley de migraciones"},"content":{"rendered":"\n<h1 class=\"wp-block-heading\">Milei proh\u00edbe los discursos de odio como los que suele proferir<\/h1>\n\n\n\n<p class=\"wp-block-paragraph\">El Presidente restringe el ingreso y residencia de migrantes que emitan mensajes de odio contra la Argentina, sin fundamentar la medida con estad\u00edsticas. Los expertos y organismos de derechos humanos califican el decreto como ilegal.<\/p>\n\n\n\n<p class=\"wp-block-paragraph\"><br>Por\u00a0Luciana Bertoia   &#8211;   Fuente: <a href=\"https:\/\/www.pagina12.com.ar\/\">https:\/\/www.pagina12.com.ar\/<\/a>   &#8211;   31 de julio, 2026<\/p>\n\n\n\n<p class=\"wp-block-paragraph\">Javier Milei se aferra a cualquier provocaci\u00f3n que le haga recuperar centralidad en la agenda pol\u00edtica. Como en otras \u00e9pocas, el Presidente busca sacar r\u00e9dito de la supuesta \u201ccampa\u00f1a antiargentina\u201d que \u00e9l denuncia desde que la selecci\u00f3n argentina perdi\u00f3 la final del Mundial con Espa\u00f1a. A las acusaciones de que este ser\u00eda un pa\u00eds racista, el libertario respondi\u00f3 con un libreto propio del patrioterismo: un Decreto de Necesidad y Urgencia (DNU) que impide el ingreso y excluye de la residencia a quienes emitan mensajes hostiles contra cualquier ciudadano argentino. Organismos de derechos humanos y expertos denuncian la ilegalidad de la norma y la voluntad de hacer de las personas migrantes un chivo expiatorio de un Gobierno que no logra remontar en las encuestas y que empieza a quedar expuesto, ante la opini\u00f3n p\u00fablica, por su sumisi\u00f3n frente a las potencias extranjeras.<\/p>\n\n\n\n<p class=\"wp-block-paragraph\">El Presidente se despach\u00f3 con otro DNU, el 681\/2026, para modificar la ley de Migraciones (23.592) sin pasar por el Congreso \u2013que est\u00e1 en funcionamiento y, en pocos d\u00edas, podr\u00eda debatir la ley de extranjerizaci\u00f3n de la tierra.<\/p>\n\n\n\n<p class=\"wp-block-paragraph\">A trav\u00e9s del nuevo decreto, el Gobierno de La Libertad Avanza (LLA) restringe la posibilidad de ingresar al pa\u00eds y castiga con la expulsi\u00f3n a quienes ya est\u00e1n residiendo aqu\u00ed por una serie de causales: emitir mensajes de odio en forma oral o escrita que inciten a la violencia contra el pueblo argentino o alg\u00fan ciudadano argentino o haber participado en actos de ultraje de s\u00edmbolos patrios nacionales.<\/p>\n\n\n\n<p class=\"wp-block-paragraph\">La justificaci\u00f3n del DNU es escueta, por no decir nula. El texto \u00fanicamente se\u00f1ala que \u201chan aumentado considerablemente los mensajes de odio y actos de hostilidad y menosprecio dirigidos espec\u00edficamente contra el pueblo argentino, su cultura y su identidad nacional\u201d. No hay un solo caso mencionado ni la apelaci\u00f3n a estad\u00edsticas que sustenten la afirmaci\u00f3n.<\/p>\n\n\n\n<p class=\"wp-block-paragraph\">Hac\u00eda tiempo que algunas de las usinas del Gobierno, como la Fundaci\u00f3n Faro, ven\u00edan amplificando una idea sacada del arc\u00f3n de los peores recuerdos: la existencia de una \u201ccampa\u00f1a antiargentina\u201d. El concepto dista de ser nuevo. Fue el que emple\u00f3 la dictadura en 1978 para desacreditar la denuncia que se hac\u00eda en el exterior de que en la Argentina se secuestraba, torturaba y desaparec\u00eda.<\/p>\n\n\n\n<p class=\"wp-block-paragraph\">En el DNU, el Gobierno sostiene que las cr\u00edticas que aparecieron en redes sociales entra\u00f1an un \u201criesgo para todos los argentinos\u201d y una \u201cflagrante violaci\u00f3n de las condiciones de convivencia arm\u00f3nica y paz social\u201d.<\/p>\n\n\n\n<p class=\"wp-block-paragraph\">Dentro del oficialismo se\u00f1alan al asesor Santiago Caputo como el autor intelectual del DNU. Desde sus redes sociales, el consejero del Presidente ven\u00eda poniendo el foco en esta exacerbaci\u00f3n del nacionalismo a ra\u00edz del Mundial, cuando la Casa Rosada qued\u00f3 en offside gracias a un grupo de jugadores que hizo ondear la bandera que dec\u00eda que \u201cLas Malvinas son argentinas\u201d, mientras la ministra de Seguridad, Alejandra Monteoliva, se plegaba a las prohibiciones de ingresar cualquier s\u00edmbolo a las canchas que hiciera presente el reclamo de soberan\u00eda sobre las islas. \u201cEl que putea a la Selecci\u00f3n es antiargentino\u201d, escribi\u00f3 d\u00edas atr\u00e1s Caputo.<\/p>\n\n\n\n<p class=\"wp-block-paragraph\">El DNU habr\u00eda sido redactado, seg\u00fan pudo reconstruir este diario, en la Secretar\u00eda de Legal y T\u00e9cnica y habr\u00eda pasado tambi\u00e9n por la Subsecretar\u00eda de Derechos Humanos \u2013que depende del Ministerio de Justicia\u2013. Las fuerzas celestiales, alineadas detr\u00e1s del asesor presidencial, salieron a ensalzar el DNU tras un anuncio de la Oficina del Presidente.<\/p>\n\n\n\n<p class=\"wp-block-paragraph\">\u201cExcelente\u201d, celebr\u00f3 Agust\u00edn Laje, referente de la Fundaci\u00f3n Faro y uno de los m\u00e1s interesados en instalar la existencia de una \u201ccampa\u00f1a antiargentina\u201d en medios de comunicaci\u00f3n tradicionales. \u201cLos que odian a la Argentina no son bienvenidos\u201d.<\/p>\n\n\n\n<p class=\"wp-block-paragraph\">Las cr\u00edticas contra el DNU recorrieron buena parte del arco pol\u00edtico. Maximiliano Ferraro (Coalici\u00f3n C\u00edvica) y Esteban Paul\u00f3n (Provincias Unidas) lo calificaron como inconstitucional. Lo mismo sostuvo Agust\u00edn Rossi (Uni\u00f3n por la Patria).<\/p>\n\n\n\n<p class=\"wp-block-paragraph\">El constitucionalista Andr\u00e9s Gil Dom\u00ednguez sostuvo que \u201clo paradojal es que con esta normativa Milei no podr\u00eda ingresar a Brasil o a Espa\u00f1a debido a su \u2018discurso de odio\u2019\u201d. La diputada peronista Florencia Carignano, extitular de la Direcci\u00f3n Nacional de Migraciones (DNM), sostuvo que, si se siguieran estos par\u00e1metros, el Presidente tendr\u00eda vedado el ingreso a, al menos, ocho pa\u00edses \u2013entre los que se cuenta Brasil por su reciente diatriba contra su presidente, Luiz In\u00e1cio Lula da Silva, a quien llam\u00f3 \u201cbasura\u201d y \u201cladr\u00f3n\u201d.<\/p>\n\n\n\n<p class=\"wp-block-paragraph\">El abogado Pablo Ceriani Cernadas, que dirige la especializaci\u00f3n en Migraci\u00f3n, Asilo y Derechos Humanos de la Universidad Nacional de Lan\u00fas (UNLa), sostuvo en di\u00e1logo con P\u00e1gina\/12 que el Gobierno no hizo ning\u00fan esfuerzo por dar argumentos o datos que justificaran un DNU.<\/p>\n\n\n\n<p class=\"wp-block-paragraph\">\u201cEs sumamente grave. Le est\u00e1 dando a la DNM una situaci\u00f3n an\u00e1loga a la del Poder Judicial para determinar qu\u00e9 es invitaci\u00f3n a la violencia o al odio. En modo alguno, el Poder Ejecutivo puede tener esa atribuci\u00f3n. Se abre el camino a todo tipo de arbitrariedades\u201d, advirti\u00f3.<\/p>\n\n\n\n<p class=\"wp-block-paragraph\">Otra de las paradojas se\u00f1aladas por Ceriani Cernadas es que el DNU hace referencia a la ley antidiscriminaci\u00f3n. Fue el propio Milei quien disolvi\u00f3 el organismo que se ocupaba de velar por su cumplimiento, el Instituto Nacional contra la Discriminaci\u00f3n, la Xenofobia y el Racismo (Inadi).<\/p>\n\n\n\n<p class=\"wp-block-paragraph\">Luc\u00eda Galoppo, del Centro de Estudios Legales y Sociales (CELS), describi\u00f3 la situaci\u00f3n como preocupante. \u201cNos parece que es una sobreactuaci\u00f3n de la discusi\u00f3n que se viene dando en redes sociales m\u00e1s que una pol\u00edtica p\u00fablica activa, dado que parece dif\u00edcil de implementar\u201d, sostiene.<\/p>\n\n\n\n<p class=\"wp-block-paragraph\">Para la integrante del CELS, hay distintos puntos de preocupaci\u00f3n. Por un lado, el uso de un DNU para saltear la discusi\u00f3n en el Congreso. Por otro lado, el uso de categor\u00edas lo suficientemente vagas como para habilitar una intervenci\u00f3n arbitraria, ya que no se especifica qu\u00e9 se entiende por discursos de odio o cu\u00e1l es la diferencia entre una opini\u00f3n cr\u00edtica \u2013que el Gobierno dice no ser\u00eda alcanzada por las prohibiciones\u2013 y un discurso de odio.<\/p>\n\n\n\n<p class=\"wp-block-paragraph\">Otra pregunta que se hacen en el organismo es si el DNU no abre la posibilidad de un ciberpatrullaje masivo o qu\u00e9 rol tendr\u00e1n las denuncias an\u00f3nimas, como se fomenta con los operativos de control de permanencia, ya que se habla de mensajes escritos u orales. \u201cEstamos evaluando la posibilidad de cuestionarlo en los tribunales\u201d, confi\u00f3 Galoppo.<\/p>\n\n\n\n<p class=\"wp-block-paragraph\">Para la exministra de Seguridad Sabina Frederic, el DNU 681 se encuadra dentro de la pol\u00edtica que viene llevando adelante el Gobierno de LLA. Esto incluye la modificaci\u00f3n de la ley migratoria por decreto y los operativos que viene llevando adelante el Ministerio de Seguridad en un intento de replicar la pol\u00edtica impulsada por Donald Trump en los Estados Unidos.<\/p>\n\n\n\n<p class=\"wp-block-paragraph\">\u201cLa dificultad de aplicar este decreto y la arbitrariedad que se abre es enorme. La pregunta es qui\u00e9n va a hacer el an\u00e1lisis para determinar qu\u00e9 es un discurso de odio. Por otro lado, las fuerzas de seguridad tienen amplias atribuciones para hacer ciberpatrullaje\u201d, a\u00f1adi\u00f3 la antrop\u00f3loga.<\/p>\n\n\n\n<p class=\"wp-block-paragraph\">\u201cEs parad\u00f3jico, adem\u00e1s, que el Gobierno promueve una ley que va contra la soberan\u00eda argentina, pero emite un decreto que empa\u00f1a la historia argentina frente a la poblaci\u00f3n migrante\u201d, concluye Frederic.<\/p>\n","protected":false},"excerpt":{"rendered":"<p>Milei proh\u00edbe los discursos de odio como los que suele proferir El Presidente restringe el ingreso y residencia de migrantes que emitan mensajes de odio contra la Argentina, sin fundamentar la medida con estad\u00edsticas. Los expertos y organismos de derechos humanos califican el decreto como ilegal. Por\u00a0Luciana Bertoia &#8211; Fuente: https:\/\/www.pagina12.com.ar\/ &#8211; 31 de julio, [&hellip;]<\/p>\n","protected":false},"author":3,"featured_media":2898,"comment_status":"closed","ping_status":"closed","sticky":false,"template":"","format":"standard","meta":{"sync_status":"","episode_type":"","audio_file":"","castos_file_data":"","podmotor_file_id":"","cover_image":"","cover_image_id":"","duration":"","filesize":"","filesize_raw":"","date_recorded":"","explicit":"","block":"","footnotes":""},"categories":[24],"tags":[],"class_list":["post-2897","post","type-post","status-publish","format-standard","has-post-thumbnail","hentry","category-politica"],"_links":{"self":[{"href":"https:\/\/fmmural91.uno\/2024\/wp-json\/wp\/v2\/posts\/2897","targetHints":{"allow":["GET"]}}],"collection":[{"href":"https:\/\/fmmural91.uno\/2024\/wp-json\/wp\/v2\/posts"}],"about":[{"href":"https:\/\/fmmural91.uno\/2024\/wp-json\/wp\/v2\/types\/post"}],"author":[{"embeddable":true,"href":"https:\/\/fmmural91.uno\/2024\/wp-json\/wp\/v2\/users\/3"}],"replies":[{"embeddable":true,"href":"https:\/\/fmmural91.uno\/2024\/wp-json\/wp\/v2\/comments?post=2897"}],"version-history":[{"count":1,"href":"https:\/\/fmmural91.uno\/2024\/wp-json\/wp\/v2\/posts\/2897\/revisions"}],"predecessor-version":[{"id":2899,"href":"https:\/\/fmmural91.uno\/2024\/wp-json\/wp\/v2\/posts\/2897\/revisions\/2899"}],"wp:featuredmedia":[{"embeddable":true,"href":"https:\/\/fmmural91.uno\/2024\/wp-json\/wp\/v2\/media\/2898"}],"wp:attachment":[{"href":"https:\/\/fmmural91.uno\/2024\/wp-json\/wp\/v2\/media?parent=2897"}],"wp:term":[{"taxonomy":"category","embeddable":true,"href":"https:\/\/fmmural91.uno\/2024\/wp-json\/wp\/v2\/categories?post=2897"},{"taxonomy":"post_tag","embeddable":true,"href":"https:\/\/fmmural91.uno\/2024\/wp-json\/wp\/v2\/tags?post=2897"}],"curies":[{"name":"wp","href":"https:\/\/api.w.org\/{rel}","templated":true}]}}