{"id":2901,"date":"2026-07-31T10:11:37","date_gmt":"2026-07-31T13:11:37","guid":{"rendered":"https:\/\/fmmural91.uno\/2024\/?p=2901"},"modified":"2026-07-31T10:13:56","modified_gmt":"2026-07-31T13:13:56","slug":"con-esa-cosa-no-voy-a-discutir-lanzo-el-brasileno","status":"publish","type":"post","link":"https:\/\/fmmural91.uno\/2024\/con-esa-cosa-no-voy-a-discutir-lanzo-el-brasileno\/","title":{"rendered":"\u201cCon esa cosa no voy a discutir\u00bb, lanz\u00f3 el brasile\u00f1o"},"content":{"rendered":"\n<h1 class=\"wp-block-heading\">La respuesta de Lula a los insultos de Milei y la incertidumbre por el embajador en Argentina<\/h1>\n\n\n\n<p class=\"wp-block-paragraph\">El mandatario de Brasil calific\u00f3 de \u201cpayasada\u201d los agravios del libertario y resalt\u00f3 que \u00e9l se comporta como un jefe de Estado. A\u00fan no est\u00e1 confirmado el regreso de Bitelli a Buenos Aires.<\/p>\n\n\n\n<p class=\"wp-block-paragraph\"><br>Por\u00a0Melisa Molina   &#8211;   Fuente: <a href=\"https:\/\/www.pagina12.com.ar\/\">https:\/\/www.pagina12.com.ar\/<\/a>  &#8211;  31 de julio, 2026<\/p>\n\n\n\n<p class=\"wp-block-paragraph\">El presidente de Brasil, Luis Ign\u00e1cio \u201cLula\u201d da Silva, le respondi\u00f3 a Javier Milei d\u00edas despu\u00e9s de que el argentino le propin\u00f3 insultos en su propio pa\u00eds &#8211;y en plena campa\u00f1a electoral&#8211; a \u00e9l y tambi\u00e9n al juez Alexandre de Moraes. Lula dijo: \u201cUstedes vieron la payasada que hizo aqu\u00ed el presidente de Argentina. Yo no dije nada, porque mi relaci\u00f3n es la de un jefe de Estado. No voy a entrar en un intercambio de palabras con esa cosa\u201d. Desde el Planalto entienden que los insultos de Milei y su respaldo a la candidatura de Flavio Bolsonaro no son casualidad, sino que son orquestados desde Washington.<\/p>\n\n\n\n<p class=\"wp-block-paragraph\">\u201cA m\u00ed me gusta el pueblo argentino\u201d, aclar\u00f3 Lula y a\u00f1adi\u00f3: \u201cAprend\u00ed muy pronto que no soy ni mejor ni peor que nadie. Quiero estar en igualdad de condiciones. Y mientras yo sea Presidente y est\u00e9 vivo, nadie de afuera se va a entrometer en las elecciones brasile\u00f1as\u201d.<\/p>\n\n\n\n<p class=\"wp-block-paragraph\">La tarde del mi\u00e9rcoles, el canciller de Brasil, Mauro Vieira, se reuni\u00f3 en Brasilia con el embajador de su pa\u00eds en la Argentina, Julio Bitelli, que fue llamado a consultas. Sobre el posible regreso a Buenos Aires, desde Itamaraty aseguraron a&nbsp;<strong>P\u00e1gina\/12<\/strong>&nbsp;que \u201cel asunto permanecer\u00e1 bajo revisi\u00f3n\u201d. En esa l\u00ednea, a\u00f1adieron que \u201cdepende de que se completen distintos tr\u00e1mites formales\u201d, pero tambi\u00e9n \u201cde c\u00f3mo evolucione la situaci\u00f3n\u201d.<\/p>\n\n\n\n<p class=\"wp-block-paragraph\">Se trat\u00f3 del segundo encuentro entre el canciller de Brasil y el embajador, ya que el primero hab\u00eda sido de unos 40 minutos el d\u00eda que lleg\u00f3 Bitelli a Brasilia &#8211;el lunes&#8211; y el d\u00eda antes de que Vieira viajara a Per\u00fa para representar a su pa\u00eds en la asunci\u00f3n de Keiko Fujimori. Una vez de regreso, el encuentro del mi\u00e9rcoles fue mucho m\u00e1s extenso, aunque no arroj\u00f3 conclusiones claras.<\/p>\n\n\n\n<p class=\"wp-block-paragraph\">Medios locales de Brasil indicaron que, tras la reuni\u00f3n con Bitelli, Vieira se dirigi\u00f3 al Planalto para reunirse con Lula. Sin embargo, desde la Canciller\u00eda de ese pa\u00eds no confirmaron ese encuentro.<\/p>\n\n\n\n<p class=\"wp-block-paragraph\">Antes de la reuni\u00f3n entre Vieira y Bitelli, el canciller argentino Pablo Quirno hab\u00eda intentado bajar el tono de la discusi\u00f3n. En una entrevista radial descart\u00f3 la ruptura de relaciones diplom\u00e1ticas. Pronunci\u00f3: \u201cNo hay ninguna chance de que desde nuestro lado se rompa la relaci\u00f3n. Nosotros no lo llevamos al plano institucional\u201d.<\/p>\n\n\n\n<p class=\"wp-block-paragraph\">En esa l\u00ednea, Quirno admiti\u00f3 la intromisi\u00f3n de Milei en cuestiones partidarias\/electorales al decir que \u201chay una contienda electoral que queremos que salga de una manera y ellos de otra\u201d. Agreg\u00f3 que las diferencias entre ambos gobiernos son \u201cpol\u00edticas e ideol\u00f3gicas\u201d, y sobre Bitelli puntualiz\u00f3: \u201cEsperamos que retorne al pa\u00eds lo antes posible\u201d.<\/p>\n\n\n\n<p class=\"wp-block-paragraph\">Desde Brasil leen que el accionar de Milei tiene que ver con el mandato del gobierno de Donald Trump, en particular, del secretario de Estado Marco Rubio.<\/p>\n\n\n\n<p class=\"wp-block-paragraph\">En esa l\u00ednea, les llamaron la atenci\u00f3n no solo los insultos contra Lula, sino tambi\u00e9n los que Milei propin\u00f3 contra el juez de Moraes. \u00c9l tuvo suspendida su visa para ingresar a los Estados Unidos por decisi\u00f3n de Rubio. El Departamento de Estado us\u00f3 esa herramienta para \u201ccastigar\u201d al juez por lo que ellos consideran una supuesta \u201cpersecuci\u00f3n judicial contra Bolsonaro y su familia\u201d, y por imponer \u201crestricciones a la libertad de expresi\u00f3n de ciudadanos norteamericanos\u201d en redes sociales.<\/p>\n\n\n\n<p class=\"wp-block-paragraph\">Seg\u00fan encuestas del Instituto Datafolha, para el 52 por ciento de la poblaci\u00f3n de Brasil, el presidente de Estados Unidos impuso un \u201ctarifazo\u201d a Brasil para ayudar a la candidatura de Fl\u00e1vio Bolsonaro a la presidencia. Otro 37 por ciento, en tanto, descarta la idea, y un 11 por ciento dice no saber opinar.<\/p>\n\n\n\n<p class=\"wp-block-paragraph\">Esa misma encuestadora, que tiene gran prestigio en el pa\u00eds vecino, asegur\u00f3 que, en un sondeo realizado entre los d\u00edas 22 y 23 de julio, arribaron a la conclusi\u00f3n de que el presidente Lula tendr\u00eda el 48 por ciento de la intenci\u00f3n de voto en una supuesta segunda vuelta, sobre un 43 por ciento que alcanzar\u00eda Bolsonaro.<\/p>\n\n\n\n<p class=\"wp-block-paragraph\">Esos n\u00fameros son previos a los insultos de Milei que, seg\u00fan leen desde el gobierno de Brasil, no se trataron de una \u201clocura\u201d, sino de un mensaje enviado desde Washington. Sin embargo, las palabras del argentino no habr\u00edan colaborado con la campa\u00f1a de Bolsonaro, sino m\u00e1s bien todo lo contrario.<\/p>\n\n\n\n<p class=\"wp-block-paragraph\">Santiago Gallo, analista internacional que reside en Brasil, asegur\u00f3 en di\u00e1logo con este diario que \u201caqu\u00ed en Brasil los compa\u00f1eros de Bolsonaro no recibieron bien la actitud del presidente argentino. No gust\u00f3 e, incluso, despu\u00e9s de eso cancelaron el viaje que Bolsonaro iba a hacer al d\u00eda siguiente a Per\u00fa, donde se los podr\u00eda haber visto juntos. La de Milei fue una actitud grosera que repercuti\u00f3 para mal en la imagen de Bolsonaro\u201d.<\/p>\n","protected":false},"excerpt":{"rendered":"<p>La respuesta de Lula a los insultos de Milei y la incertidumbre por el embajador en Argentina El mandatario de Brasil calific\u00f3 de \u201cpayasada\u201d los agravios del libertario y resalt\u00f3 que \u00e9l se comporta como un jefe de Estado. A\u00fan no est\u00e1 confirmado el regreso de Bitelli a Buenos Aires. Por\u00a0Melisa Molina &#8211; Fuente: https:\/\/www.pagina12.com.ar\/ [&hellip;]<\/p>\n","protected":false},"author":3,"featured_media":2902,"comment_status":"closed","ping_status":"closed","sticky":false,"template":"","format":"standard","meta":{"sync_status":"","episode_type":"","audio_file":"","castos_file_data":"","podmotor_file_id":"","cover_image":"","cover_image_id":"","duration":"","filesize":"","filesize_raw":"","date_recorded":"","explicit":"","block":"","footnotes":""},"categories":[24],"tags":[],"class_list":["post-2901","post","type-post","status-publish","format-standard","has-post-thumbnail","hentry","category-politica"],"_links":{"self":[{"href":"https:\/\/fmmural91.uno\/2024\/wp-json\/wp\/v2\/posts\/2901","targetHints":{"allow":["GET"]}}],"collection":[{"href":"https:\/\/fmmural91.uno\/2024\/wp-json\/wp\/v2\/posts"}],"about":[{"href":"https:\/\/fmmural91.uno\/2024\/wp-json\/wp\/v2\/types\/post"}],"author":[{"embeddable":true,"href":"https:\/\/fmmural91.uno\/2024\/wp-json\/wp\/v2\/users\/3"}],"replies":[{"embeddable":true,"href":"https:\/\/fmmural91.uno\/2024\/wp-json\/wp\/v2\/comments?post=2901"}],"version-history":[{"count":2,"href":"https:\/\/fmmural91.uno\/2024\/wp-json\/wp\/v2\/posts\/2901\/revisions"}],"predecessor-version":[{"id":2905,"href":"https:\/\/fmmural91.uno\/2024\/wp-json\/wp\/v2\/posts\/2901\/revisions\/2905"}],"wp:featuredmedia":[{"embeddable":true,"href":"https:\/\/fmmural91.uno\/2024\/wp-json\/wp\/v2\/media\/2902"}],"wp:attachment":[{"href":"https:\/\/fmmural91.uno\/2024\/wp-json\/wp\/v2\/media?parent=2901"}],"wp:term":[{"taxonomy":"category","embeddable":true,"href":"https:\/\/fmmural91.uno\/2024\/wp-json\/wp\/v2\/categories?post=2901"},{"taxonomy":"post_tag","embeddable":true,"href":"https:\/\/fmmural91.uno\/2024\/wp-json\/wp\/v2\/tags?post=2901"}],"curies":[{"name":"wp","href":"https:\/\/api.w.org\/{rel}","templated":true}]}}