{"id":2909,"date":"2026-07-31T12:45:51","date_gmt":"2026-07-31T15:45:51","guid":{"rendered":"https:\/\/fmmural91.uno\/2024\/?p=2909"},"modified":"2026-07-31T12:45:54","modified_gmt":"2026-07-31T15:45:54","slug":"ley-de-tierras","status":"publish","type":"post","link":"https:\/\/fmmural91.uno\/2024\/ley-de-tierras\/","title":{"rendered":"Ley de Tierras"},"content":{"rendered":"\n<h1 class=\"wp-block-heading\">Alerta Misiones: la cara m\u00e1s extrema de la extranjerizaci\u00f3n de la tierra<\/h1>\n\n\n\n<p class=\"wp-block-paragraph\">Es la provincia con mayor cantidad de tierras en manos de extranjeros. En Puerto Libertad, a la vera del Paran\u00e1, el 80% de las tierras rurales pertenecen a Arauco, una empresa forestal chilena. El intendente quiere comprarle 10 hect\u00e1reas hace dos a\u00f1os para un parque industrial, pero como las decisiones se toman afuera no se concreta la operaci\u00f3n.<\/p>\n\n\n\n<p class=\"wp-block-paragraph\">Por <a href=\"https:\/\/www.eldestapeweb.com\/perfil\/gabriel-sued\">Gabriel Sued<\/a>   &#8211;   Fuente: <a href=\"https:\/\/www.eldestapeweb.com\/\">https:\/\/www.eldestapeweb.com\/<\/a>   &#8211;   31 de Julio, 2026<\/p>\n\n\n\n<p class=\"wp-block-paragraph\"><strong>En Puerto Libertad<\/strong>, una localidad de 10.500 habitantes, 25 kil\u00f3metros al sur de las Cataratas del Iguaz\u00fa,<strong>&nbsp;el 80% de las tierras rurales est\u00e1 en manos de una sola empresa: la chilena Arauco.<\/strong>&nbsp;Es una compa\u00f1\u00eda forestal que tiene 62.000 hect\u00e1reas en la localidad y 240.000 hect\u00e1reas en toda la provincia.&nbsp;<\/p>\n\n\n\n<p class=\"wp-block-paragraph\"><strong>El intendente de Puerto Libertad, Fernando Ferreira, intenta sin \u00e9xito desde hace dos a\u00f1os comprarle a Arauco 10 hect\u00e1reas para instalar un parque industrial que d\u00e9 trabajo a las familias locales.<\/strong>&nbsp;Le dijeron que s\u00ed, pero como las decisiones las toma un directorio con sede en Santiago, la definici\u00f3n se demora y la operaci\u00f3n nunca se concreta.&nbsp;&nbsp;&nbsp;<\/p>\n\n\n\n<p class=\"wp-block-paragraph\"><strong>Misiones, una de las provincias por las que pasa la Hidrov\u00eda, con frontera internacional en el 90% de sus l\u00edmites, es la cara m\u00e1s extrema de la extranjerizaci\u00f3n de la tierra en la Argentina<\/strong>. En la actualidad, el 11,3% de su territorio, m\u00e1s de 325.750 hect\u00e1reas, est\u00e1 en manos de capitales extranjeros, seg\u00fan revela el quinto informe del Observatorio de Tierras.&nbsp;&nbsp;<\/p>\n\n\n\n<figure class=\"wp-block-image\"><img decoding=\"async\" src=\"https:\/\/cdn.eldestapeweb.com\/eldestape\/072026\/1785441107086\/Extranjerizaci%C3%B3n_Misiones.webp?cw=1077&amp;ch=679&amp;extw=jpeg\" alt=\"\"\/><\/figure>\n\n\n\n<p class=\"wp-block-paragraph\">Si se aprobara el denominado proyecto de inviolabilidad de la propiedad privada, que en su cap\u00edtulo 3 deroga los art\u00edculos principales de la ley de tierras, se habilitar\u00eda la extranjerizaci\u00f3n sin l\u00edmite. Los capitales for\u00e1neos podr\u00edan incrementar su presencia incluso en aquellas regiones donde ya superan el l\u00edmite del 15% que contempla la ley vigente.<\/p>\n\n\n\n<p class=\"wp-block-paragraph\"><strong>Las grandes corporaciones forestales extranjeras ser\u00edan unas de las principales beneficiarias de la reforma que impulsa Javier Milei.&nbsp;<\/strong>El presidente blanque\u00f3 el objetivo de la ley en&nbsp;<strong>el discurso que dio el domingo pasado en La Rural<\/strong>. \u201cExisten cientos de negocios que exigen compra de tierras a escala y que quieren venir a invertir en nuestro pa\u00eds. Hablo de la industria forestal, la industria l\u00e1ctea, ciertas econom\u00edas regionales y el riego para volver viable el cultivo en zonas \u00e1ridas, por mencionar algunos -dijo Milei-.&nbsp;<strong>Dadas nuestras restricciones actuales hoy son sectores que se encuentran subexplotados. Con la aprobaci\u00f3n de la ley estimamos una inversi\u00f3n de US$15.000 millones en estas industrias.\u201d&nbsp;&nbsp;<\/strong><\/p>\n\n\n\n<p class=\"wp-block-paragraph\">M\u00c1S INFO<\/p>\n\n\n\n<figure class=\"wp-block-image\"><img decoding=\"async\" src=\"https:\/\/cdn.eldestapeweb.com\/eldestape\/022026\/1770757209029.webp?cw=375&amp;ch=211&amp;extw=jpeg\" alt=\"Uno a uno, los senadores que votar\u00e1n a favor de la extranjerizaci\u00f3n de la tierra\"\/><\/figure>\n\n\n\n<p class=\"wp-block-paragraph\"><a href=\"https:\/\/www.eldestapeweb.com\/politica\/uno-uno-senadores-votaran-favor-extranjerizacion-tierra-20267300516?utm_medium=internal&amp;utm_source=Notapropia&amp;utm_campaign=Nota_Propia\"><\/a><\/p>\n\n\n\n<p class=\"wp-block-paragraph\"><a href=\"https:\/\/www.eldestapeweb.com\/tag\/ley-de-tierras\">Ley de Tierras<\/a><\/p>\n\n\n\n<p class=\"wp-block-paragraph\"><a href=\"https:\/\/www.eldestapeweb.com\/politica\/uno-uno-senadores-votaran-favor-extranjerizacion-tierra-20267300516?utm_medium=internal&amp;utm_source=Notapropia&amp;utm_campaign=Nota_Propia\">Uno a uno, los senadores que votar\u00e1n a favor de la extranjerizaci\u00f3n de la tierra<\/a><\/p>\n\n\n\n<p class=\"wp-block-paragraph\"><strong>La presencia de Arauco, el gigante forestal chileno, se concentra en departamentos que tienen frente sobre el r\u00edo Paran\u00e1, en la frontera con Paraguay<\/strong>. En ese corredor forestal se registran los porcentajes m\u00e1s altos de extranjerizaci\u00f3n. En Iguaz\u00fa, departamento al que pertenece Puerto Libertad, llega al 40%; en Montecarlo, al 18,4%; en General San Mart\u00edn, al 16,8%, y en Eldorado, al 16,2%, los cuatro departamentos con fuerte presencia de capital chileno.\u00a0\u00a0\u00a0\u00a0<\/p>\n\n\n\n<p class=\"wp-block-paragraph\">\u00a0Puerto Libertad es, seg\u00fan dice su intendente, \u201cuna prueba viva\u201d de que la extranjerizaci\u00f3n de la tierra trae complicaciones para el desarrollo de los pueblos.&nbsp;<strong>\u201cArauco est\u00e1 en los cuatro costados, fuera del casco urbano. Por eso todo lo tenemos que hablar con ellos. Para hacer viviendas, obras, todo. Antes, cuando hab\u00eda empresas nacionales, era todo m\u00e1s r\u00e1pido\u201d<\/strong>, dice Ferreira a&nbsp;<strong><em>El Destape<\/em><\/strong>.&nbsp;<\/p>\n\n\n\n<p class=\"wp-block-paragraph\">Arauco, dedicada a la producci\u00f3n de pasta celulosa a partir de la plantaci\u00f3n de pinos y eucaliptos,<strong>&nbsp;se instal\u00f3 de manera definitiva en Misiones en 1996<\/strong>, a partir de la adquisici\u00f3n de la empresa Alto Paran\u00e1. En 2002&nbsp;termin\u00f3 el proceso de compra de las tierras que tiene hoy, antes en manos de P\u00e9rez Companc, seg\u00fan el registro que lleva el docente Rub\u00e9n Ortiz, secretario general del Movimiento Pedag\u00f3gico de Liberaci\u00f3n.<strong>&nbsp;\u201cEs un modelo de monocultivo a gran escala que desplaza la producci\u00f3n diversificada y el arraigo de los peque\u00f1os productores misioneros\u201d, advierte el Observatorio de Tierras<\/strong>. El proceso de extranjerizaci\u00f3n solo se detuvo con la sanci\u00f3n de la ley de tierras, en 2011.<\/p>\n\n\n\n<p class=\"wp-block-paragraph\">M\u00c1S INFO<\/p>\n\n\n\n<figure class=\"wp-block-image\"><img decoding=\"async\" src=\"https:\/\/cdn.eldestapeweb.com\/eldestape\/052026\/1777729675595.webp?cw=375&amp;ch=211\" alt=\"La desregulaci\u00f3n de Milei choca con el proteccionismo de sus socios y del mundo\"\/><\/figure>\n\n\n\n<p class=\"wp-block-paragraph\"><a href=\"https:\/\/www.eldestapeweb.com\/politica\/desregulacion-milei-choca-proteccionismo-socios-mundo-20267300516?utm_medium=internal&amp;utm_source=Notapropia&amp;utm_campaign=Nota_Propia\"><\/a><\/p>\n\n\n\n<p class=\"wp-block-paragraph\"><a href=\"https:\/\/www.eldestapeweb.com\/tag\/ley-de-tierras\">Ley de Tierras<\/a><\/p>\n\n\n\n<p class=\"wp-block-paragraph\"><a href=\"https:\/\/www.eldestapeweb.com\/politica\/desregulacion-milei-choca-proteccionismo-socios-mundo-20267300516?utm_medium=internal&amp;utm_source=Notapropia&amp;utm_campaign=Nota_Propia\">La desregulaci\u00f3n de Milei choca con el proteccionismo de sus socios y del mundo<\/a><\/p>\n\n\n\n<p class=\"wp-block-paragraph\"><a href=\"https:\/\/www.eldestapeweb.com\/perfil\/martin-beraza\">Por&nbsp;Mart\u00edn Beraza<\/a><\/p>\n\n\n\n<p class=\"wp-block-paragraph\">En los d\u00edas previos a la sesi\u00f3n del 6 de agosto en el Senado, en la que el oficialismo har\u00e1 un nuevo intento por avanzar con el proyecto de extranjerizaci\u00f3n, se agit\u00f3 la discusi\u00f3n pol\u00edtica en Misiones.&nbsp;<strong>Un grupo de 30 organizaciones sociales, gremiales, productivas y pol\u00edticas -entre ellas APAM, la Federaci\u00f3n Nacional Campesina, la CTA Aut\u00f3noma, ATE, el MTE, la UTT, el MCL y varios partidos y frentes provinciales- rechaz\u00f3 p\u00fablicamente el proyecto<\/strong>&nbsp;y aport\u00f3 dos datos que confirman el diagn\u00f3stico: en la provincia, tres empresas concentran m\u00e1s del 20% de la tierra rural y el 14% de las mejores tierras productivas misioneras ya pertenece a capitales extranjeros.&nbsp;&nbsp;&nbsp;&nbsp;&nbsp;<\/p>\n\n\n\n<p class=\"wp-block-paragraph\">Otro ingrediente recalienta el clima pol\u00edtico.&nbsp;<strong>El gobernador, Hugo Passalacqua<\/strong>, que acaba de romper con el exgobernador y jefe pol\u00edtico de la provincia, Carlos Rovira,&nbsp;<strong>reclam\u00f3 p\u00fablicamente a los senadores del oficialismo provincial, los roviristas Carlos Arce y Sonia Rojas Decut, que voten en contra del proyecto de la Casa Rosada.<\/strong>&nbsp;Los dos mantienen la inc\u00f3gnita. El tercer senador, Mart\u00edn Goerling, jefe del bloque del Pro, ya anticip\u00f3 su apoyo a la iniciativa.&nbsp;&nbsp;<\/p>\n\n\n\n<ul class=\"wp-block-list\">\n<li><a href=\"https:\/\/www.eldestapeweb.com\/tag\/ley-de-tierras\">Ley de Tierras<\/a><\/li>\n\n\n\n<li><a href=\"https:\/\/www.eldestapeweb.com\/tag\/misiones\">Misiones<\/a><\/li>\n\n\n\n<li><a href=\"https:\/\/www.eldestapeweb.com\/tag\/javier-milei\">Javier Milei<\/a><\/li>\n\n\n\n<li><a href=\"https:\/\/www.eldestapeweb.com\/tag\/originales\">Originales<\/a><\/li>\n\n\n\n<li><a href=\"https:\/\/www.eldestapeweb.com\/tag\/el-destape-radio\">El Destape Radio<\/a><\/li>\n\n\n\n<li><a href=\"https:\/\/www.eldestapeweb.com\/tag\/javier-milei-presidente\">Javier Milei presidente<\/a><\/li>\n<\/ul>\n","protected":false},"excerpt":{"rendered":"<p>Alerta Misiones: la cara m\u00e1s extrema de la extranjerizaci\u00f3n de la tierra Es la provincia con mayor cantidad de tierras en manos de extranjeros. En Puerto Libertad, a la vera del Paran\u00e1, el 80% de las tierras rurales pertenecen a Arauco, una empresa forestal chilena. El intendente quiere comprarle 10 hect\u00e1reas hace dos a\u00f1os para [&hellip;]<\/p>\n","protected":false},"author":3,"featured_media":2910,"comment_status":"closed","ping_status":"closed","sticky":false,"template":"","format":"standard","meta":{"sync_status":"","episode_type":"","audio_file":"","castos_file_data":"","podmotor_file_id":"","cover_image":"","cover_image_id":"","duration":"","filesize":"","filesize_raw":"","date_recorded":"","explicit":"","block":"","footnotes":""},"categories":[120],"tags":[],"class_list":["post-2909","post","type-post","status-publish","format-standard","has-post-thumbnail","hentry","category-ley-de-extranjerizacion-de-tierras"],"_links":{"self":[{"href":"https:\/\/fmmural91.uno\/2024\/wp-json\/wp\/v2\/posts\/2909","targetHints":{"allow":["GET"]}}],"collection":[{"href":"https:\/\/fmmural91.uno\/2024\/wp-json\/wp\/v2\/posts"}],"about":[{"href":"https:\/\/fmmural91.uno\/2024\/wp-json\/wp\/v2\/types\/post"}],"author":[{"embeddable":true,"href":"https:\/\/fmmural91.uno\/2024\/wp-json\/wp\/v2\/users\/3"}],"replies":[{"embeddable":true,"href":"https:\/\/fmmural91.uno\/2024\/wp-json\/wp\/v2\/comments?post=2909"}],"version-history":[{"count":1,"href":"https:\/\/fmmural91.uno\/2024\/wp-json\/wp\/v2\/posts\/2909\/revisions"}],"predecessor-version":[{"id":2911,"href":"https:\/\/fmmural91.uno\/2024\/wp-json\/wp\/v2\/posts\/2909\/revisions\/2911"}],"wp:featuredmedia":[{"embeddable":true,"href":"https:\/\/fmmural91.uno\/2024\/wp-json\/wp\/v2\/media\/2910"}],"wp:attachment":[{"href":"https:\/\/fmmural91.uno\/2024\/wp-json\/wp\/v2\/media?parent=2909"}],"wp:term":[{"taxonomy":"category","embeddable":true,"href":"https:\/\/fmmural91.uno\/2024\/wp-json\/wp\/v2\/categories?post=2909"},{"taxonomy":"post_tag","embeddable":true,"href":"https:\/\/fmmural91.uno\/2024\/wp-json\/wp\/v2\/tags?post=2909"}],"curies":[{"name":"wp","href":"https:\/\/api.w.org\/{rel}","templated":true}]}}