{"id":2912,"date":"2026-08-04T11:43:44","date_gmt":"2026-08-04T14:43:44","guid":{"rendered":"https:\/\/fmmural91.uno\/2024\/?p=2912"},"modified":"2026-08-05T12:59:38","modified_gmt":"2026-08-05T15:59:38","slug":"crece-el-rechazo-a-la-extranjerizacion-de-tierras-mientras-el-gobierno-negocia-su-aprobacion","status":"publish","type":"post","link":"https:\/\/fmmural91.uno\/2024\/crece-el-rechazo-a-la-extranjerizacion-de-tierras-mientras-el-gobierno-negocia-su-aprobacion\/","title":{"rendered":"Crece el rechazo a la extranjerizaci\u00f3n de tierras, mientras el Gobierno negocia su aprobaci\u00f3n"},"content":{"rendered":"\n<p class=\"wp-block-paragraph\"><strong>Este jueves el Senado tratar\u00e1 el proyecto de Inviolabilidad de la Propiedad Privada, que flexibiliza la venta de tierra a extranjeros, agiliza desalojos y elimina restricciones al uso de suelo arrasado por incendios. En Bariloche la movilizaci\u00f3n del 6 est\u00e1 prevista para las 17, con concentraci\u00f3n en Onelli y Moreno y marcha hacia el Centro C\u00edvico.<\/strong><\/p>\n\n\n\n<p class=\"wp-block-paragraph\"><strong>Por Pablo Bassi<\/strong><\/p>\n\n\n\n<p class=\"wp-block-paragraph\"><strong>Equipo de Comunicaci\u00f3n Popular Colectivo Al Margen<\/strong>  &#8211;  03 de agosto 2026  &#8211; Fuente: <a href=\"https:\/\/almargen.org.ar\/c\">https:\/\/almargen.org.ar\/<\/a><\/p>\n\n\n\n<p class=\"wp-block-paragraph\">Hace unas semanas Juli\u00e1n Pajarola caminaba hacia cerro Ezpeleta, uno de los lugares m\u00e1s elegidos para el esqu\u00ed de traves\u00eda en San Mart\u00edn de los Andes, hasta que un guardia austr\u00edaco se interpuso y le advirti\u00f3 que la due\u00f1a de esa porci\u00f3n de campo no quer\u00eda transe\u00fantes. La escena, difundida en redes sociales, se volvi\u00f3 viral. Pajarola despu\u00e9s busc\u00f3 los datos en el catastro provincial, y encontr\u00f3 que esa parcela figura a nombre de Gernot Langes-Swarovski, descendiente de los fundadores de la empresa austr\u00edaca de cristales Swarovski. Es una de las tres grandes compras de 3.800 hect\u00e1reas que esa familia hizo en la zona, adem\u00e1s de otras compras de terrenos m\u00e1s chicos. Seg\u00fan el Observatorio de Tierras,&nbsp;<strong>en el departamento de L\u00e1car, que incluye a San Mart\u00edn de los Andes, el 54% del territorio est\u00e1 en manos extranjeras.&nbsp;<\/strong><\/p>\n\n\n\n<p class=\"wp-block-paragraph\">El episodio volvi\u00f3 a poner en agenda&nbsp;<strong>qui\u00e9nes son los due\u00f1os de la tierra y c\u00f3mo conviven la propiedad privada, el acceso p\u00fablico a espacios naturales y el control del Estado sobre los recursos energ\u00e9ticos<\/strong>, en momentos que el proyecto de ley de \u201cInviolabilidad de la Propiedad Privada\u201d, impulsado por el Gobierno nacional, se debate para ser tratado este jueves en el Senado.<\/p>\n\n\n\n<p class=\"wp-block-paragraph\">La iniciativa propone modificar distintas normas vinculadas con la propiedad, la adquisici\u00f3n de tierras rurales, los procesos de desalojo y la legislaci\u00f3n ambiental.&nbsp;<strong>Para La Libertad Avanza, el objetivo es eliminar regulaciones que considera excesivas<\/strong>. Sus cr\u00edticos sostienen que los cambios podr\u00edan favorecer la concentraci\u00f3n de tierras, limitar herramientas de protecci\u00f3n ambiental y afectar conflictos territoriales abiertos.<\/p>\n\n\n\n<p class=\"wp-block-paragraph\"><strong>En Bariloche, el tratamiento del proyecto deriv\u00f3 en la convocatoria a una movilizaci\u00f3n prevista para las 17, con concentraci\u00f3n en Onelli y Moreno y marcha hacia el Centro C\u00edvico<\/strong>, pasando por el Museo Malvinas. Participar\u00e1n organizaciones sindicales, pol\u00edticas, ambientales y sociales.<\/p>\n\n\n\n<p class=\"wp-block-paragraph\">Uno de los aspectos m\u00e1s discutidos de la iniciativa es la modificaci\u00f3n de la Ley de Tierras Rurales, sancionada en 2011, que fij\u00f3 l\u00edmites a la adquisici\u00f3n de tierras por parte de extranjeros. El dictamen propone eliminar esas restricciones y dejar la regulaci\u00f3n en manos de cada provincia. Sin embargo, el oficialismo negocia a contra reloj el voto de algunos senadores para elevar ese tope provincial del 15% al 25%, aunque sin l\u00edmite dentro de los departamentos.<\/p>\n\n\n\n<p class=\"wp-block-paragraph\">La discusi\u00f3n no resulta ajena a la Patagonia.&nbsp;<strong>Seg\u00fan el Observatorio de Tierras, el departamento Bariloche registra cerca del 14% de la superficie rural en manos extranjeras y Pilcaniyeu m\u00e1s el 10%<\/strong>.<\/p>\n\n\n\n<figure class=\"wp-block-image\"><img decoding=\"async\" src=\"https:\/\/almargen.org.ar\/wp-content\/uploads\/2025\/06\/Campo-trigo-agronegocio-1-wwb-1024x631.jpg\" alt=\"\" class=\"wp-image-43675\"\/><figcaption class=\"wp-element-caption\">Uno de los aspectos m\u00e1s discutidos de la iniciativa es la modificaci\u00f3n de la Ley de Tierras Rurales, sancionada en 2011, que fij\u00f3 l\u00edmites a la adquisici\u00f3n de tierras por parte de extranjeros. Foto: Telam<\/figcaption><\/figure>\n\n\n\n<p class=\"wp-block-paragraph\"><em>\u201cComo en el TEG, los extranjeros avanzan: ya tienen casi el 23% al sur, en Cushamen, Chubut, y m\u00e1s del 54% al norte, en el departamento de L\u00e1car de San Mart\u00edn de los Andes\u201d<\/em>, dijo Alejandro Palmas, referente de Patria Grande en R\u00edo Negro.<\/p>\n\n\n\n<p class=\"wp-block-paragraph\">Palmas cuestion\u00f3 la eliminaci\u00f3n de l\u00edmites a la compra de tierras o su posible flexibilizaci\u00f3n, y sostuvo que&nbsp;<strong>el proyecto profundizar\u00e1 el proceso de concentraci\u00f3n territorial<\/strong>. Patria Grande plantea adem\u00e1s que los cambios podr\u00edan obstaculizar a\u00fan m\u00e1s el acceso a lagos, r\u00edos, senderos y zonas de monta\u00f1a, adem\u00e1s de influir en el mercado inmobiliario con precios de venta y alquiler m\u00e1s altos.<\/p>\n\n\n\n<p class=\"wp-block-paragraph\">Tambi\u00e9n ATE Parques Nacionales difundi\u00f3 un documento de rechazo. El sindicato advirti\u00f3 que&nbsp;<strong>la reforma podr\u00eda impactar sobre \u00e1reas protegidas donde existen propiedades privadas dentro de los l\u00edmites de parques nacionales, entre ellos Nahuel Huapi y Lan\u00edn<\/strong>. Para los trabajadores del organismo, la discusi\u00f3n excede la cuesti\u00f3n dominial y se vincula con el proceso de reducci\u00f3n de recursos y personal en organismos p\u00fablicos dedicados a la conservaci\u00f3n ambiental, la investigaci\u00f3n cient\u00edfica y el desarrollo tecnol\u00f3gico, como CNEA y Conicet.<\/p>\n\n\n\n<figure class=\"wp-block-image\"><img decoding=\"async\" src=\"https:\/\/almargen.org.ar\/wp-content\/uploads\/2026\/08\/desalojo-Fiske-31-10-20-2-1024x575.webp\" alt=\"\" class=\"wp-image-45644\"\/><figcaption class=\"wp-element-caption\">Otro punto pol\u00e9mico es la reforma de las normas sobre desalojos.<\/figcaption><\/figure>\n\n\n\n<p class=\"wp-block-paragraph\">En las \u00faltimas horas la Pastoral Social de las di\u00f3cesis de la Patagonia y el Comahue manifest\u00f3 su preocupaci\u00f3n por el proyecto, y record\u00f3 que la doctrina social de la Iglesia reconoce el derecho de propiedad, pero sostiene que ese derecho debe ejercerse en armon\u00eda con el bien com\u00fan y con el llamado \u201cdestino universal de los bienes\u201d. El documento expresa su acompa\u00f1amiento a las iniciativas impulsadas por distintos sectores contrarios al tratamiento legislativo.<\/p>\n\n\n\n<p class=\"wp-block-paragraph\"><strong>Otro punto pol\u00e9mico es la reforma de las normas sobre desalojos. El proyecto incorpora cambios procesales destinados a agilizar la restituci\u00f3n de inmuebles en determinados supuestos.<\/strong>&nbsp;Para el Gobierno, las modificaciones buscan brindar respuestas m\u00e1s r\u00e1pidas frente a ocupaciones ilegales y fortalecer la seguridad jur\u00eddica. En cambio, organizaciones sociales, de derechos humanos y representantes de comunidades ind\u00edgenas sostienen que podr\u00edan verse reducidas las posibilidades de defensa en conflictos territoriales a\u00fan no resueltos.<\/p>\n\n\n\n<p class=\"wp-block-paragraph\">La iniciativa propone asimismo<strong>&nbsp;cambios en la Ley de Manejo del Fuego<\/strong>. Entre ellos, elimina restricciones que actualmente limitan el cambio de uso de suelos afectados por incendios. Mientras que el oficialismo sostiene que la normativa vigente restringe derechos de los propietarios, la oposici\u00f3n advierte que la modificaci\u00f3n podr\u00eda generar incentivos no deseados en zonas donde los incendios forestales son un problema recurrente.<\/p>\n","protected":false},"excerpt":{"rendered":"<p>Este jueves el Senado tratar\u00e1 el proyecto de Inviolabilidad de la Propiedad Privada, que flexibiliza la venta de tierra a extranjeros, agiliza desalojos y elimina restricciones al uso de suelo arrasado por incendios. En Bariloche la movilizaci\u00f3n del 6 est\u00e1 prevista para las 17, con concentraci\u00f3n en Onelli y Moreno y marcha hacia el Centro [&hellip;]<\/p>\n","protected":false},"author":3,"featured_media":2913,"comment_status":"closed","ping_status":"closed","sticky":false,"template":"","format":"standard","meta":{"sync_status":"","episode_type":"","audio_file":"","castos_file_data":"","podmotor_file_id":"","cover_image":"","cover_image_id":"","duration":"","filesize":"","filesize_raw":"","date_recorded":"","explicit":"","block":"","footnotes":""},"categories":[24,17],"tags":[],"class_list":["post-2912","post","type-post","status-publish","format-standard","has-post-thumbnail","hentry","category-politica","category-regionales-patagonia"],"_links":{"self":[{"href":"https:\/\/fmmural91.uno\/2024\/wp-json\/wp\/v2\/posts\/2912","targetHints":{"allow":["GET"]}}],"collection":[{"href":"https:\/\/fmmural91.uno\/2024\/wp-json\/wp\/v2\/posts"}],"about":[{"href":"https:\/\/fmmural91.uno\/2024\/wp-json\/wp\/v2\/types\/post"}],"author":[{"embeddable":true,"href":"https:\/\/fmmural91.uno\/2024\/wp-json\/wp\/v2\/users\/3"}],"replies":[{"embeddable":true,"href":"https:\/\/fmmural91.uno\/2024\/wp-json\/wp\/v2\/comments?post=2912"}],"version-history":[{"count":1,"href":"https:\/\/fmmural91.uno\/2024\/wp-json\/wp\/v2\/posts\/2912\/revisions"}],"predecessor-version":[{"id":2914,"href":"https:\/\/fmmural91.uno\/2024\/wp-json\/wp\/v2\/posts\/2912\/revisions\/2914"}],"wp:featuredmedia":[{"embeddable":true,"href":"https:\/\/fmmural91.uno\/2024\/wp-json\/wp\/v2\/media\/2913"}],"wp:attachment":[{"href":"https:\/\/fmmural91.uno\/2024\/wp-json\/wp\/v2\/media?parent=2912"}],"wp:term":[{"taxonomy":"category","embeddable":true,"href":"https:\/\/fmmural91.uno\/2024\/wp-json\/wp\/v2\/categories?post=2912"},{"taxonomy":"post_tag","embeddable":true,"href":"https:\/\/fmmural91.uno\/2024\/wp-json\/wp\/v2\/tags?post=2912"}],"curies":[{"name":"wp","href":"https:\/\/api.w.org\/{rel}","templated":true}]}}