{"id":2915,"date":"2026-08-05T13:14:08","date_gmt":"2026-08-05T16:14:08","guid":{"rendered":"https:\/\/fmmural91.uno\/2024\/?p=2915"},"modified":"2026-08-05T13:25:56","modified_gmt":"2026-08-05T16:25:56","slug":"comodoro-llevara-a-ypf-a-la-justicia-por-los-pasivos-ambientales-que-dejo-la-actividad-petrolera","status":"publish","type":"post","link":"https:\/\/fmmural91.uno\/2024\/comodoro-llevara-a-ypf-a-la-justicia-por-los-pasivos-ambientales-que-dejo-la-actividad-petrolera\/","title":{"rendered":"Comodoro llevar\u00e1 a YPF a la Justicia por los pasivos ambientales que dej\u00f3 la actividad petrolera"},"content":{"rendered":"\n<p class=\"wp-block-paragraph\">El Municipio anunci\u00f3 que impulsar\u00e1 una demanda para determinar si la compa\u00f1\u00eda cumpli\u00f3 con la recomposici\u00f3n de los da\u00f1os provocados durante d\u00e9cadas de explotaci\u00f3n hidrocarbur\u00edfera. Tambi\u00e9n notificar\u00e1 a la Comisi\u00f3n Nacional de Valores y advirti\u00f3 que el acuerdo firmado entre la empresa y Chubut no resuelve la situaci\u00f3n ambiental dentro de la ciudad.<\/p>\n\n\n\n<p class=\"wp-block-paragraph\">Fuente: <a href=\"https:\/\/lapoliticambiental.com.ar\/usuario\/2\/la-politica-ambiental\">La Pol\u00edtica Ambiental<\/a> &#8211; 04 de agosto, 2026<\/p>\n\n\n\n<p class=\"wp-block-paragraph\">La Municipalidad de Comodoro Rivadavia endureci\u00f3 su posici\u00f3n frente al retiro de YPF de la Cuenca del Golfo San Jorge y anunci\u00f3 que recurrir\u00e1 a la Justicia para exigir que se determine el estado de los pasivos ambientales existentes dentro del ejido urbano.<\/p>\n\n\n\n<p class=\"wp-block-paragraph\">La decisi\u00f3n fue comunicada mediante una carta abierta titulada&nbsp;<strong>\u201cEl futuro no puede construirse sin reparar el pasado\u201d<\/strong>, en la que el Ejecutivo municipal reconoce el papel hist\u00f3rico de la petrolera en el desarrollo de la ciudad, pero advierte que m\u00e1s de un siglo de actividad hidrocarbur\u00edfera tambi\u00e9n dej\u00f3 consecuencias ambientales que todav\u00eda no habr\u00edan sido reparadas integralmente.<\/p>\n\n\n\n<h2 class=\"wp-block-heading\">Pozos abandonados, ductos y suelos afectados<\/h2>\n\n\n\n<p class=\"wp-block-paragraph\">Seg\u00fan el documento, dentro de Comodoro Rivadavia permanecen pozos abandonados, instalaciones industriales fuera de uso, ductos, piletas vinculadas con la explotaci\u00f3n petrolera, suelos afectados y restricciones que condicionan el desarrollo urbano.<\/p>\n\n\n\n<p class=\"wp-block-paragraph\">El Municipio asegur\u00f3 que no se trata de acusaciones pol\u00edticas ni de afirmaciones gen\u00e9ricas. Sostuvo que la problem\u00e1tica fue registrada durante a\u00f1os mediante expedientes administrativos, auditor\u00edas ambientales, inspecciones oficiales, estudios t\u00e9cnicos, programas de saneamiento y planes de abandono.<\/p>\n\n\n\n<p class=\"wp-block-paragraph\">Tambi\u00e9n afirm\u00f3 que documentaci\u00f3n elaborada por la propia compa\u00f1\u00eda reconoce la existencia de sitios que todav\u00eda se encuentran sometidos a monitoreo, evaluaci\u00f3n o tareas de remediaci\u00f3n. Para la administraci\u00f3n local, estas circunstancias demuestran que la controversia ambiental contin\u00faa abierta.<\/p>\n\n\n\n<h2 class=\"wp-block-heading\">La Justicia deber\u00e1 determinar si hubo una recomposici\u00f3n efectiva<\/h2>\n\n\n\n<p class=\"wp-block-paragraph\">Ante esta situaci\u00f3n, la Municipalidad anticip\u00f3 que promover\u00e1 una acci\u00f3n judicial para que se realicen peritajes cient\u00edficos independientes y se establezca si YPF cumpli\u00f3 efectivamente con su obligaci\u00f3n de recomponer los da\u00f1os ambientales provocados por la actividad petrolera.<\/p>\n\n\n\n<p class=\"wp-block-paragraph\">La demanda no se limitar\u00e1 a verificar si fueron ejecutados determinados trabajos. El planteo buscar\u00e1 establecer cu\u00e1l es el estado actual de los sitios afectados, si persisten riesgos ambientales o sanitarios y si todav\u00eda existen obligaciones pendientes a cargo de la empresa.<\/p>\n\n\n\n<p class=\"wp-block-paragraph\">\u201cEl verdadero problema no es jur\u00eddico. El verdadero problema es ambiental\u201d, sostuvo el Municipio, al remarcar que las consecuencias tambi\u00e9n alcanzan el ordenamiento urbano, la salud p\u00fablica y los derechos colectivos de la poblaci\u00f3n.<\/p>\n\n\n\n<p class=\"wp-block-paragraph\">La administraci\u00f3n municipal se\u00f1al\u00f3 que tiene el deber de intervenir en defensa del ambiente y de los habitantes de la ciudad. En ese sentido, afirm\u00f3 que la discusi\u00f3n deber\u00e1 resolverse con pruebas t\u00e9cnicas y bajo control judicial, para evitar que el alcance de la remediaci\u00f3n quede definido \u00fanicamente por las partes involucradas en el proceso de retiro de la petrolera.<\/p>\n\n\n\n<h2 class=\"wp-block-heading\">Cuestionan el acuerdo entre YPF y Chubut<\/h2>\n\n\n\n<p class=\"wp-block-paragraph\">Otro de los ejes de la carta es el acuerdo firmado entre YPF y el Gobierno de Chubut por la transferencia de \u00e1reas petroleras maduras y la salida de la compa\u00f1\u00eda de la cuenca.<\/p>\n\n\n\n<p class=\"wp-block-paragraph\">Para la Municipalidad, ese convenio no puede cerrar la controversia ambiental dentro del ejido urbano ni extinguir obligaciones relacionadas con la recomposici\u00f3n de los da\u00f1os. Tampoco podr\u00eda afectar derechos colectivos cuya protecci\u00f3n corresponde al Estado municipal.<\/p>\n\n\n\n<p class=\"wp-block-paragraph\">La posici\u00f3n de Comodoro Rivadavia es que una compensaci\u00f3n econ\u00f3mica o un acuerdo entre la empresa y la Provincia no reemplazan necesariamente la restauraci\u00f3n efectiva de los sitios contaminados. Por ese motivo, sostiene que ser\u00e1 la Justicia la encargada de determinar si los trabajos realizados resultaron suficientes.<\/p>\n\n\n\n<h2 class=\"wp-block-heading\">El conflicto llegar\u00e1 a la Comisi\u00f3n Nacional de Valores<\/h2>\n\n\n\n<p class=\"wp-block-paragraph\">El Municipio tambi\u00e9n anunci\u00f3 que pondr\u00e1 los antecedentes del caso en conocimiento de la Comisi\u00f3n Nacional de Valores.<\/p>\n\n\n\n<p class=\"wp-block-paragraph\">La presentaci\u00f3n se fundamentar\u00e1 en que YPF cotiza en los mercados de capitales y asumi\u00f3 compromisos p\u00fablicos relacionados con la sostenibilidad, la transparencia y el gobierno corporativo. La Municipalidad considera que la existencia de una controversia ambiental de esta magnitud puede constituir informaci\u00f3n relevante para los organismos de control y los inversores.<\/p>\n\n\n\n<p class=\"wp-block-paragraph\">De esta manera, el reclamo podr\u00eda superar el \u00e1mbito local y judicial para ingresar tambi\u00e9n en la discusi\u00f3n sobre las responsabilidades ambientales y financieras de las compa\u00f1\u00edas que operan en actividades extractivas.<\/p>\n\n\n\n<h2 class=\"wp-block-heading\">Una puerta abierta al di\u00e1logo<\/h2>\n\n\n\n<p class=\"wp-block-paragraph\">Pese al anuncio de la demanda, el Ejecutivo municipal asegur\u00f3 que todav\u00eda existe la posibilidad de abrir una instancia de di\u00e1logo institucional con YPF.<\/p>\n\n\n\n<p class=\"wp-block-paragraph\">La propuesta consiste en conformar un proceso transparente, con respaldo t\u00e9cnico y participaci\u00f3n de especialistas, que permita establecer el verdadero alcance de los da\u00f1os y avanzar con un programa de recomposici\u00f3n ambiental.<\/p>\n\n\n\n<p class=\"wp-block-paragraph\">Comodoro Rivadavia naci\u00f3 y creci\u00f3 vinculada con la explotaci\u00f3n petrolera. Sin embargo, el Municipio advirti\u00f3 que ese legado hist\u00f3rico no puede utilizarse para postergar indefinidamente la reparaci\u00f3n de sus consecuencias.<\/p>\n\n\n\n<p class=\"wp-block-paragraph\">La carta concluye con un mensaje dirigido a la petrolera: el reconocimiento de su importancia para la ciudad no elimina las responsabilidades pendientes. Por el contrario, la administraci\u00f3n local sostiene que la magnitud de esa historia exige una respuesta equivalente y que el desarrollo energ\u00e9tico futuro no puede construirse sobre pasivos ambientales sin resolver.<\/p>\n","protected":false},"excerpt":{"rendered":"<p>El Municipio anunci\u00f3 que impulsar\u00e1 una demanda para determinar si la compa\u00f1\u00eda cumpli\u00f3 con la recomposici\u00f3n de los da\u00f1os provocados durante d\u00e9cadas de explotaci\u00f3n hidrocarbur\u00edfera. Tambi\u00e9n notificar\u00e1 a la Comisi\u00f3n Nacional de Valores y advirti\u00f3 que el acuerdo firmado entre la empresa y Chubut no resuelve la situaci\u00f3n ambiental dentro de la ciudad. Fuente: La [&hellip;]<\/p>\n","protected":false},"author":3,"featured_media":2916,"comment_status":"closed","ping_status":"closed","sticky":false,"template":"","format":"standard","meta":{"sync_status":"","episode_type":"","audio_file":"","castos_file_data":"","podmotor_file_id":"","cover_image":"","cover_image_id":"","duration":"","filesize":"","filesize_raw":"","date_recorded":"","explicit":"","block":"","footnotes":""},"categories":[17],"tags":[],"class_list":["post-2915","post","type-post","status-publish","format-standard","has-post-thumbnail","hentry","category-regionales-patagonia"],"_links":{"self":[{"href":"https:\/\/fmmural91.uno\/2024\/wp-json\/wp\/v2\/posts\/2915","targetHints":{"allow":["GET"]}}],"collection":[{"href":"https:\/\/fmmural91.uno\/2024\/wp-json\/wp\/v2\/posts"}],"about":[{"href":"https:\/\/fmmural91.uno\/2024\/wp-json\/wp\/v2\/types\/post"}],"author":[{"embeddable":true,"href":"https:\/\/fmmural91.uno\/2024\/wp-json\/wp\/v2\/users\/3"}],"replies":[{"embeddable":true,"href":"https:\/\/fmmural91.uno\/2024\/wp-json\/wp\/v2\/comments?post=2915"}],"version-history":[{"count":2,"href":"https:\/\/fmmural91.uno\/2024\/wp-json\/wp\/v2\/posts\/2915\/revisions"}],"predecessor-version":[{"id":2924,"href":"https:\/\/fmmural91.uno\/2024\/wp-json\/wp\/v2\/posts\/2915\/revisions\/2924"}],"wp:featuredmedia":[{"embeddable":true,"href":"https:\/\/fmmural91.uno\/2024\/wp-json\/wp\/v2\/media\/2916"}],"wp:attachment":[{"href":"https:\/\/fmmural91.uno\/2024\/wp-json\/wp\/v2\/media?parent=2915"}],"wp:term":[{"taxonomy":"category","embeddable":true,"href":"https:\/\/fmmural91.uno\/2024\/wp-json\/wp\/v2\/categories?post=2915"},{"taxonomy":"post_tag","embeddable":true,"href":"https:\/\/fmmural91.uno\/2024\/wp-json\/wp\/v2\/tags?post=2915"}],"curies":[{"name":"wp","href":"https:\/\/api.w.org\/{rel}","templated":true}]}}