{"id":2918,"date":"2026-08-05T13:22:11","date_gmt":"2026-08-05T16:22:11","guid":{"rendered":"https:\/\/fmmural91.uno\/2024\/?p=2918"},"modified":"2026-08-05T13:24:18","modified_gmt":"2026-08-05T16:24:18","slug":"argentina-en-venta-milei-busca-que-los-extranjeros-puedan-comprar-tierras-sin-limite-y-gobernadores-aliados-analizan-darle-el-apoyo-en-el-senado","status":"publish","type":"post","link":"https:\/\/fmmural91.uno\/2024\/argentina-en-venta-milei-busca-que-los-extranjeros-puedan-comprar-tierras-sin-limite-y-gobernadores-aliados-analizan-darle-el-apoyo-en-el-senado\/","title":{"rendered":"Argentina en Venta: Milei busca que los extranjeros puedan comprar tierras Sin Limite y gobernadores aliados analizan darle el apoyo en el Senado"},"content":{"rendered":"\n<p class=\"wp-block-paragraph\">Fuente:  <a href=\"https:\/\/lapoliticambiental.com.ar\/usuario\/2\/la-politica-ambiental\">La Pol\u00edtica Ambiental<\/a>   &#8211;   04 de agosto, 2026<\/p>\n\n\n\n<p class=\"wp-block-paragraph\">Este jueves, el Senado de la Naci\u00f3n tratar\u00e1 una de las leyes m\u00e1s controversiales impulsadas por el gobierno de Javier Milei: la modificaci\u00f3n de la Ley 26.737 de Protecci\u00f3n al Dominio Nacional sobre la Propiedad, Posesi\u00f3n o Tenencia de las Tierras Rurales, una normativa que actualmente establece un l\u00edmite del 15% a la compra de tierras por parte de extranjeros.<\/p>\n\n\n\n<p class=\"wp-block-paragraph\">Entre sus puntos centrales, la ley es clara: ning\u00fan extranjero puede concentrar m\u00e1s del&nbsp;<strong>15% de las tierras rurales del pa\u00eds<\/strong>, un l\u00edmite que tambi\u00e9n se aplica de manera individual en cada provincia y departamento o partido. Adem\u00e1s, establece que las personas de una misma nacionalidad no pueden superar el&nbsp;<strong>30% de ese cupo<\/strong>, es decir, un m\u00e1ximo del&nbsp;<strong>4,5% del total de la tierra rural argentina<\/strong>.<\/p>\n\n\n\n<p class=\"wp-block-paragraph\">La normativa tambi\u00e9n contempla restricciones especiales para campos ubicados sobre cuerpos de agua permanentes, zonas de frontera y otras \u00e1reas consideradas estrat\u00e9gicas para la soberan\u00eda nacional.<\/p>\n\n\n\n<p class=\"wp-block-paragraph\">La modificaci\u00f3n de esta ley pone en jaque la soberan\u00eda nacional, ya que permitir\u00eda que cualquier extranjero multimillonario \u2014sea un jeque \u00e1rabe, un rabino, un empresario o un inversor de cualquier nacionalidad\u2014 pueda comprar tierras en Argentina&nbsp;<strong>sin ning\u00fan l\u00edmite<\/strong>. Es decir, podr\u00edan adquirir millones de hect\u00e1reas, incluso 10 millones, siempre que cuenten con el poder econ\u00f3mico para hacerlo.<\/p>\n\n\n\n<h2 class=\"wp-block-heading\">Antecedentes: grandes compras de tierras por extranjeros en Argentina<\/h2>\n\n\n\n<p class=\"wp-block-paragraph\">En primer lugar, en el a\u00f1o 2008, en la provincia de La Rioja, el&nbsp;<strong>rabino estadounidense Yosef Jaime Libersohn<\/strong>&nbsp;compr\u00f3 un pueblo entero y adquiri\u00f3 alrededor de&nbsp;<strong>200.000 hect\u00e1reas<\/strong>&nbsp;en la zona de Valle Hermoso.<\/p>\n\n\n\n<p class=\"wp-block-paragraph\"><strong>La compra inclu\u00eda la comunidad instalada en el lugar, escuelas y una de las reservas de agua dulce de la regi\u00f3n.<\/strong><\/p>\n\n\n\n<p class=\"wp-block-paragraph\">El caso m\u00e1s reciente ocurri\u00f3 en 2017, en la provincia de R\u00edo Negro, cuando el millonario qatar\u00ed&nbsp;<strong>Abdulhadi Mana A Sh Al-Hajri<\/strong>, cu\u00f1ado del emir de Qatar&nbsp;<strong>Tamim bin Hamad Al Thani<\/strong>, adquiri\u00f3&nbsp;<strong>10.000 hect\u00e1reas<\/strong>&nbsp;a trav\u00e9s de la empresa Baguales Acquisitions SA.<\/p>\n\n\n\n<p class=\"wp-block-paragraph\">La compra se concret\u00f3 al grupo belga Burco en la meseta Baguales, ubicada a unos 50 kil\u00f3metros de San Carlos de Bariloche, donde se proyectaba desarrollar un megaproyecto que inclu\u00eda tres centrales hidroel\u00e9ctricas y una fastuosa residencia privada.<\/p>\n\n\n\n<h2 class=\"wp-block-heading\">Multimillonarios globales que podr\u00edan acceder a millones de hect\u00e1reas<\/h2>\n\n\n\n<p class=\"wp-block-paragraph\">Si se concreta esta modificaci\u00f3n de la ley, cualquier multimillonario como&nbsp;<strong>Elon Musk (SpaceX), Sam Altman (OpenAI), Mark Zuckerberg (Instagram, Facebook y WhatsApp), Peter Thiel (cofundador de PayPal y Palantir Technologies)<\/strong>&nbsp;o incluso la&nbsp;<strong>familia Trump<\/strong>&nbsp;podr\u00edan adquirir tierras sin l\u00edmites.<\/p>\n\n\n\n<p class=\"wp-block-paragraph\">De esta manera, podr\u00edan llegar a&nbsp;<strong>comprar 10, 20 o 50 millones de hect\u00e1reas&nbsp;<\/strong>sin otro impedimento que el econ\u00f3mico, algo que claramente no representa una barrera para estos magnates.<\/p>\n\n\n\n<h2 class=\"wp-block-heading\">Las provincias con mayor cantidad de tierras extranjerizadas<\/h2>\n\n\n\n<p class=\"wp-block-paragraph\">Actualmente, entre las provincias con mayor cantidad de tierras en manos extranjeras se encuentra&nbsp;<strong>Salta<\/strong>, con el&nbsp;<strong>11,31% de su territorio rural bajo dominio extranjero<\/strong>.<\/p>\n\n\n\n<p class=\"wp-block-paragraph\">Le siguen&nbsp;<strong>Misiones<\/strong>, con el&nbsp;<strong>11,29%<\/strong>, y&nbsp;<strong>San Juan<\/strong>, con el&nbsp;<strong>10,36%<\/strong>.<\/p>\n\n\n\n<h2 class=\"wp-block-heading\">Los departamentos y partidos con mayor presencia extranjera<\/h2>\n\n\n\n<p class=\"wp-block-paragraph\">En cuanto a los departamentos o partidos con mayor porcentaje de tierras extranjerizadas, los casos m\u00e1s elevados se encuentran en:<\/p>\n\n\n\n<ul class=\"wp-block-list\">\n<li><strong>Salta:<\/strong>&nbsp;San Carlos, con&nbsp;<strong>59,82%<\/strong>, y Molinos, con&nbsp;<strong>57,79%<\/strong>.<\/li>\n\n\n\n<li><strong>La Rioja:<\/strong>&nbsp;General Lamadrid, con&nbsp;<strong>56,70%<\/strong>.<\/li>\n\n\n\n<li><strong>Neuqu\u00e9n:<\/strong>&nbsp;L\u00e1car, con&nbsp;<strong>54,17%<\/strong>.<\/li>\n\n\n\n<li><strong>Buenos Aires:<\/strong>&nbsp;el partido de Campana, con&nbsp;<strong>50,27%<\/strong><\/li>\n<\/ul>\n\n\n\n<h2 class=\"wp-block-heading\"><strong>Ranking de&nbsp;Provincias:<\/strong><\/h2>\n\n\n\n<figure class=\"wp-block-table\"><table class=\"has-fixed-layout\"><thead><tr><th class=\"has-text-align-center\" data-align=\"center\">Puesto<\/th><th class=\"has-text-align-center\" data-align=\"center\">Provincia<\/th><th class=\"has-text-align-center\" data-align=\"center\">Hect\u00e1reas rurales<\/th><th class=\"has-text-align-center\" data-align=\"center\">Hect\u00e1reas extranjerizadas<\/th><th class=\"has-text-align-center\" data-align=\"center\">%<\/th><\/tr><\/thead><tbody><tr><td class=\"has-text-align-center\" data-align=\"center\">1<\/td><td class=\"has-text-align-left\" data-align=\"left\"><strong>Salta<\/strong><\/td><td class=\"has-text-align-center\" data-align=\"center\">15.492.908<\/td><td class=\"has-text-align-center\" data-align=\"center\">1.752.523,73<\/td><td class=\"has-text-align-center\" data-align=\"center\"><strong>11,31%<\/strong><\/td><\/tr><tr><td class=\"has-text-align-center\" data-align=\"center\">2<\/td><td class=\"has-text-align-left\" data-align=\"left\"><strong>Misiones<\/strong><\/td><td class=\"has-text-align-center\" data-align=\"center\">2.886.252,94<\/td><td class=\"has-text-align-center\" data-align=\"center\">325.756,36<\/td><td class=\"has-text-align-center\" data-align=\"center\"><strong>11,29%<\/strong><\/td><\/tr><tr><td class=\"has-text-align-center\" data-align=\"center\">3<\/td><td class=\"has-text-align-left\" data-align=\"left\"><strong>San Juan<\/strong><\/td><td class=\"has-text-align-center\" data-align=\"center\">8.563.640,35<\/td><td class=\"has-text-align-center\" data-align=\"center\">887.370,49<\/td><td class=\"has-text-align-center\" data-align=\"center\"><strong>10,36%<\/strong><\/td><\/tr><tr><td class=\"has-text-align-center\" data-align=\"center\">4<\/td><td class=\"has-text-align-left\" data-align=\"left\"><strong>Mendoza<\/strong><\/td><td class=\"has-text-align-center\" data-align=\"center\">14.829.800<\/td><td class=\"has-text-align-center\" data-align=\"center\">1.343.983,51<\/td><td class=\"has-text-align-center\" data-align=\"center\"><strong>9,06%<\/strong><\/td><\/tr><tr><td class=\"has-text-align-center\" data-align=\"center\">5<\/td><td class=\"has-text-align-left\" data-align=\"left\"><strong>Catamarca<\/strong><\/td><td class=\"has-text-align-center\" data-align=\"center\">10.311.732<\/td><td class=\"has-text-align-center\" data-align=\"center\">848.027,39<\/td><td class=\"has-text-align-center\" data-align=\"center\"><strong>8,22%<\/strong><\/td><\/tr><tr><td class=\"has-text-align-center\" data-align=\"center\">6<\/td><td class=\"has-text-align-left\" data-align=\"left\"><strong>Santa Cruz<\/strong><\/td><td class=\"has-text-align-center\" data-align=\"center\">23.483.545,44<\/td><td class=\"has-text-align-center\" data-align=\"center\">1.905.083,75<\/td><td class=\"has-text-align-center\" data-align=\"center\"><strong>8,11%<\/strong><\/td><\/tr><tr><td class=\"has-text-align-center\" data-align=\"center\">7<\/td><td class=\"has-text-align-left\" data-align=\"left\"><strong>Corrientes<\/strong><\/td><td class=\"has-text-align-center\" data-align=\"center\">7.257.517,96<\/td><td class=\"has-text-align-center\" data-align=\"center\">554.093,72<\/td><td class=\"has-text-align-center\" data-align=\"center\"><strong>7,63%<\/strong><\/td><\/tr><tr><td class=\"has-text-align-center\" data-align=\"center\">8<\/td><td class=\"has-text-align-left\" data-align=\"left\"><strong>Neuqu\u00e9n<\/strong><\/td><td class=\"has-text-align-center\" data-align=\"center\">9.152.139,34<\/td><td class=\"has-text-align-center\" data-align=\"center\">504.040,94<\/td><td class=\"has-text-align-center\" data-align=\"center\"><strong>5,51%<\/strong><\/td><\/tr><tr><td class=\"has-text-align-center\" data-align=\"center\">9<\/td><td class=\"has-text-align-left\" data-align=\"left\"><strong>Santiago del Estero<\/strong><\/td><td class=\"has-text-align-center\" data-align=\"center\">13.571.992,42<\/td><td class=\"has-text-align-center\" data-align=\"center\">670.174,66<\/td><td class=\"has-text-align-center\" data-align=\"center\"><strong>4,94%<\/strong><\/td><\/tr><tr><td class=\"has-text-align-center\" data-align=\"center\">10<\/td><td class=\"has-text-align-left\" data-align=\"left\"><strong>Tierra del Fuego<\/strong><\/td><td class=\"has-text-align-center\" data-align=\"center\">1.926.919<\/td><td class=\"has-text-align-center\" data-align=\"center\">89.848,29<\/td><td class=\"has-text-align-center\" data-align=\"center\"><strong>4,66%<\/strong><\/td><\/tr><tr><td class=\"has-text-align-center\" data-align=\"center\">11<\/td><td class=\"has-text-align-left\" data-align=\"left\"><strong>Tucum\u00e1n<\/strong><\/td><td class=\"has-text-align-center\" data-align=\"center\">2.215.732,70<\/td><td class=\"has-text-align-center\" data-align=\"center\">89.558,94<\/td><td class=\"has-text-align-center\" data-align=\"center\"><strong>4,04%<\/strong><\/td><\/tr><tr><td class=\"has-text-align-center\" data-align=\"center\">12<\/td><td class=\"has-text-align-left\" data-align=\"left\"><strong>Chubut<\/strong><\/td><td class=\"has-text-align-center\" data-align=\"center\">22.229.905,80<\/td><td class=\"has-text-align-center\" data-align=\"center\">882.628,45<\/td><td class=\"has-text-align-center\" data-align=\"center\"><strong>3,97%<\/strong><\/td><\/tr><tr><td class=\"has-text-align-center\" data-align=\"center\">13<\/td><td class=\"has-text-align-left\" data-align=\"left\"><strong>Jujuy<\/strong><\/td><td class=\"has-text-align-center\" data-align=\"center\">5.284.892,88<\/td><td class=\"has-text-align-center\" data-align=\"center\">192.680,79<\/td><td class=\"has-text-align-center\" data-align=\"center\"><strong>3,65%<\/strong><\/td><\/tr><tr><td class=\"has-text-align-center\" data-align=\"center\">14<\/td><td class=\"has-text-align-left\" data-align=\"left\"><strong>Entre R\u00edos<\/strong><\/td><td class=\"has-text-align-center\" data-align=\"center\">7.641.341,89<\/td><td class=\"has-text-align-center\" data-align=\"center\">246.905,52<\/td><td class=\"has-text-align-center\" data-align=\"center\"><strong>3,23%<\/strong><\/td><\/tr><tr><td class=\"has-text-align-center\" data-align=\"center\">15<\/td><td class=\"has-text-align-left\" data-align=\"left\"><strong>Buenos Aires<\/strong><\/td><td class=\"has-text-align-center\" data-align=\"center\">28.833.860,64<\/td><td class=\"has-text-align-center\" data-align=\"center\">827.341,12<\/td><td class=\"has-text-align-center\" data-align=\"center\"><strong>2,87%<\/strong><\/td><\/tr><tr><td class=\"has-text-align-center\" data-align=\"center\">16<\/td><td class=\"has-text-align-left\" data-align=\"left\"><strong>Chaco<\/strong><\/td><td class=\"has-text-align-center\" data-align=\"center\">8.994.746,59<\/td><td class=\"has-text-align-center\" data-align=\"center\">246.275,07<\/td><td class=\"has-text-align-center\" data-align=\"center\"><strong>2,74%<\/strong><\/td><\/tr><tr><td class=\"has-text-align-center\" data-align=\"center\">17<\/td><td class=\"has-text-align-left\" data-align=\"left\"><strong>San Luis<\/strong><\/td><td class=\"has-text-align-center\" data-align=\"center\">7.566.383,62<\/td><td class=\"has-text-align-center\" data-align=\"center\">202.514,36<\/td><td class=\"has-text-align-center\" data-align=\"center\"><strong>2,68%<\/strong><\/td><\/tr><tr><td class=\"has-text-align-center\" data-align=\"center\">18<\/td><td class=\"has-text-align-left\" data-align=\"left\"><strong>La Pampa<\/strong><\/td><td class=\"has-text-align-center\" data-align=\"center\">14.281.146,41<\/td><td class=\"has-text-align-center\" data-align=\"center\">340.790,30<\/td><td class=\"has-text-align-center\" data-align=\"center\"><strong>2,39%<\/strong><\/td><\/tr><tr><td class=\"has-text-align-center\" data-align=\"center\">19<\/td><td class=\"has-text-align-left\" data-align=\"left\"><strong>Formosa<\/strong><\/td><td class=\"has-text-align-center\" data-align=\"center\">6.382.416<\/td><td class=\"has-text-align-center\" data-align=\"center\">114.933,45<\/td><td class=\"has-text-align-center\" data-align=\"center\"><strong>1,80%<\/strong><\/td><\/tr><tr><td class=\"has-text-align-center\" data-align=\"center\">20<\/td><td class=\"has-text-align-left\" data-align=\"left\"><strong>R\u00edo Negro<\/strong><\/td><td class=\"has-text-align-center\" data-align=\"center\">17.679.594,49<\/td><td class=\"has-text-align-center\" data-align=\"center\">317.496,16<\/td><td class=\"has-text-align-center\" data-align=\"center\"><strong>1,80%<\/strong><\/td><\/tr><tr><td class=\"has-text-align-center\" data-align=\"center\">21<\/td><td class=\"has-text-align-left\" data-align=\"left\"><strong>Santa Fe<\/strong><\/td><td class=\"has-text-align-center\" data-align=\"center\">12.832.374,82<\/td><td class=\"has-text-align-center\" data-align=\"center\">219.804,32<\/td><td class=\"has-text-align-center\" data-align=\"center\"><strong>1,71%<\/strong><\/td><\/tr><tr><td class=\"has-text-align-center\" data-align=\"center\">22<\/td><td class=\"has-text-align-left\" data-align=\"left\"><strong>C\u00f3rdoba<\/strong><\/td><td class=\"has-text-align-center\" data-align=\"center\">16.269.483,71<\/td><td class=\"has-text-align-center\" data-align=\"center\">196.834,27<\/td><td class=\"has-text-align-center\" data-align=\"center\"><strong>1,21%<\/strong><\/td><\/tr><\/tbody><\/table><\/figure>\n\n\n\n<p class=\"wp-block-paragraph\">&#x1f7e5;&nbsp;<strong>Rojo:<\/strong>&nbsp;Provincias con&nbsp;<strong>10% o m\u00e1s<\/strong>&nbsp;de tierras rurales en manos extranjeras, las m\u00e1s cercanas al l\u00edmite legal del&nbsp;<strong>15%<\/strong>&nbsp;establecido por la Ley 26.737.<br><br>&#x1f7e8;&nbsp;<strong>Amarillo:<\/strong>&nbsp;Provincias con entre&nbsp;<strong>5% y 9,99%<\/strong>, en una situaci\u00f3n intermedia respecto del l\u00edmite legal.<br><br>&#x1f7e9;&nbsp;<strong>Verde:<\/strong>&nbsp;Provincias con&nbsp;<strong>menos del 5%<\/strong>, las m\u00e1s alejadas del l\u00edmite legal.<\/p>\n\n\n\n<h2 class=\"wp-block-heading\"><strong>Departamentos o Partidos con m\u00e1s tierras extranjeras en su territorio:<\/strong><\/h2>\n\n\n\n<figure class=\"wp-block-table\"><table class=\"has-fixed-layout\"><thead><tr><th>Provincia<\/th><th>Departamento \/ Partido<\/th><th>Superficie Rural (Ha)<\/th><th>Tierras en manos extranjeras (Ha)<\/th><th>%<\/th><\/tr><\/thead><tbody><tr><td colspan=\"5\"><strong>Buenos Aires<\/strong><\/td><\/tr><tr><td><\/td><td>Campana<\/td><td>23.743,20<\/td><td>11.935,48<\/td><td><strong>50,27%<\/strong><\/td><\/tr><tr><td><\/td><td>Z\u00e1rate<\/td><td>48.394,72<\/td><td>12.003,64<\/td><td><strong>24,80%<\/strong><\/td><\/tr><tr><td colspan=\"5\"><strong>Catamarca<\/strong><\/td><\/tr><tr><td><\/td><td>Pacl\u00edn<\/td><td>98.373,00<\/td><td>20.321,54<\/td><td><strong>20,66%<\/strong><\/td><\/tr><tr><td><\/td><td>Tinogasta<\/td><td>2.288.319,00<\/td><td>608.956,63<\/td><td><strong>26,61%<\/strong><\/td><\/tr><tr><td colspan=\"5\"><strong>Chubut<\/strong><\/td><\/tr><tr><td><\/td><td>Cushamen<\/td><td>1.649.975,64<\/td><td>377.875,38<\/td><td><strong>22,90%<\/strong><\/td><\/tr><tr><td colspan=\"5\"><strong>Corrientes<\/strong><\/td><\/tr><tr><td><\/td><td>Ber\u00f3n de Astrada<\/td><td>71.281,88<\/td><td>23.325,02<\/td><td><strong>32,72%<\/strong><\/td><\/tr><tr><td><\/td><td>Ituzaing\u00f3<\/td><td>276.890,58<\/td><td>93.858,71<\/td><td><strong>33,90%<\/strong><\/td><\/tr><tr><td><\/td><td>Santo Tom\u00e9<\/td><td>657.308,36<\/td><td>92.471,20<\/td><td>14,07%<\/td><\/tr><tr><td colspan=\"5\"><strong>Jujuy<\/strong><\/td><\/tr><tr><td><\/td><td>El Carmen<\/td><td>89.683,91<\/td><td>13.270,80<\/td><td>14,80%<\/td><\/tr><tr><td><\/td><td>Humahuaca<\/td><td>378.793,24<\/td><td>98.726,31<\/td><td><strong>26,06%<\/strong><\/td><\/tr><tr><td><\/td><td>San Pedro<\/td><td>213.947,46<\/td><td>44.237,58<\/td><td><strong>20,68%<\/strong><\/td><\/tr><tr><td colspan=\"5\"><strong>La Rioja<\/strong><\/td><\/tr><tr><td><\/td><td>Chilecito<\/td><td>483.920,35<\/td><td>71.904,29<\/td><td>14,86%<\/td><\/tr><tr><td><\/td><td>General Lamadrid<\/td><td>617.003,65<\/td><td>349.858,10<\/td><td><strong>56,70%<\/strong><\/td><\/tr><tr><td colspan=\"5\"><strong>Mendoza<\/strong><\/td><\/tr><tr><td><\/td><td>Malarg\u00fce<\/td><td>4.130.600,00<\/td><td>608.739,78<\/td><td>14,74%<\/td><\/tr><tr><td><\/td><td>San Mart\u00edn<\/td><td>147.900,00<\/td><td>20.476,22<\/td><td>13,84%<\/td><\/tr><tr><td colspan=\"5\"><strong>Misiones<\/strong><\/td><\/tr><tr><td><\/td><td>Concepci\u00f3n<\/td><td>71.941,96<\/td><td>11.795,66<\/td><td><strong>16,40%<\/strong><\/td><\/tr><tr><td><\/td><td>Eldorado<\/td><td>192.507,84<\/td><td>31.266,08<\/td><td><strong>16,24%<\/strong><\/td><\/tr><tr><td><\/td><td>General San Mart\u00edn<\/td><td>148.154,47<\/td><td>24.858,42<\/td><td><strong>16,78%<\/strong><\/td><\/tr><tr><td><\/td><td>Iguaz\u00fa<\/td><td>286.378,35<\/td><td>114.406,68<\/td><td><strong>39,95%<\/strong><\/td><\/tr><tr><td><\/td><td>Montecarlo<\/td><td>173.606,09<\/td><td>31.866,75<\/td><td><strong>18,36%<\/strong><\/td><\/tr><tr><td colspan=\"5\"><strong>Neuqu\u00e9n<\/strong><\/td><\/tr><tr><td><\/td><td>L\u00e1car<\/td><td>475.095,11<\/td><td>257.346,02<\/td><td><strong>54,17%<\/strong><\/td><\/tr><tr><td colspan=\"5\"><strong>R\u00edo Negro<\/strong><\/td><\/tr><tr><td><\/td><td>Bariloche<\/td><td>169.391,01<\/td><td>23.050,79<\/td><td>13,61%<\/td><\/tr><tr><td colspan=\"5\"><strong>Salta<\/strong><\/td><\/tr><tr><td><\/td><td>Cafayate<\/td><td>154.758,00<\/td><td>35.759,34<\/td><td><strong>23,11%<\/strong><\/td><\/tr><tr><td><\/td><td>Cerrillos<\/td><td>62.863,00<\/td><td>15.485,59<\/td><td><strong>24,63%<\/strong><\/td><\/tr><tr><td><\/td><td>Chicoana<\/td><td>90.129,00<\/td><td>14.456,65<\/td><td><strong>16,04%<\/strong><\/td><\/tr><tr><td><\/td><td>Guachipas<\/td><td>278.408,00<\/td><td>94.205,62<\/td><td><strong>33,84%<\/strong><\/td><\/tr><tr><td><\/td><td>La Vi\u00f1a<\/td><td>214.943,00<\/td><td>60.662,71<\/td><td><strong>28,22%<\/strong><\/td><\/tr><tr><td><\/td><td>Molinos<\/td><td>359.894,00<\/td><td>207.985,80<\/td><td><strong>57,79%<\/strong><\/td><\/tr><tr><td><\/td><td>Or\u00e1n<\/td><td>1.185.676,00<\/td><td>276.043,86<\/td><td><strong>23,28%<\/strong><\/td><\/tr><tr><td><\/td><td>San Carlos<\/td><td>512.297,00<\/td><td>306.454,25<\/td><td><strong>59,82%<\/strong><\/td><\/tr><tr><td colspan=\"5\"><strong>San Juan<\/strong><\/td><\/tr><tr><td><\/td><td>Iglesia<\/td><td>1.803.484,26<\/td><td>450.044,61<\/td><td><strong>24,95%<\/strong><\/td><\/tr><tr><td><\/td><td>San Mart\u00edn<\/td><td>52.197,00<\/td><td>10.568,96<\/td><td><strong>20,25%<\/strong><\/td><\/tr><tr><td colspan=\"5\"><strong>Santa Cruz<\/strong><\/td><\/tr><tr><td><\/td><td>Magallanes<\/td><td>1.976.725,16<\/td><td>509.486,59<\/td><td><strong>25,77%<\/strong><\/td><\/tr><tr><td colspan=\"5\"><strong>Santa Fe<\/strong><\/td><\/tr><tr><td><\/td><td>Garay<\/td><td>391.776,85<\/td><td>61.629,59<\/td><td><strong>15,73%<\/strong><\/td><\/tr><tr><td colspan=\"5\"><strong>Santiago del Estero<\/strong><\/td><\/tr><tr><td><\/td><td>Aguirre<\/td><td>368.596,28<\/td><td>54.866,46<\/td><td>14,89%<\/td><\/tr><tr><td><\/td><td>Belgrano<\/td><td>331.057,63<\/td><td>49.214,18<\/td><td>14,87%<\/td><\/tr><tr><td><\/td><td>Jim\u00e9nez<\/td><td>482.880,53<\/td><td>77.123,85<\/td><td><strong>15,97%<\/strong><\/td><\/tr><tr><td colspan=\"5\"><strong>Tucum\u00e1n<\/strong><\/td><\/tr><tr><td><\/td><td>Cruz Alta<\/td><td>112.101,35<\/td><td>18.404,43<\/td><td><strong>16,42%<\/strong><\/td><\/tr><\/tbody><\/table><\/figure>\n\n\n\n<p class=\"wp-block-paragraph\"><strong>Nota:<\/strong>&nbsp;En negrita se destacan los departamentos o partidos que superan el l\u00edmite del&nbsp;<strong>15%<\/strong>&nbsp;de extranjerizaci\u00f3n establecido por la Ley 26.737.<\/p>\n\n\n\n<h2 class=\"wp-block-heading\">El mapa pol\u00edtico del Senado: los gobernadores aliados y los senadores que pueden definir el futuro de la Ley de Tierras<\/h2>\n\n\n\n<p class=\"wp-block-paragraph\">La modificaci\u00f3n de la Ley 26.737 de Protecci\u00f3n al Dominio Nacional sobre la Propiedad, Posesi\u00f3n o Tenencia de las Tierras Rurales no solo depende de los votos propios de La Libertad Avanza, sino de una compleja negociaci\u00f3n con gobernadores provinciales, fuerzas federales, sectores del PRO, radicalismo y bloques provinciales.<\/p>\n\n\n\n<p class=\"wp-block-paragraph\">El Gobierno de Javier Milei busca sumar apoyos de los denominados sectores \u00abdialoguistas\u00bb: mandatarios que, aunque pertenecen a distintos espacios pol\u00edticos, han mantenido canales de negociaci\u00f3n con la Casa Rosada y han acompa\u00f1ado algunas iniciativas oficiales en el Congreso.<\/p>\n\n\n\n<p class=\"wp-block-paragraph\">Entre los gobernadores que aparecen como posibles aliados o interlocutores del oficialismo se encuentran&nbsp;<strong>Gustavo S\u00e1enz (Salta), Ra\u00fal Jalil (Catamarca), Osvaldo Jaldo (Tucum\u00e1n), Hugo Passalacqua (Misiones), Alberto Weretilneck (R\u00edo Negro), Rolando Figueroa (Neuqu\u00e9n), Carlos Sadir (Jujuy), Mart\u00edn Llaryora (C\u00f3rdoba), Rogelio Frigerio (Entre R\u00edos), Ignacio Torres (Chubut), Claudio Vidal (Santa Cruz), Marcelo Orrego (San Juan), Claudio Poggi (San Luis), Gustavo Vald\u00e9s (Corrientes), Leandro Zdero (Chaco), Maximiliano Pullaro (Santa Fe) y Jorge Macri (Ciudad de Buenos Aires)<\/strong>.<\/p>\n\n\n\n<p class=\"wp-block-paragraph\">Aunque ninguno confirm\u00f3 p\u00fablicamente su respaldo espec\u00edfico a la modificaci\u00f3n de la Ley de Tierras, sus posiciones pol\u00edticas y su influencia sobre los senadores de sus provincias los convierten en actores centrales de la negociaci\u00f3n.<\/p>\n\n\n\n<p class=\"wp-block-paragraph\">Estos son los senadores de las provincias que podr\u00edan convertirse en votos determinantes:<\/p>\n\n\n\n<h2 class=\"wp-block-heading\">Salta: la provincia con mayor porcentaje de tierras extranjerizadas entre las mencionadas<\/h2>\n\n\n\n<p class=\"wp-block-paragraph\">La provincia gobernada por&nbsp;<strong>Gustavo S\u00e1enz el \u00abfalso Caudillo\u00bb<\/strong>&nbsp;es una de las que posee mayor porcentaje de tierras rurales en manos extranjeras, con el&nbsp;<strong>11,31% de su territorio bajo dominio extranjero<\/strong>.<\/p>\n\n\n\n<p class=\"wp-block-paragraph\"><a href=\"https:\/\/lapoliticambiental.com.ar\/contenido\/7767\/el-falso-gaucho-el-gobernador-de-salta-gustavo-saenz-usa-el-poncho-de-guemes-per\"><\/a><a href=\"https:\/\/lapoliticambiental.com.ar\/contenido\/7767\/el-falso-gaucho-el-gobernador-de-salta-gustavo-saenz-usa-el-poncho-de-guemes-per\">El \u201cFalso Cauidullo\u201d: El Gobernador de Salta Gustavo S\u00e1enz se viste de G\u00fcemes mientras Negocia la venta de tierras a extranjeros que quiere Milei<\/a><\/p>\n\n\n\n<figure class=\"wp-block-image\"><img decoding=\"async\" src=\"https:\/\/lapoliticambiental.com.ar\/download\/multimedia.normal.86f5a951e6ce216a.bm9ybWFsLndlYnA%3D.webp\" alt=\"ChatGPT Image 28 jul 2026, 12_09_03\"\/><\/figure>\n\n\n\n<p class=\"wp-block-paragraph\">Sus representantes en el Senado son:<\/p>\n\n\n\n<ul class=\"wp-block-list\">\n<li><strong>Gonzalo Guzm\u00e1n Coraita (La Libertad Avanza)<\/strong><\/li>\n\n\n\n<li><strong>Mar\u00eda Emilia Orozco (La Libertad Avanza)<\/strong><\/li>\n\n\n\n<li><strong>Flavia Roy\u00f3n (Frente Renovador \/ espacio provincial)<\/strong><\/li>\n<\/ul>\n\n\n\n<h2 class=\"wp-block-heading\">Catamarca: un gobernador peronista dialoguista con Naci\u00f3n<\/h2>\n\n\n\n<p class=\"wp-block-paragraph\">El gobernador&nbsp;<strong>Ra\u00fal Jalil<\/strong>&nbsp;mantiene una relaci\u00f3n de negociaci\u00f3n pol\u00edtica con el Gobierno nacional, especialmente en temas vinculados a inversiones y miner\u00eda.<\/p>\n\n\n\n<figure class=\"wp-block-image\"><img decoding=\"async\" src=\"https:\/\/lapoliticambiental.com.ar\/download\/multimedia.normal.b68a15bcec6c8997.bm9ybWFsLndlYnA%3D.webp\" alt=\"jali\"\/><\/figure>\n\n\n\n<p class=\"wp-block-paragraph\">Los senadores catamarque\u00f1os son:<\/p>\n\n\n\n<ul class=\"wp-block-list\">\n<li><strong>Guillermo Andrada (Uni\u00f3n por la Patria)<\/strong><\/li>\n\n\n\n<li><strong>Luc\u00eda Corpacci (Uni\u00f3n por la Patria)<\/strong><\/li>\n\n\n\n<li><strong>Flavio Fama (Uni\u00f3n C\u00edvica Radical \/ Juntos por el Cambio)<\/strong><\/li>\n<\/ul>\n\n\n\n<h2 class=\"wp-block-heading\">Tucum\u00e1n: otro distrito clave del peronismo no kirchnerista<\/h2>\n\n\n\n<p class=\"wp-block-paragraph\">El gobernador&nbsp;<strong>Osvaldo Jaldo<\/strong>&nbsp;es uno de los mandatarios peronistas que mantuvo acuerdos pol\u00edticos con la Casa Rosada durante el gobierno de Milei.<\/p>\n\n\n\n<figure class=\"wp-block-image\"><img decoding=\"async\" src=\"https:\/\/lapoliticambiental.com.ar\/download\/multimedia.normal.a078d46b35c1c161.bm9ybWFsLndlYnA%3D.webp\" alt=\"jaldo\"\/><\/figure>\n\n\n\n<p class=\"wp-block-paragraph\">Sus senadores son:<\/p>\n\n\n\n<ul class=\"wp-block-list\">\n<li><strong>Beatriz \u00c1vila (Partido por la Justicia Social \/ espacio provincial)<\/strong><\/li>\n\n\n\n<li><strong>Juan Luis Manzur (Uni\u00f3n por la Patria)<\/strong><\/li>\n\n\n\n<li><strong>Sandra Mendoza (Uni\u00f3n por la Patria)<\/strong><\/li>\n<\/ul>\n\n\n\n<h2 class=\"wp-block-heading\">Misiones: el peso del Frente Renovador de la Concordia<\/h2>\n\n\n\n<p class=\"wp-block-paragraph\">La provincia gobernada por&nbsp;<strong>Hugo Passalacqua<\/strong>&nbsp;responde al hist\u00f3rico espacio provincial Frente Renovador de la Concordia, que suele negociar su acompa\u00f1amiento parlamentario con los gobiernos nacionales.<\/p>\n\n\n\n<figure class=\"wp-block-image\"><img decoding=\"async\" src=\"https:\/\/lapoliticambiental.com.ar\/download\/multimedia.normal.9ec1779bfd891406.bm9ybWFsLndlYnA%3D.webp\" alt=\"misio\"\/><\/figure>\n\n\n\n<p class=\"wp-block-paragraph\">Los senadores misioneros son:<\/p>\n\n\n\n<ul class=\"wp-block-list\">\n<li><strong>Carlos Arce (Frente Renovador de la Concordia Social)<\/strong><\/li>\n\n\n\n<li><strong>Sonia Rojas Decut (Frente Renovador de la Concordia Social)<\/strong><\/li>\n\n\n\n<li><strong>Mart\u00edn Goerling (PRO)<\/strong><\/li>\n<\/ul>\n\n\n\n<h2 class=\"wp-block-heading\">R\u00edo Negro: un gobernador provincial con di\u00e1logo con Naci\u00f3n<\/h2>\n\n\n\n<p class=\"wp-block-paragraph\">El gobernador&nbsp;<strong>Alberto Weretilneck<\/strong>, l\u00edder de&nbsp;<strong>Juntos Somos R\u00edo Negro<\/strong>, forma parte del grupo de mandatarios provinciales que han mantenido conversaciones con el Gobierno nacional.<\/p>\n\n\n\n<figure class=\"wp-block-image\"><img decoding=\"async\" src=\"https:\/\/lapoliticambiental.com.ar\/download\/multimedia.normal.b356c3c5ee4e3238.bm9ybWFsLndlYnA%3D.webp\" alt=\"rio\"\/><\/figure>\n\n\n\n<p class=\"wp-block-paragraph\">Sus representantes en el Senado son:<\/p>\n\n\n\n<ul class=\"wp-block-list\">\n<li><strong>M\u00f3nica Silva (Juntos Somos R\u00edo Negro)<\/strong><\/li>\n\n\n\n<li><strong>Mart\u00edn Do\u00f1ate (Uni\u00f3n por la Patria)<\/strong><\/li>\n\n\n\n<li><strong>Sergio Capozzi (PRO)<\/strong><\/li>\n<\/ul>\n\n\n\n<h2 class=\"wp-block-heading\">Neuqu\u00e9n: el rol del espacio provincial de Rolando Figueroa<\/h2>\n\n\n\n<p class=\"wp-block-paragraph\">El gobernador&nbsp;<strong>Rolando Figueroa<\/strong>, de origen provincialista, tambi\u00e9n aparece dentro del grupo de mandatarios con di\u00e1logo con la administraci\u00f3n de Milei.<\/p>\n\n\n\n<figure class=\"wp-block-image\"><img decoding=\"async\" src=\"https:\/\/lapoliticambiental.com.ar\/download\/multimedia.normal.a6cbe5a3a2abc088.bm9ybWFsLndlYnA%3D.webp\" alt=\"neu\"\/><\/figure>\n\n\n\n<p class=\"wp-block-paragraph\">Los senadores neuquinos son:<\/p>\n\n\n\n<ul class=\"wp-block-list\">\n<li><strong>Nadia M\u00e1rquez (La Libertad Avanza)<\/strong><\/li>\n\n\n\n<li><strong>Julieta Corroza (espacio provincial)<\/strong><\/li>\n\n\n\n<li><strong>Oscar Parrilli (Uni\u00f3n por la Patria)<\/strong><\/li>\n<\/ul>\n\n\n\n<h2 class=\"wp-block-heading\">Jujuy: entre La Libertad Avanza y el radicalismo provincial<\/h2>\n\n\n\n<p class=\"wp-block-paragraph\">El gobernador&nbsp;<strong>Carlos Sadir<\/strong>, perteneciente al espacio que integra el oficialismo provincial junto a sectores radicales, mantiene canales de di\u00e1logo con Naci\u00f3n.<\/p>\n\n\n\n<figure class=\"wp-block-image\"><img decoding=\"async\" src=\"https:\/\/lapoliticambiental.com.ar\/download\/multimedia.miniatura.8a495939081bb2f3.bWluaWF0dXJhLndlYnA%3D.webp\" alt=\"juj\"\/><\/figure>\n\n\n\n<p class=\"wp-block-paragraph\">Los senadores juje\u00f1os son:<\/p>\n\n\n\n<ul class=\"wp-block-list\">\n<li><strong>Ezequiel Atauche (La Libertad Avanza)<\/strong><\/li>\n\n\n\n<li><strong>Vilma Bedia (La Libertad Avanza)<\/strong><\/li>\n\n\n\n<li><strong>Carolina Mois\u00e9s (Uni\u00f3n por la Patria)<\/strong><\/li>\n<\/ul>\n\n\n\n<h2 class=\"wp-block-heading\">San Juan<\/h2>\n\n\n\n<p class=\"wp-block-paragraph\">Gobernada por&nbsp;<strong>Marcelo Orrego<\/strong>, la provincia tiene un peso estrat\u00e9gico por sus recursos mineros y la presencia de inversiones extranjeras.<\/p>\n\n\n\n<figure class=\"wp-block-image\"><img decoding=\"async\" src=\"https:\/\/lapoliticambiental.com.ar\/download\/multimedia.normal.a80644bac065a43e.bm9ybWFsLndlYnA%3D.webp\" alt=\"san j\"\/><\/figure>\n\n\n\n<p class=\"wp-block-paragraph\">Sus senadores son:<\/p>\n\n\n\n<ul class=\"wp-block-list\">\n<li><strong>Bruno Olivera Lucero (La Libertad Avanza)<\/strong><\/li>\n\n\n\n<li><strong>Mar\u00eda Celeste Gim\u00e9nez Navarro (Uni\u00f3n por la Patria)<\/strong><\/li>\n\n\n\n<li><strong>Sergio U\u00f1ac (Uni\u00f3n por la Patria)<\/strong><\/li>\n<\/ul>\n\n\n\n<h2 class=\"wp-block-heading\">San Luis<\/h2>\n\n\n\n<p class=\"wp-block-paragraph\">Gobernada por&nbsp;<strong>Claudio Poggi<\/strong>, mantiene una relaci\u00f3n cercana con el Gobierno nacional.<\/p>\n\n\n\n<figure class=\"wp-block-image\"><img decoding=\"async\" src=\"https:\/\/lapoliticambiental.com.ar\/download\/multimedia.normal.bfa6d95d1e878114.bm9ybWFsLndlYnA%3D.webp\" alt=\"poggi-milei\"\/><\/figure>\n\n\n\n<p class=\"wp-block-paragraph\">Sus senadores son:<\/p>\n\n\n\n<ul class=\"wp-block-list\">\n<li><strong>Bartolom\u00e9 Abdala (La Libertad Avanza)<\/strong><\/li>\n\n\n\n<li><strong>Ivanna Arrascaeta (La Libertad Avanza)<\/strong><\/li>\n\n\n\n<li><strong>Fernando Salino (Uni\u00f3n por la Patria)<\/strong><\/li>\n<\/ul>\n\n\n\n<h2 class=\"wp-block-heading\">C\u00f3rdoba<\/h2>\n\n\n\n<p class=\"wp-block-paragraph\">Gobernada por&nbsp;<strong>Mart\u00edn Llaryora<\/strong>, uno de los mandatarios del peronismo federal con di\u00e1logo con Naci\u00f3n.<\/p>\n\n\n\n<figure class=\"wp-block-image\"><img decoding=\"async\" src=\"https:\/\/lapoliticambiental.com.ar\/download\/multimedia.normal.a362c580abdab52c.bm9ybWFsLndlYnA%3D.webp\" alt=\"cba\"\/><\/figure>\n\n\n\n<p class=\"wp-block-paragraph\">Sus senadores son:<\/p>\n\n\n\n<ul class=\"wp-block-list\">\n<li><strong>Luis Juez (PRO)<\/strong><\/li>\n\n\n\n<li><strong>Carmen \u00c1lvarez Rivero (PRO)<\/strong><\/li>\n\n\n\n<li><strong>Alejandra Vigo (Hacemos por C\u00f3rdoba)<\/strong><\/li>\n<\/ul>\n\n\n\n<h2 class=\"wp-block-heading\">Santa Fe<\/h2>\n\n\n\n<p class=\"wp-block-paragraph\">Gobernada por&nbsp;<strong>Maximiliano Pullaro<\/strong>, integrante del frente provincial Unidos.<\/p>\n\n\n\n<figure class=\"wp-block-image\"><img decoding=\"async\" src=\"https:\/\/lapoliticambiental.com.ar\/download\/multimedia.miniatura.b4f369c08ab1b031.bWluaWF0dXJhLndlYnA%3D.webp\" alt=\"santa fe\"\/><\/figure>\n\n\n\n<p class=\"wp-block-paragraph\">Sus senadores son:<\/p>\n\n\n\n<ul class=\"wp-block-list\">\n<li><strong>Carolina Losada (UCR \/ Juntos por el Cambio)<\/strong><\/li>\n\n\n\n<li><strong>Eduardo Galaretto (UCR \/ Provincias Unidas)<\/strong><\/li>\n\n\n\n<li><strong>Marcelo Lewandowski (Uni\u00f3n por la Patria)<\/strong><\/li>\n<\/ul>\n\n\n\n<h2 class=\"wp-block-heading\">Entre R\u00edos<\/h2>\n\n\n\n<p class=\"wp-block-paragraph\">Gobernada por&nbsp;<strong>Rogelio Frigerio (PRO)<\/strong>, uno de los gobernadores cercanos a la Casa Rosada.<\/p>\n\n\n\n<figure class=\"wp-block-image\"><img decoding=\"async\" src=\"https:\/\/lapoliticambiental.com.ar\/download\/multimedia.miniatura.ab8185524c6b55b5.bWluaWF0dXJhLndlYnA%3D.webp\" alt=\"entre\"\/><\/figure>\n\n\n\n<p class=\"wp-block-paragraph\">Sus senadores son:<\/p>\n\n\n\n<ul class=\"wp-block-list\">\n<li><strong>Alfredo De Angeli (PRO)<\/strong><\/li>\n\n\n\n<li><strong>Joaqu\u00edn Benegas Lynch (La Libertad Avanza)<\/strong><\/li>\n\n\n\n<li><strong>Romina Almeida (La Libertad Avanza)<\/strong><\/li>\n<\/ul>\n\n\n\n<h2 class=\"wp-block-heading\">Corrientes<\/h2>\n\n\n\n<p class=\"wp-block-paragraph\">Gobernada por&nbsp;<strong>Gustavo Vald\u00e9s (UCR)<\/strong>, otro mandatario con di\u00e1logo con Naci\u00f3n.<\/p>\n\n\n\n<figure class=\"wp-block-image\"><img decoding=\"async\" src=\"https:\/\/lapoliticambiental.com.ar\/download\/multimedia.normal.86e96733494316bf.bm9ybWFsLndlYnA%3D.webp\" alt=\"aa4fe4e4-b216-42db-9dd4-73a7225a52ab_16-9-discover-aspect-ratio_default_0\"\/><\/figure>\n\n\n\n<p class=\"wp-block-paragraph\">Sus senadores son:<\/p>\n\n\n\n<ul class=\"wp-block-list\">\n<li><strong>Eduardo Vischi (UCR \/ Vamos Corrientes)<\/strong><\/li>\n\n\n\n<li><strong>Mercedes Valenzuela (UCR \/ Vamos Corrientes)<\/strong><\/li>\n\n\n\n<li><strong>Carlos Esp\u00ednola (Unidad Federal)<\/strong><\/li>\n<\/ul>\n\n\n\n<h2 class=\"wp-block-heading\">Chaco<\/h2>\n\n\n\n<p class=\"wp-block-paragraph\">Gobernada por&nbsp;<strong>Leandro Zdero (UCR)<\/strong>, provincia donde el oficialismo nacional busca consolidar acuerdos.<\/p>\n\n\n\n<figure class=\"wp-block-image\"><img decoding=\"async\" src=\"https:\/\/lapoliticambiental.com.ar\/download\/multimedia.normal.8ef47c43d808d39a.bm9ybWFsLndlYnA%3D.webp\" alt=\"whatsapp-image-2025-09-12-at-6-08-41-pm-68c48c99119a5761357655\"\/><\/figure>\n\n\n\n<p class=\"wp-block-paragraph\">Sus senadores son:<\/p>\n\n\n\n<ul class=\"wp-block-list\">\n<li><strong>Silvana Schneider (UCR)<\/strong><\/li>\n\n\n\n<li><strong>Jorge Capitanich (Uni\u00f3n por la Patria)<\/strong><\/li>\n\n\n\n<li><strong>Juan Cruz Godoy (Uni\u00f3n por la Patria)<\/strong><\/li>\n<\/ul>\n\n\n\n<h2 class=\"wp-block-heading\">Chubut<\/h2>\n\n\n\n<p class=\"wp-block-paragraph\">Gobernada por&nbsp;<strong>Ignacio Torres (PRO)<\/strong>, integrante de los gobernadores que negociaron acuerdos con Naci\u00f3n.<\/p>\n\n\n\n<figure class=\"wp-block-image\"><img decoding=\"async\" src=\"https:\/\/lapoliticambiental.com.ar\/download\/multimedia.normal.a81f602b8b1e74a8.bm9ybWFsLndlYnA%3D.webp\" alt=\"chub\"\/><\/figure>\n\n\n\n<p class=\"wp-block-paragraph\">Sus senadores son:<\/p>\n\n\n\n<ul class=\"wp-block-list\">\n<li><strong>Andrea Cristina (PRO)<\/strong><\/li>\n\n\n\n<li><strong>Edith Terenzi (UCR)<\/strong><\/li>\n\n\n\n<li><strong>Carlos Linares (Uni\u00f3n por la Patria)<\/strong><\/li>\n<\/ul>\n\n\n\n<h2 class=\"wp-block-heading\">Santa Cruz<\/h2>\n\n\n\n<p class=\"wp-block-paragraph\">Gobernada por&nbsp;<strong>Claudio Vidal<\/strong>, un mandatario provincial que mantiene di\u00e1logo con Milei.<\/p>\n\n\n\n<figure class=\"wp-block-image\"><img decoding=\"async\" src=\"https:\/\/lapoliticambiental.com.ar\/download\/multimedia.normal.87898d5a9c7bee1a.bm9ybWFsLndlYnA%3D.webp\" alt=\"multimedia.normal.93211239b1a4ed5d.SW1hZ2VuIGRlIFdoYXRzQXBwIDIwMjQtMDEtMDUgYSBfbm9ybWFsLmpwZw==\"\/><\/figure>\n\n\n\n<p class=\"wp-block-paragraph\">Sus senadores son:<\/p>\n\n\n\n<ul class=\"wp-block-list\">\n<li><strong>Jos\u00e9 Mar\u00eda Carambia (Por Santa Cruz)<\/strong><\/li>\n\n\n\n<li><strong>Natalia Gadano (Por Santa Cruz)<\/strong><\/li>\n\n\n\n<li><strong>Alicia Kirchner (Uni\u00f3n por la Patria)<\/strong><\/li>\n<\/ul>\n\n\n\n<h2 class=\"wp-block-heading\">Ciudad Aut\u00f3noma de Buenos Aires<\/h2>\n\n\n\n<p class=\"wp-block-paragraph\">Gobernada por&nbsp;<strong>Jorge Macri (PRO)<\/strong>, la Capital Federal tambi\u00e9n tendr\u00e1 un rol dentro del debate nacional, principalmente a trav\u00e9s de sus representantes en la C\u00e1mara alta.<\/p>\n\n\n\n<figure class=\"wp-block-image\"><img decoding=\"async\" src=\"https:\/\/lapoliticambiental.com.ar\/download\/multimedia.miniatura.b3605f1469460884.bWluaWF0dXJhLndlYnA%3D.webp\" alt=\"macri-2\"\/><\/figure>\n\n\n\n<p class=\"wp-block-paragraph\">Sus senadores son:<\/p>\n\n\n\n<ul class=\"wp-block-list\">\n<li><strong>Mart\u00edn Lousteau (Uni\u00f3n C\u00edvica Radical)<\/strong><\/li>\n\n\n\n<li><strong>Guadalupe Tagliaferri (PRO)<\/strong><\/li>\n\n\n\n<li><strong>Carlos Ariel Arce (La Libertad Avanza)<\/strong><\/li>\n<\/ul>\n\n\n\n<p class=\"wp-block-paragraph\">La posici\u00f3n de los representantes porte\u00f1os puede ser clave dentro del bloque opositor dialoguista y en las negociaciones entre el PRO y el oficialismo nacional.<\/p>\n\n\n\n<h2 class=\"wp-block-heading\">Una discusi\u00f3n sobre soberan\u00eda e inversiones<\/h2>\n\n\n\n<p class=\"wp-block-paragraph\">Este jueves no se debate solamente una ley m\u00e1s: est\u00e1 en juego la soberan\u00eda del pa\u00eds.<\/p>\n\n\n\n<p class=\"wp-block-paragraph\">La justificaci\u00f3n que plantea el Gobierno es que la modificaci\u00f3n permitir\u00e1 atraer inversiones, un argumento similar al utilizado para defender otras normas aprobadas, como el RIGI.<\/p>\n\n\n\n<p class=\"wp-block-paragraph\">Sin embargo, hasta el momento, seg\u00fan esta postura cr\u00edtica, lo que ocurri\u00f3 con algunos de esos beneficios fue que empresas que ya operaban en el pa\u00eds modificaron sus estructuras o nombres para volver a ingresar y quedar incluidas dentro del r\u00e9gimen, accediendo a beneficios fiscales que antes no ten\u00edan, como en los casos de la minera&nbsp;<strong>Rio Tinto<\/strong>&nbsp;en Salta y Catamarca o&nbsp;<strong>Vicu\u00f1a<\/strong>&nbsp;en San Juan.<\/p>\n\n\n\n<p class=\"wp-block-paragraph\"><a href=\"https:\/\/www.facebook.com\/sharer\/sharer.php?u=https:\/\/lapoliticambiental.com.ar\/contenido\/7793\/argentina-en-venta-milei-busca-que-los-extranjeros-puedan-comprar-tierras-sin-li\" target=\"_blank\" rel=\"noreferrer noopener\"><\/a><a href=\"https:\/\/twitter.com\/intent\/tweet?url=https:\/\/lapoliticambiental.com.ar\/contenido\/7793\/argentina-en-venta-milei-busca-que-los-extranjeros-puedan-comprar-tierras-sin-li&amp;text=Argentina%20en%20Venta%3A%20Milei%20busca%20que%20los%20extranjeros%20puedan%20comprar%20tierras%20Sin%20Limite%20y%20gobernadores%20aliados%20analizan%20darle%20el%20apoyo%20en%20el%20Senado\" target=\"_blank\" rel=\"noreferrer noopener\"><\/a><a href=\"https:\/\/www.linkedin.com\/shareArticle?url=https:\/\/lapoliticambiental.com.ar\/contenido\/7793\/argentina-en-venta-milei-busca-que-los-extranjeros-puedan-comprar-tierras-sin-li\" target=\"_blank\" rel=\"noreferrer noopener\"><\/a><a href=\"https:\/\/pinterest.com\/pin\/create\/bookmarklet\/?url=https:\/\/lapoliticambiental.com.ar\/contenido\/7793\/argentina-en-venta-milei-busca-que-los-extranjeros-puedan-comprar-tierras-sin-li\" target=\"_blank\" rel=\"noreferrer noopener\"><\/a><a href=\"https:\/\/api.whatsapp.com\/send?text=Argentina%20en%20Venta:%20Milei%20busca%20que%20los%20extranjeros%20puedan%20comprar%20tierras%20Sin%20Limite%20y%20gobernadores%20aliados%20analizan%20darle%20el%20apoyo%20en%20el%20Senado+https:\/\/lapoliticambiental.com.ar\/contenido\/7793\/argentina-en-venta-milei-busca-que-los-extranjeros-puedan-comprar-tierras-sin-li\" target=\"_blank\" rel=\"noreferrer noopener\"><\/a><a href=\"https:\/\/t.me\/share\/url?url=https:\/\/lapoliticambiental.com.ar\/contenido\/7793\/argentina-en-venta-milei-busca-que-los-extranjeros-puedan-comprar-tierras-sin-li&amp;text=Argentina%20en%20Venta:%20Milei%20busca%20que%20los%20extranjeros%20puedan%20comprar%20tierras%20Sin%20Limite%20y%20gobernadores%20aliados%20analizan%20darle%20el%20apoyo%20en%20el%20Senado\" target=\"_blank\" rel=\"noreferrer noopener\"><\/a><\/p>\n","protected":false},"excerpt":{"rendered":"<p>Fuente: La Pol\u00edtica Ambiental &#8211; 04 de agosto, 2026 Este jueves, el Senado de la Naci\u00f3n tratar\u00e1 una de las leyes m\u00e1s controversiales impulsadas por el gobierno de Javier Milei: la modificaci\u00f3n de la Ley 26.737 de Protecci\u00f3n al Dominio Nacional sobre la Propiedad, Posesi\u00f3n o Tenencia de las Tierras Rurales, una normativa que actualmente [&hellip;]<\/p>\n","protected":false},"author":3,"featured_media":2919,"comment_status":"closed","ping_status":"closed","sticky":false,"template":"","format":"standard","meta":{"sync_status":"","episode_type":"","audio_file":"","castos_file_data":"","podmotor_file_id":"","cover_image":"","cover_image_id":"","duration":"","filesize":"","filesize_raw":"","date_recorded":"","explicit":"","block":"","footnotes":""},"categories":[17],"tags":[],"class_list":["post-2918","post","type-post","status-publish","format-standard","has-post-thumbnail","hentry","category-regionales-patagonia"],"_links":{"self":[{"href":"https:\/\/fmmural91.uno\/2024\/wp-json\/wp\/v2\/posts\/2918","targetHints":{"allow":["GET"]}}],"collection":[{"href":"https:\/\/fmmural91.uno\/2024\/wp-json\/wp\/v2\/posts"}],"about":[{"href":"https:\/\/fmmural91.uno\/2024\/wp-json\/wp\/v2\/types\/post"}],"author":[{"embeddable":true,"href":"https:\/\/fmmural91.uno\/2024\/wp-json\/wp\/v2\/users\/3"}],"replies":[{"embeddable":true,"href":"https:\/\/fmmural91.uno\/2024\/wp-json\/wp\/v2\/comments?post=2918"}],"version-history":[{"count":2,"href":"https:\/\/fmmural91.uno\/2024\/wp-json\/wp\/v2\/posts\/2918\/revisions"}],"predecessor-version":[{"id":2922,"href":"https:\/\/fmmural91.uno\/2024\/wp-json\/wp\/v2\/posts\/2918\/revisions\/2922"}],"wp:featuredmedia":[{"embeddable":true,"href":"https:\/\/fmmural91.uno\/2024\/wp-json\/wp\/v2\/media\/2919"}],"wp:attachment":[{"href":"https:\/\/fmmural91.uno\/2024\/wp-json\/wp\/v2\/media?parent=2918"}],"wp:term":[{"taxonomy":"category","embeddable":true,"href":"https:\/\/fmmural91.uno\/2024\/wp-json\/wp\/v2\/categories?post=2918"},{"taxonomy":"post_tag","embeddable":true,"href":"https:\/\/fmmural91.uno\/2024\/wp-json\/wp\/v2\/tags?post=2918"}],"curies":[{"name":"wp","href":"https:\/\/api.w.org\/{rel}","templated":true}]}}