{"id":2934,"date":"2026-08-06T11:53:40","date_gmt":"2026-08-06T14:53:40","guid":{"rendered":"https:\/\/fmmural91.uno\/2024\/?p=2934"},"modified":"2026-08-06T11:53:43","modified_gmt":"2026-08-06T14:53:43","slug":"una-intensa-nevada-se-registro-en-distintos-sectores-del-alto-valle-y-provoco-al-menos-dos-vuelcos-en-la-ruta-151","status":"publish","type":"post","link":"https:\/\/fmmural91.uno\/2024\/una-intensa-nevada-se-registro-en-distintos-sectores-del-alto-valle-y-provoco-al-menos-dos-vuelcos-en-la-ruta-151\/","title":{"rendered":"Una intensa nevada se registr\u00f3 en distintos sectores del Alto Valle y provoc\u00f3 al menos dos vuelcos en la Ruta 151"},"content":{"rendered":"\n<p class=\"wp-block-paragraph\">El intenso fen\u00f3meno se hizo sentir entre Barda del Medio y Catriel. Hubo dos vuelcos y la Polic\u00eda orden\u00f3 cortar la circulaci\u00f3n vehicular durante la madrugada.<\/p>\n\n\n\n<p class=\"wp-block-paragraph\">Fuente:<a href=\"https:\/\/www.lmcipolletti.com\/\">https:\/\/www.lmcipolletti.com\/<\/a>   &#8211;   06 de agosto, 2026.<\/p>\n\n\n\n<p class=\"wp-block-paragraph\">Una intensa&nbsp;<strong>nevada<\/strong>&nbsp;se registr\u00f3 en las \u00faltimas horas distintos sectores del&nbsp;<strong>Alto Valle<\/strong>&nbsp;rionegrino. El&nbsp;<a href=\"https:\/\/www.lmcipolletti.com\/provincia\/tension-la-ruta-151-un-colectivo-quedo-encajado-las-intensas-lluvias-n1248693\" target=\"_blank\" rel=\"noreferrer noopener\">fen\u00f3meno<\/a>&nbsp;se registr\u00f3 entre Barda del Medio y Catriel, y caus\u00f3 dificultades en el&nbsp;<strong>tr\u00e1nsito<\/strong>&nbsp;vehicular de la Ruta Nacional 151 aunque afortunadamente no habr\u00eda provocado personas&nbsp;<strong>heridas<\/strong>&nbsp;de gravedad.<\/p>\n\n\n\n<p class=\"wp-block-paragraph\">Alrededor de las 22 del mi\u00e9rcoles, un veh\u00edculo&nbsp;<strong>volc\u00f3<\/strong>&nbsp;a la altura de Bordo del Medio, un paraje rural ubicado a pocos kil\u00f3metros de&nbsp;<strong>Barda del Medio<\/strong>.<\/p>\n\n\n\n<p class=\"wp-block-paragraph\">La&nbsp;<strong>calzada<\/strong>&nbsp;hab\u00eda quedado cubierta por el manto blanco, por lo que se presume que la&nbsp;<strong>inestabilidad<\/strong>&nbsp;provocada por la precipitaci\u00f3n habr\u00eda hecho&nbsp;<strong>despistar<\/strong>&nbsp;al veh\u00edculo, que qued\u00f3 con sus ruedas hacia el cielo a un costado de la&nbsp;<strong>banquina.<\/strong>&nbsp;Sus ocupantes debieron ser&nbsp;<strong>auxiliados,<\/strong>&nbsp;aunque ninguna result\u00f3 con lesiones de consideraci\u00f3n.<\/p>\n\n\n\n<p class=\"wp-block-paragraph\">\u201cMi&nbsp;<strong>familia<\/strong>&nbsp;est\u00e1 bien. Por favor no sean&nbsp;<strong>opin\u00f3logos<\/strong>&nbsp;cuando no est\u00e1n en la situaci\u00f3n\u201d, coment\u00f3 una joven en la noticia publicada por catriel25noticias.com. Con la&nbsp;<strong>aclaraci\u00f3n<\/strong>&nbsp;busc\u00f3 responder a comentarios que adjudicaban el&nbsp;<strong>siniestro<\/strong>&nbsp;vial no solo a las condiciones&nbsp;<strong>clim\u00e1ticas,<\/strong>&nbsp;sino tambi\u00e9n al supuesto exceso de&nbsp;<strong>velocidad<\/strong>&nbsp;de parte del conductor.<\/p>\n\n\n\n<figure class=\"wp-block-image\"><img decoding=\"async\" src=\"https:\/\/media.lmcipolletti.com\/p\/3548ea06ad5cdc93aee291334599708d\/adjuntos\/198\/imagenes\/008\/337\/0008337436\/770x0\/smart\/ruta-cortada-catrie-nieve.png\" alt=\"\" title=\"\"\/><\/figure>\n\n\n\n<p class=\"wp-block-paragraph\">El mismo medio agreg\u00f3 que a ra\u00edz de la profusa nevada la&nbsp;<strong>Polic\u00eda<\/strong>&nbsp;decidi\u00f3&nbsp;<strong>cortar<\/strong>&nbsp;la circulaci\u00f3n vehicular entre los kil\u00f3metros 38 y 90, en proximidades de&nbsp;<strong>Catriel.<\/strong><\/p>\n\n\n\n<p class=\"wp-block-paragraph\">La medida gener\u00f3 que una gran larga&nbsp;<strong>fila<\/strong>&nbsp;de veh\u00edculos quedaras estacionados sobre las banquinas. Fotos publicadas con los reportes mostraban una gran cantidad de&nbsp;<strong>camiones,<\/strong>&nbsp;dado que la ruta, cuya superficie se encuentra&nbsp;<strong>deteriorada<\/strong>&nbsp;con deformaciones y pozos de grandes dimensiones en muchas partes de su&nbsp;<strong>traza,<\/strong>&nbsp;recibe la afluencia de equipos&nbsp;<strong>petroleros<\/strong>&nbsp;dados los yacimientos que se explotan en el \u00e1rea. Poco m\u00e1s tarde, ya de madrugada, el tr\u00e1nsito fue&nbsp;<strong>liberado.<\/strong><\/p>\n\n\n\n<p class=\"wp-block-paragraph\">De todos modos, alrededor de las 8 se produjo otro&nbsp;<strong>vuelco<\/strong>&nbsp;en la zona del vertedero municipal de la localidad petrolera provincia, donde se hab\u00eda desplegado un operativo de rescate con Bomberos y Polic\u00eda. Hasta el momento no hay informaci\u00f3n respecto al estado de salud de los&nbsp;<strong>ocupantes<\/strong>&nbsp;del rodado.<\/p>\n\n\n\n<h2 class=\"wp-block-heading\">Un colectivo encajado en el barrio<\/h2>\n\n\n\n<p class=\"wp-block-paragraph\">Un&nbsp;<strong>colectivo<\/strong>&nbsp;de&nbsp;<strong>pasajeros<\/strong>&nbsp;termin\u00f3&nbsp;<strong>encajado<\/strong>&nbsp;en la&nbsp;<strong>banquina de la Ruta 151,<\/strong>&nbsp;presuntamente tras sufrir la rotura de una de sus ruedas, lo que encendi\u00f3 nuevamente las&nbsp;<strong>alarmas<\/strong>&nbsp;sobre el cr\u00edtico estado de la calzada en medio de las&nbsp;<a href=\"https:\/\/www.lmcipolletti.com\/cipolletti\/el-municipio-ejecuta-un-plan-emergencia-asistir-los-barrios-mas-afectados-las-lluvias-n1248653\" target=\"_blank\" rel=\"noreferrer noopener\">intensas&nbsp;<strong>lluvias<\/strong><\/a><strong>.<\/strong>&nbsp;Ocurri\u00f3 el mi\u00e9rcoles en horas de la tarde entre Cinco Saltos y Cipolletti.<\/p>\n\n\n\n<p class=\"wp-block-paragraph\">La peligrosidad de la&nbsp;<strong><a href=\"https:\/\/www.lmcipolletti.com\/provincia\/rio-negro-negocia-el-traspaso-las-rutas-22-y-151-n1248542\" target=\"_blank\" rel=\"noreferrer noopener\">Ruta Nacional 151<\/a><\/strong>&nbsp;vuelve a quedar en evidencia tras un nuevo incidente registrado en el tramo que une las localidades de&nbsp;<strong>Cinco Saltos<\/strong>&nbsp;y&nbsp;<strong>Cipolletti<\/strong>. Tambi\u00e9n hubo que desplegar un operativo para liberar la pesada unidad.<\/p>\n\n\n\n<h2 class=\"wp-block-heading\">Pedido de manejar con precauci\u00f3n<\/h2>\n\n\n\n<p class=\"wp-block-paragraph\">Las autoridades policiales habina hecho hincapi\u00e9 en la&nbsp;<strong>prevenci\u00f3n.<\/strong>&nbsp;Pidieron a los conductores extremar las medidas de precauci\u00f3n,&nbsp;<strong>reducir la velocidad<\/strong>&nbsp;y evitar maniobras bruscas que puedan derivar en accidentes.<\/p>\n\n\n\n<p class=\"wp-block-paragraph\">Uno de los principales&nbsp;<strong>riesgos detectados<\/strong>&nbsp;est\u00e1 vinculado a los baches cubiertos de agua, que dificultan su visibilidad. Esta situaci\u00f3n se repite especialmente tras&nbsp;<strong>lluvias,<\/strong>&nbsp;cuando las irregularidades del pavimento quedan ocultas y sorprenden a quienes circulan.<\/p>\n\n\n\n<p class=\"wp-block-paragraph\">Adem\u00e1s, se recomienda mantener una&nbsp;<strong>distancia prudente<\/strong>&nbsp;entre veh\u00edculos, revisar el estado de los&nbsp;<strong>neum\u00e1ticos<\/strong>&nbsp;y evitar sobrepasos innecesarios. Estas medidas simples pueden marcar la diferencia en un contexto de&nbsp;<strong>alta peligrosidad vial<\/strong>.<\/p>\n","protected":false},"excerpt":{"rendered":"<p>El intenso fen\u00f3meno se hizo sentir entre Barda del Medio y Catriel. Hubo dos vuelcos y la Polic\u00eda orden\u00f3 cortar la circulaci\u00f3n vehicular durante la madrugada. Fuente:https:\/\/www.lmcipolletti.com\/ &#8211; 06 de agosto, 2026. Una intensa&nbsp;nevada&nbsp;se registr\u00f3 en las \u00faltimas horas distintos sectores del&nbsp;Alto Valle&nbsp;rionegrino. El&nbsp;fen\u00f3meno&nbsp;se registr\u00f3 entre Barda del Medio y Catriel, y caus\u00f3 dificultades en [&hellip;]<\/p>\n","protected":false},"author":3,"featured_media":2935,"comment_status":"closed","ping_status":"closed","sticky":false,"template":"","format":"standard","meta":{"sync_status":"","episode_type":"","audio_file":"","castos_file_data":"","podmotor_file_id":"","cover_image":"","cover_image_id":"","duration":"","filesize":"","filesize_raw":"","date_recorded":"","explicit":"","block":"","footnotes":""},"categories":[1],"tags":[121],"class_list":["post-2934","post","type-post","status-publish","format-standard","has-post-thumbnail","hentry","category-sin-categoria","tag-policiales"],"_links":{"self":[{"href":"https:\/\/fmmural91.uno\/2024\/wp-json\/wp\/v2\/posts\/2934","targetHints":{"allow":["GET"]}}],"collection":[{"href":"https:\/\/fmmural91.uno\/2024\/wp-json\/wp\/v2\/posts"}],"about":[{"href":"https:\/\/fmmural91.uno\/2024\/wp-json\/wp\/v2\/types\/post"}],"author":[{"embeddable":true,"href":"https:\/\/fmmural91.uno\/2024\/wp-json\/wp\/v2\/users\/3"}],"replies":[{"embeddable":true,"href":"https:\/\/fmmural91.uno\/2024\/wp-json\/wp\/v2\/comments?post=2934"}],"version-history":[{"count":1,"href":"https:\/\/fmmural91.uno\/2024\/wp-json\/wp\/v2\/posts\/2934\/revisions"}],"predecessor-version":[{"id":2936,"href":"https:\/\/fmmural91.uno\/2024\/wp-json\/wp\/v2\/posts\/2934\/revisions\/2936"}],"wp:featuredmedia":[{"embeddable":true,"href":"https:\/\/fmmural91.uno\/2024\/wp-json\/wp\/v2\/media\/2935"}],"wp:attachment":[{"href":"https:\/\/fmmural91.uno\/2024\/wp-json\/wp\/v2\/media?parent=2934"}],"wp:term":[{"taxonomy":"category","embeddable":true,"href":"https:\/\/fmmural91.uno\/2024\/wp-json\/wp\/v2\/categories?post=2934"},{"taxonomy":"post_tag","embeddable":true,"href":"https:\/\/fmmural91.uno\/2024\/wp-json\/wp\/v2\/tags?post=2934"}],"curies":[{"name":"wp","href":"https:\/\/api.w.org\/{rel}","templated":true}]}}