{"id":2965,"date":"2026-08-10T09:05:33","date_gmt":"2026-08-10T12:05:33","guid":{"rendered":"https:\/\/fmmural91.uno\/2024\/?p=2965"},"modified":"2026-08-10T09:05:34","modified_gmt":"2026-08-10T12:05:34","slug":"falla-en-la-comunicacion-el-mea-culpa-de-gobierno-tras-el-reves-en-el-senado-que-frena-las-reformas-de-javier-milei","status":"publish","type":"post","link":"https:\/\/fmmural91.uno\/2024\/falla-en-la-comunicacion-el-mea-culpa-de-gobierno-tras-el-reves-en-el-senado-que-frena-las-reformas-de-javier-milei\/","title":{"rendered":"Falla en la comunicaci\u00f3n: el \u00abmea culpa\u00bb de Gobierno tras el rev\u00e9s en el Senado que frena las reformas de Javier Milei"},"content":{"rendered":"\n<p class=\"wp-block-paragraph\">Tras perder los cap\u00edtulos clave de la\u00a0<strong>Ley de Propiedad Privada en el Senado<\/strong>, el Gobierno impuso un nuevo esquema de control parlamentario.<strong>\u00a0Karina Milei<\/strong>\u00a0supervisar\u00e1 los proyectos mientras\u00a0<strong>Diego Santilli<\/strong>\u00a0sale a recomponer el di\u00e1logo con los gobernadores.<\/p>\n\n\n\n<p class=\"wp-block-paragraph\">Fuente: Redaccion diario Rio Negro   &#8211;   10 de agosto, 2026.<\/p>\n\n\n\n<p class=\"wp-block-paragraph\">La amarga victoria que dej\u00f3 la media sanci\u00f3n recortada de la&nbsp;<strong>Ley de Inviolabilidad de la Propiedad Privada<\/strong>&nbsp;oblig\u00f3 al Poder Ejecutivo a entrar en un acelerado proceso de revisi\u00f3n interna. En los pasillos de la Casa Rosada admiten sin rodeos el desgaste pol\u00edtico sufrido tras tener que amputar los cap\u00edtulos de&nbsp;<a href=\"https:\/\/www.rionegro.com.ar\/politica\/milei-afina-sus-vinculos-con-los-gobernadores-por-las-reformas\/\"><strong>venta de tierras a extranjeros y Manejo del Fuego<\/strong>.<\/a><\/p>\n\n\n\n<p class=\"wp-block-paragraph\">La falta de estrategia comunicacional y el empastamiento del di\u00e1logo con los gobernadores encendieron las alarmas de cara al a\u00f1o electoral.<\/p>\n\n\n\n<p class=\"wp-block-paragraph\">\u201cEstamos en un buen momento, pero comunicamos muy mal. \u00c9ramos m\u00e1s audaces y disruptivos en el primer a\u00f1o;&nbsp;<strong>ahora venimos m\u00e1s lentos y se nos acumulan los proyectos\u201d,<\/strong>&nbsp;reconoci\u00f3 con crudeza un legislador oficialista a Infobae.<\/p>\n\n\n\n<hr class=\"wp-block-separator has-alpha-channel-opacity\"\/>\n\n\n\n<h2 class=\"wp-block-heading\">La orden de Karina Milei: filtro previo a los proyectos y raid medi\u00e1tico<\/h2>\n\n\n\n<hr class=\"wp-block-separator has-alpha-channel-opacity\"\/>\n\n\n\n<p class=\"wp-block-paragraph\">Para evitar nuevos tropiezos en el Congreso, la secretaria general de la Presidencia,&nbsp;<strong>Karina Milei<\/strong>, tom\u00f3 el control directo de los tiempos legislativos e impuso tres reglas de cumplimiento obligatorio para todo el Gabinete:<\/p>\n\n\n\n<ul class=\"wp-block-list\">\n<li>Todos los proyectos de ley deber\u00e1n pasar por la aprobaci\u00f3n de la Mesa Pol\u00edtica antes de pisar el Congreso, evaluando si existen los votos necesarios antes de habilitar el debate.<\/li>\n\n\n\n<li>Ninguna iniciativa se votar\u00e1 sin una campa\u00f1a de explicaci\u00f3n previa a la sociedad para evitar \u00abmalas interpretaciones\u00bb, replicando el modelo de conferencias que encabez\u00f3 el ministro de Econom\u00eda,\u00a0<strong>Luis Caputo<\/strong>.<\/li>\n\n\n\n<li>El Gobierno congelar\u00e1 los debates de alta fricci\u00f3n social y priorizar\u00e1 \u00fanicamente las iniciativas que cuenten con consensos blindados con la oposici\u00f3n dialoguista.<\/li>\n<\/ul>\n\n\n\n<figure class=\"wp-block-image\"><a class=\"recomendation__link\" href=\"https:\/\/www.rionegro.com.ar\/politica\/ley-de-tierras-carrio-advirtio-que-denunciara-a-milei-por-traicion-a-la-patria-si-avanza-la-reforma-4671500\/\"><img decoding=\"async\" src=\"https:\/\/www.rionegro.com.ar\/wp-content\/uploads\/2026\/08\/Carrio.jpg?w=1200&amp;h=630&amp;crop=1&amp;resize=1200,630\" alt=\"Imagen de Ley de Tierras: Carri\u00f3 advirti\u00f3 que denunciar\u00e1 a Milei por &quot;traici\u00f3n a la patria&quot; si avanza la reforma\"\/><\/a><\/figure>\n\n\n\n<p class=\"wp-block-paragraph\"><strong>Lee tambi\u00e9n<\/strong><\/p>\n\n\n\n<h2 class=\"wp-block-heading\"><a href=\"https:\/\/www.rionegro.com.ar\/politica\/ley-de-tierras-carrio-advirtio-que-denunciara-a-milei-por-traicion-a-la-patria-si-avanza-la-reforma-4671500\/\">Ley de Tierras: Carri\u00f3 advirti\u00f3 que denunciar\u00e1 a Milei por \u00abtraici\u00f3n a la patria\u00bb si avanza la reforma<\/a><\/h2>\n\n\n\n<hr class=\"wp-block-separator has-alpha-channel-opacity\"\/>\n\n\n\n<h2 class=\"wp-block-heading\">Tensi\u00f3n entre Sturzenegger y Bullrich: la rosca en Diputados<\/h2>\n\n\n\n<hr class=\"wp-block-separator has-alpha-channel-opacity\"\/>\n\n\n\n<p class=\"wp-block-paragraph\">El desgaste legislativo expuso tambi\u00e9n la tirantez entre el ministro de Desregulaci\u00f3n,&nbsp;<strong>Federico Sturzenegger<\/strong>, autor del proyecto original que sum\u00f3 m\u00e1s de 15 borradores, y la senadora&nbsp;<strong>Patricia Bullrich<\/strong>, quien debi\u00f3 poner el cuerpo en el recinto para negociar con las bancadas aliadas.<\/p>\n\n\n\n<figure class=\"wp-block-image\"><a class=\"recomendation__link\" href=\"https:\/\/www.rionegro.com.ar\/politica\/efecto-domino-la-fractura-politica-en-misiones-puede-costarle-votos-clave-a-la-ley-de-tierras-de-javier-milei-4670400\/\"><img decoding=\"async\" src=\"https:\/\/www.rionegro.com.ar\/wp-content\/uploads\/2026\/08\/rn-42.jpg?w=1200&amp;h=630&amp;crop=1&amp;resize=1200,630\" alt=\"Imagen de Efecto domin\u00f3: la fractura pol\u00edtica en Misiones puede costarle votos clave a la Ley de Tierras de Javier Milei\"\/><\/a><\/figure>\n\n\n\n<p class=\"wp-block-paragraph\"><strong>Lee tambi\u00e9n<\/strong><\/p>\n\n\n\n<h2 class=\"wp-block-heading\"><a href=\"https:\/\/www.rionegro.com.ar\/politica\/efecto-domino-la-fractura-politica-en-misiones-puede-costarle-votos-clave-a-la-ley-de-tierras-de-javier-milei-4670400\/\">Efecto domin\u00f3: la fractura pol\u00edtica en Misiones puede costarle votos clave a la Ley de Tierras de Javier Milei<\/a><\/h2>\n\n\n\n<p class=\"wp-block-paragraph\">Con el proyecto de Propiedad Privada moment\u00e1neamente congelado, el titular de la C\u00e1mara de Diputados,&nbsp;<strong>Mart\u00edn Menem<\/strong>, alista una sesi\u00f3n clave para el pr\u00f3ximo&nbsp;<strong>26 de agosto<\/strong>. El temario oficialista buscar\u00e1 aprobar:<\/p>\n\n\n\n<ul class=\"wp-block-list\">\n<li>La reforma a la\u00a0<strong>Carta Org\u00e1nica del Banco Central (BCRA)<\/strong>.<\/li>\n\n\n\n<li>Las modificaciones al r\u00e9gimen de\u00a0<strong>Inocencia Fiscal II<\/strong>.<\/li>\n\n\n\n<li>El\u00a0<strong>Tratado de Cooperaci\u00f3n en Materia de Patentes (PCT)<\/strong>.<\/li>\n<\/ul>\n\n\n\n<p class=\"wp-block-paragraph\">En paralelo a la reorganizaci\u00f3n en Balcarce 50, el jefe de Gabinete,&nbsp;<strong>Diego Santilli<\/strong>, viajar\u00e1 esta semana junto a&nbsp;<strong>Luis Caputo<\/strong>&nbsp;a Catamarca para reunirse con los gobernadores&nbsp;<strong>Ra\u00fal Jalil<\/strong>&nbsp;y&nbsp;<strong>El\u00edas Su\u00e1rez<\/strong>&nbsp;(Santiago del Estero).<\/p>\n\n\n\n<p class=\"wp-block-paragraph\">El mandatario catamarque\u00f1o integr\u00f3 el lote de gobernadores aliados que le soltaron la mano a la Casa Rosada durante la votaci\u00f3n en el Senado. El objetivo de la comitiva nacional ser\u00e1 recomponer la confianza pol\u00edtica y evitar que el freno a la Ley de Tierras paralice el resto de las reformas econ\u00f3micas previstas para el segundo semestre.<\/p>\n\n\n\n<p class=\"wp-block-paragraph\"><em>Con informaci\u00f3n de Infobae.<\/em><\/p>\n\n\n\n<p class=\"wp-block-paragraph\">Temas<a href=\"https:\/\/www.rionegro.com.ar\/tag\/javier-milei\/\"><\/a><\/p>\n\n\n\n<h3 class=\"wp-block-heading\"><a href=\"https:\/\/www.rionegro.com.ar\/tag\/javier-milei\/\">Javier Milei<\/a><\/h3>\n\n\n\n<p class=\"wp-block-paragraph\"><a href=\"https:\/\/www.rionegro.com.ar\/tag\/ley-de-tierras\/\">Ley de tierras<\/a><a href=\"https:\/\/www.rionegro.com.ar\/tag\/propiedad-privada\/\">Propiedad privada<\/a><a href=\"https:\/\/www.rionegro.com.ar\/tag\/reformas\/\">Reformas<\/a><a href=\"https:\/\/www.rionegro.com.ar\/tag\/senado\/\">Senado<\/a><\/p>\n","protected":false},"excerpt":{"rendered":"<p>Tras perder los cap\u00edtulos clave de la\u00a0Ley de Propiedad Privada en el Senado, el Gobierno impuso un nuevo esquema de control parlamentario.\u00a0Karina Milei\u00a0supervisar\u00e1 los proyectos mientras\u00a0Diego Santilli\u00a0sale a recomponer el di\u00e1logo con los gobernadores. Fuente: Redaccion diario Rio Negro &#8211; 10 de agosto, 2026. La amarga victoria que dej\u00f3 la media sanci\u00f3n recortada de la&nbsp;Ley [&hellip;]<\/p>\n","protected":false},"author":3,"featured_media":2966,"comment_status":"closed","ping_status":"closed","sticky":false,"template":"","format":"standard","meta":{"sync_status":"","episode_type":"","audio_file":"","castos_file_data":"","podmotor_file_id":"","cover_image":"","cover_image_id":"","duration":"","filesize":"","filesize_raw":"","date_recorded":"","explicit":"","block":"","footnotes":""},"categories":[24],"tags":[],"class_list":["post-2965","post","type-post","status-publish","format-standard","has-post-thumbnail","hentry","category-politica"],"_links":{"self":[{"href":"https:\/\/fmmural91.uno\/2024\/wp-json\/wp\/v2\/posts\/2965","targetHints":{"allow":["GET"]}}],"collection":[{"href":"https:\/\/fmmural91.uno\/2024\/wp-json\/wp\/v2\/posts"}],"about":[{"href":"https:\/\/fmmural91.uno\/2024\/wp-json\/wp\/v2\/types\/post"}],"author":[{"embeddable":true,"href":"https:\/\/fmmural91.uno\/2024\/wp-json\/wp\/v2\/users\/3"}],"replies":[{"embeddable":true,"href":"https:\/\/fmmural91.uno\/2024\/wp-json\/wp\/v2\/comments?post=2965"}],"version-history":[{"count":1,"href":"https:\/\/fmmural91.uno\/2024\/wp-json\/wp\/v2\/posts\/2965\/revisions"}],"predecessor-version":[{"id":2967,"href":"https:\/\/fmmural91.uno\/2024\/wp-json\/wp\/v2\/posts\/2965\/revisions\/2967"}],"wp:featuredmedia":[{"embeddable":true,"href":"https:\/\/fmmural91.uno\/2024\/wp-json\/wp\/v2\/media\/2966"}],"wp:attachment":[{"href":"https:\/\/fmmural91.uno\/2024\/wp-json\/wp\/v2\/media?parent=2965"}],"wp:term":[{"taxonomy":"category","embeddable":true,"href":"https:\/\/fmmural91.uno\/2024\/wp-json\/wp\/v2\/categories?post=2965"},{"taxonomy":"post_tag","embeddable":true,"href":"https:\/\/fmmural91.uno\/2024\/wp-json\/wp\/v2\/tags?post=2965"}],"curies":[{"name":"wp","href":"https:\/\/api.w.org\/{rel}","templated":true}]}}