{"id":2972,"date":"2026-08-10T09:45:55","date_gmt":"2026-08-10T12:45:55","guid":{"rendered":"https:\/\/fmmural91.uno\/2024\/?p=2972"},"modified":"2026-08-10T09:59:52","modified_gmt":"2026-08-10T12:59:52","slug":"miles-de-camiones-siguen-varados-en-la-cordillera-por-el-temporal-de-nieve","status":"publish","type":"post","link":"https:\/\/fmmural91.uno\/2024\/miles-de-camiones-siguen-varados-en-la-cordillera-por-el-temporal-de-nieve\/","title":{"rendered":"Miles de camiones siguen varados en la cordillera por el temporal de nieve"},"content":{"rendered":"\n<p class=\"wp-block-paragraph\">El fen\u00f3meno meteorol\u00f3gico afecta la regi\u00f3n desde hace semanas y perjudica especialmente el tr\u00e1nsito pesado en Mendoza y Neuqu\u00e9n.<\/p>\n\n\n\n<p class=\"wp-block-paragraph\">Fuente: \/www.eldestapeweb.com  &#8211; 10 de agosto, 2026.<\/p>\n\n\n\n<p class=\"wp-block-paragraph\">El&nbsp;<strong>Paso fronterizo Cristo Redentor<\/strong>, en la provincia de&nbsp;<strong>Mendoza<\/strong>, contin\u00faa cerrado desde hace tres semanas debido a las&nbsp;<a href=\"https:\/\/www.eldestapeweb.com\/sociedad\/continuan-heladas-vienen-nevadas-temperaturas-15-grados-lluvias-20268916334\">intensas tormentas de nieve<\/a>&nbsp;que afectan a la cordillera de los Andes, paralizando el tr\u00e1nsito de camiones entre Argentina y Chile, que se acumulan de a miles a ambos lados de la frontera. Una situaci\u00f3n similar se registraba en la provincia de&nbsp;<strong>Neuqu\u00e9n<\/strong>.<\/p>\n\n\n\n<p class=\"wp-block-paragraph\">El lunes 3 de agosto,&nbsp;desde el&nbsp;<strong>Gobierno de&nbsp;Mendoza<\/strong>&nbsp;hab\u00edan informado que el paso&nbsp;que&nbsp;continuar\u00eda cerrado&nbsp;hasta nuevo aviso. Si bien&nbsp;<strong>el \u00faltimo domingo se anticip\u00f3 la posibilidad de reabrirlo<\/strong>, finalmente&nbsp;<strong>la persistencia de las tormentas de nieve siguen demorando esta decisi\u00f3n<\/strong>.<\/p>\n\n\n\n<p class=\"wp-block-paragraph\">Equipos de&nbsp;<strong>Vialidad de Chile y Argentina<\/strong>&nbsp;trabajan en el despeje de la calzada, pero persisten los riesgos de rodados y avalanchas, por lo que&nbsp;<strong>mientras tanto&nbsp;no existe fecha definida para la reapertura.<\/strong><\/p>\n\n\n\n<p class=\"wp-block-paragraph\">A fines de julio,&nbsp;las intensas y constantes precipitaciones generaron una acumulaci\u00f3n que, en los puntos m\u00e1s cr\u00edticos de la cordillera,&nbsp;alcanz\u00f3 los&nbsp;<strong>cuatro metros de altura<\/strong>, llegando incluso a cubrir de manera total las estructuras de algunas viviendas.<\/p>\n\n\n\n<h2 class=\"wp-block-heading\">Sigue cerrado el tr\u00e1nsito de camiones en Neuqu\u00e9n<\/h2>\n\n\n\n<p class=\"wp-block-paragraph\">En paralelo,&nbsp;<strong>m\u00e1s de 1.500&nbsp;camiones permanec\u00edan varados este domingo en distintos puntos de Neuqu\u00e9n<\/strong>&nbsp;como consecuencia de las nevadas, la presencia de hielo en las rutas y el cierre del Paso Internacional Pino Hachado, seg\u00fan inform\u00f3 el medio local&nbsp;<strong>LM Neuqu\u00e9n<\/strong>.<\/p>\n\n\n\n<p class=\"wp-block-paragraph\">De acuerdo con el medio neuquino, el dato fue confirmado por el&nbsp;<strong>director provincial de Defensa Civil, Carlos Cruz<\/strong>. Ante la acumulaci\u00f3n de veh\u00edculos de carga, las autoridades distribuyeron los camiones en distintas localidades para evitar una mayor concentraci\u00f3n sobre las rutas.<\/p>\n\n\n\n<p class=\"wp-block-paragraph\">La mayor cantidad se encontraba en&nbsp;<strong>Cutral Co y Plaza Huincul, con 460 camiones<\/strong>, mientras que otros&nbsp;<strong>304 estaban en Las Lajas y 303 en Zapala<\/strong>. Adem\u00e1s, hab\u00eda veh\u00edculos detenidos en Arroyito y Senillosa, Neuqu\u00e9n capital y A\u00f1elo, entre otros puntos de la provincia.<\/p>\n\n\n\n<p class=\"wp-block-paragraph\">El principal inconveniente segu\u00eda siendo el&nbsp;<strong>Paso Internacional Pino Hachado<\/strong>, una de las conexiones utilizadas por el transporte de cargas entre Argentina y Chile. El cruce&nbsp;<strong>permaneci\u00f3 cerrado durante el domingo<\/strong>&nbsp;debido a la acumulaci\u00f3n de hielo y nieve en los \u00faltimos kil\u00f3metros de la&nbsp;<strong>Ruta Nacional 242<\/strong>.<\/p>\n\n\n\n<p class=\"wp-block-paragraph\">En cambio, el&nbsp;<strong>Paso Cardenal Samor\u00e9 pudo reabrir despu\u00e9s del mediod\u00eda<\/strong>, aunque el tr\u00e1nsito continu\u00f3 condicionado por la presencia de nieve y hielo y con obligaci\u00f3n de portar cadenas. Varias de las principales rutas neuquinas tambi\u00e9n permanec\u00edan habilitadas \u00fanicamente con precauci\u00f3n.<\/p>\n\n\n\n<ul class=\"wp-block-list\">\n<li><a href=\"https:\/\/www.eldestapeweb.com\/tag\/cordillera-de-los-andes\">Cordillera de los Andes<\/a><\/li>\n\n\n\n<li><a href=\"https:\/\/www.eldestapeweb.com\/tag\/mendoza\">Mendoza<\/a><\/li>\n\n\n\n<li><a href=\"https:\/\/www.eldestapeweb.com\/tag\/neuquen\">Neuqu\u00e9n<\/a><\/li>\n\n\n\n<li><a href=\"https:\/\/www.eldestapeweb.com\/tag\/chile\">Chile<\/a><\/li>\n<\/ul>\n","protected":false},"excerpt":{"rendered":"<p>El fen\u00f3meno meteorol\u00f3gico afecta la regi\u00f3n desde hace semanas y perjudica especialmente el tr\u00e1nsito pesado en Mendoza y Neuqu\u00e9n. Fuente: \/www.eldestapeweb.com &#8211; 10 de agosto, 2026. El&nbsp;Paso fronterizo Cristo Redentor, en la provincia de&nbsp;Mendoza, contin\u00faa cerrado desde hace tres semanas debido a las&nbsp;intensas tormentas de nieve&nbsp;que afectan a la cordillera de los Andes, paralizando el [&hellip;]<\/p>\n","protected":false},"author":3,"featured_media":2973,"comment_status":"closed","ping_status":"closed","sticky":false,"template":"","format":"standard","meta":{"sync_status":"","episode_type":"","audio_file":"","castos_file_data":"","podmotor_file_id":"","cover_image":"","cover_image_id":"","duration":"","filesize":"","filesize_raw":"","date_recorded":"","explicit":"","block":"","footnotes":""},"categories":[17],"tags":[],"class_list":["post-2972","post","type-post","status-publish","format-standard","has-post-thumbnail","hentry","category-regionales-patagonia"],"_links":{"self":[{"href":"https:\/\/fmmural91.uno\/2024\/wp-json\/wp\/v2\/posts\/2972","targetHints":{"allow":["GET"]}}],"collection":[{"href":"https:\/\/fmmural91.uno\/2024\/wp-json\/wp\/v2\/posts"}],"about":[{"href":"https:\/\/fmmural91.uno\/2024\/wp-json\/wp\/v2\/types\/post"}],"author":[{"embeddable":true,"href":"https:\/\/fmmural91.uno\/2024\/wp-json\/wp\/v2\/users\/3"}],"replies":[{"embeddable":true,"href":"https:\/\/fmmural91.uno\/2024\/wp-json\/wp\/v2\/comments?post=2972"}],"version-history":[{"count":2,"href":"https:\/\/fmmural91.uno\/2024\/wp-json\/wp\/v2\/posts\/2972\/revisions"}],"predecessor-version":[{"id":2979,"href":"https:\/\/fmmural91.uno\/2024\/wp-json\/wp\/v2\/posts\/2972\/revisions\/2979"}],"wp:featuredmedia":[{"embeddable":true,"href":"https:\/\/fmmural91.uno\/2024\/wp-json\/wp\/v2\/media\/2973"}],"wp:attachment":[{"href":"https:\/\/fmmural91.uno\/2024\/wp-json\/wp\/v2\/media?parent=2972"}],"wp:term":[{"taxonomy":"category","embeddable":true,"href":"https:\/\/fmmural91.uno\/2024\/wp-json\/wp\/v2\/categories?post=2972"},{"taxonomy":"post_tag","embeddable":true,"href":"https:\/\/fmmural91.uno\/2024\/wp-json\/wp\/v2\/tags?post=2972"}],"curies":[{"name":"wp","href":"https:\/\/api.w.org\/{rel}","templated":true}]}}