{"id":2975,"date":"2026-08-10T10:19:29","date_gmt":"2026-08-10T13:19:29","guid":{"rendered":"https:\/\/fmmural91.uno\/2024\/?p=2975"},"modified":"2026-08-10T10:19:31","modified_gmt":"2026-08-10T13:19:31","slug":"caso-manuel-adorni-la-fiscalia-requirio-que-el-exfuncionario-justifique-sus-bienes-en-15-dias","status":"publish","type":"post","link":"https:\/\/fmmural91.uno\/2024\/caso-manuel-adorni-la-fiscalia-requirio-que-el-exfuncionario-justifique-sus-bienes-en-15-dias\/","title":{"rendered":"Caso Manuel Adorni: la fiscal\u00eda requiri\u00f3 que el exfuncionario justifique sus bienes en 15 d\u00edas"},"content":{"rendered":"\n<p class=\"wp-block-paragraph\">Por\u00a0<a href=\"https:\/\/www.ambito.com\/perfil\/1001340-vanesa-petrillo\" target=\"_blank\" rel=\"noreferrer noopener\">Vanesa Petrillo<\/a>   &#8211;   Fuente: <a href=\"https:\/\/www.ambito.com\/\">https:\/\/www.ambito.com\/<\/a>   10de agosto.2026.<\/p>\n\n\n\n<p class=\"wp-block-paragraph\">El fiscal Pollicita consider\u00f3 que existen inconsistencias en su declaraci\u00f3n jurada. Los 20 interrogantes que deber\u00e1 responder ante la Justicia.<\/p>\n\n\n\n<p class=\"wp-block-paragraph\">El ex jefe de Gabinete<strong><a href=\"https:\/\/www.ambito.com\/politica\/manuel-adorni-la-justicia-recibio-un-informe-clave-que-marca-inconsistencias-n6300695\" target=\"_blank\" rel=\"noreferrer noopener\">&nbsp;Manuel Adorni&nbsp;<\/a>deber\u00e1 justificar en un plazo de 15 d\u00edas el origen y la evoluci\u00f3n de parte de su patrimonio<\/strong>&nbsp;y el de su grupo familiar, a ra\u00edz de una investigaci\u00f3n por presunto enriquecimiento il\u00edcito. La intimaci\u00f3n fue presentada este lunes por la Fiscal\u00eda a cargo de&nbsp;<strong>Gerardo Pollicita<\/strong>&nbsp;ante el juez&nbsp;<strong>Ariel LIjo<\/strong>&nbsp;y est\u00e1 contenida en un dictamen de 207 fojas.<\/p>\n\n\n\n<p class=\"wp-block-paragraph\">La investigaci\u00f3n se inici\u00f3 a partir de una denuncia de la diputada nacional&nbsp;<strong>Marcela Pagano<\/strong>, en la que se atribuy\u00f3 a Adorni la posible comisi\u00f3n del delito de enriquecimiento il\u00edcito debido a gastos que, seg\u00fan la presentaci\u00f3n, ser\u00edan \u201cprima facie desproporcionados respecto de sus ingresos leg\u00edtimos como funcionario p\u00fablico\u201d. La denuncia tuvo luego dos ampliaciones, realizadas por Pagano y por los diputados&nbsp;<strong>Esteban Paul\u00f3n, Pablo Juliano y Maximiliano Ferraro<\/strong>.<\/p>\n\n\n\n<p class=\"wp-block-paragraph\">Tras analizar documentaci\u00f3n patrimonial, bancaria, fiscal, registral y financiera, adem\u00e1s de informes sobre activos virtuales y testimonios, la Fiscal\u00eda concluy\u00f3 que exist\u00edan inconsistencias que justificaban el requerimiento. Seg\u00fan el dictamen, el an\u00e1lisis de la prueba permiti\u00f3 estructurar una intimaci\u00f3n en&nbsp;<strong>20 puntos concretos que Adorni deber\u00e1 responder<\/strong>.<\/p>\n\n\n\n<h2 class=\"wp-block-heading\"><strong>El desfasaje entre ingresos y gastos<\/strong><\/h2>\n\n\n\n<p class=\"wp-block-paragraph\">Uno de los principales datos que surge de la investigaci\u00f3n es la diferencia entre los ingresos comprobados del matrimonio y los gastos realizados durante el per\u00edodo bajo an\u00e1lisis.<\/p>\n\n\n\n<p class=\"wp-block-paragraph\">La Fiscal\u00eda estableci\u00f3 que entre el&nbsp;<strong>14 de diciembre de 2023<\/strong>, cuando Adorni ingres\u00f3 a la funci\u00f3n p\u00fablica nacional, y el&nbsp;<strong>27 de junio de 2026<\/strong>, cuando renunci\u00f3 al cargo, el exfuncionario percibi\u00f3 35 haberes, a los que se sumaron los ingresos comprobados de su esposa, Bettina Julieta Angeletti.<\/p>\n\n\n\n<p class=\"wp-block-paragraph\">En conjunto, esos ingresos ascendieron a&nbsp;<strong>$229.752.283,20<\/strong>. Sin embargo, durante el mismo per\u00edodo el grupo familiar afront\u00f3 gastos por&nbsp;<strong>$272.820.832,20<\/strong>, entre seguros automotores, expensas, electrodom\u00e9sticos, servicios, impuestos, viajes y tarjetas de cr\u00e9dito.<\/p>\n\n\n\n<p class=\"wp-block-paragraph\">La diferencia detectada por la Fiscal\u00eda es de&nbsp;<strong>$43.068.549<\/strong>. El dictamen se\u00f1ala que esos gastos, confrontados con los ingresos l\u00edcitos comprobados, \u201cno encuentran hasta el momento explicaci\u00f3n suficiente\u201d.<\/p>\n\n\n\n<p class=\"wp-block-paragraph\">A eso se suma otro dato: la investigaci\u00f3n reconstruy\u00f3 desembolsos por&nbsp;<strong>US$402.578,12<\/strong>, destinados, entre otras cosas, a viajes, alquileres, la compra y refacci\u00f3n integral del lote 380 del Country Indio Cu\u00e1, la adquisici\u00f3n del departamento de Mir\u00f3 550 y el mobiliario de esos inmuebles.<\/p>\n\n\n\n<p class=\"wp-block-paragraph\">La Fiscal\u00eda tambi\u00e9n puso bajo la lupa las declaraciones de d\u00f3lares en efectivo realizadas por Adorni y las operaciones consignadas bajo el concepto \u201cventa de activos\u201d, adem\u00e1s del origen de las divisas utilizadas para distintos gastos, entre ellos viajes al exterior.<\/p>\n\n\n\n<h2 class=\"wp-block-heading\"><strong>Los 20 puntos que Manuel Adorni deber\u00e1 justificar<\/strong><\/h2>\n\n\n\n<p class=\"wp-block-paragraph\">La intimaci\u00f3n fiscal detalla uno por uno los aspectos que deber\u00e1n ser explicados.<\/p>\n\n\n\n<p class=\"wp-block-paragraph\"><strong>1. Los d\u00f3lares en efectivo<\/strong><\/p>\n\n\n\n<p class=\"wp-block-paragraph\">Adorni deber\u00e1 explicar el origen de los d\u00f3lares estadounidenses en efectivo declarados en sus declaraciones juradas. Tendr\u00e1 que precisar qu\u00e9 activos fueron vendidos, cu\u00e1ndo, a qui\u00e9nes, por qu\u00e9 montos y cu\u00e1l fue la trazabilidad bancaria, registral o burs\u00e1til de esas operaciones. Tambi\u00e9n deber\u00e1 aportar el respaldo documental de las rectificaciones realizadas.<\/p>\n\n\n\n<p class=\"wp-block-paragraph\"><strong>2. Los pr\u00e9stamos de dos familiares<\/strong><\/p>\n\n\n\n<p class=\"wp-block-paragraph\">Deber\u00e1 acreditar la existencia de los mutuos atribuidos a&nbsp;<strong>Silvia Pais y Norma Zuccolo<\/strong>, su fecha cierta, la efectiva entrega del dinero, el destino de esos fondos y c\u00f3mo evolucionaron las obligaciones.<\/p>\n\n\n\n<p class=\"wp-block-paragraph\"><strong>3. La compra de un Jeep<\/strong><\/p>\n\n\n\n<p class=\"wp-block-paragraph\">La Fiscal\u00eda le exige que explique cu\u00e1l fue la fuente de los fondos utilizados para adquirir el veh\u00edculo.<\/p>\n\n\n\n<p class=\"wp-block-paragraph\"><strong>4. El lote del Country Indio Cu\u00e1<\/strong><\/p>\n\n\n\n<p class=\"wp-block-paragraph\">Deber\u00e1 justificar el origen del dinero utilizado para comprar el&nbsp;<strong>lote 380 del Country Indio Cu\u00e1<\/strong>, incluida la tasa de ingreso al emprendimiento. Tambi\u00e9n deber\u00e1 explicar por qu\u00e9 el terreno y la vivienda de dos plantas construida all\u00ed figuran a nombre de su esposa.<\/p>\n\n\n\n<p class=\"wp-block-paragraph\"><strong>5. La remodelaci\u00f3n por u$s245.000<\/strong><\/p>\n\n\n\n<p class=\"wp-block-paragraph\">Uno de los puntos centrales es la refacci\u00f3n integral de la vivienda del Country Indio Cu\u00e1. La Fiscal\u00eda se\u00f1ala espec\u00edficamente los&nbsp;<strong>u$s245.000 abonados al contratista Mat\u00edas Tabar<\/strong>&nbsp;por esos trabajos y exige individualizar el origen de cada suma y presentar recibos y dem\u00e1s documentaci\u00f3n respaldatoria.<\/p>\n\n\n\n<p class=\"wp-block-paragraph\"><strong>6. Los muebles del departamento de la calle Mir\u00f3 550<\/strong><\/p>\n\n\n\n<p class=\"wp-block-paragraph\">Tambi\u00e9n deber\u00e1 explicar de d\u00f3nde salieron los fondos utilizados para pagar los muebles del inmueble ubicado en Mir\u00f3 550, operaci\u00f3n que, seg\u00fan el dictamen, fue abonada en d\u00f3lares y en efectivo.<\/p>\n\n\n\n<p class=\"wp-block-paragraph\"><strong>7. El departamento de Mir\u00f3 550<\/strong><\/p>\n\n\n\n<p class=\"wp-block-paragraph\">Adorni deber\u00e1 justificar el origen de los fondos empleados para adquirir ese inmueble y explicar la naturaleza y las condiciones de la operaci\u00f3n.<\/p>\n\n\n\n<p class=\"wp-block-paragraph\"><strong>8. Ingresos exentos, herencias y donaciones<\/strong><\/p>\n\n\n\n<p class=\"wp-block-paragraph\">La Fiscal\u00eda reclama informaci\u00f3n sobre los ingresos no alcanzados o exentos del impuesto a las ganancias y sobre los bienes recibidos por herencia, legado o donaci\u00f3n. Deber\u00e1 precisar en cada caso la fuente, el instrumento, la fecha y la persona de la que provinieron. El punto es especialmente relevante porque, seg\u00fan el dictamen, se trata de partidas \u201ccon las que se pretende explicar el grueso del incremento patrimonial comprobado\u201d.<\/p>\n\n\n\n<p class=\"wp-block-paragraph\"><strong>9. Dinero en efectivo para gastos cotidianos<\/strong><\/p>\n\n\n\n<p class=\"wp-block-paragraph\">Deber\u00e1 explicar el origen del dinero, tanto en pesos como en moneda extranjera, utilizado para pagar&nbsp;<strong>viajes al exterior, alquileres temporarios, expensas, cuotas y matr\u00edculas escolares<\/strong>.<\/p>\n\n\n\n<p class=\"wp-block-paragraph\"><strong>10. Pagos realizados por terceros<\/strong><\/p>\n\n\n\n<p class=\"wp-block-paragraph\">Otro de los puntos bajo an\u00e1lisis es la utilizaci\u00f3n reiterada de personas del entorno de Adorni para adquirir bienes o afrontar pagos por \u00e9l y su grupo familiar. La Fiscal\u00eda quiere saber por qu\u00e9 se utiliz\u00f3 ese mecanismo, qu\u00e9 bienes o servicios fueron adquiridos, cu\u00e1nto se pag\u00f3, cu\u00e1ndo y de d\u00f3nde sali\u00f3 el efectivo con el que luego se reintegraron esas operaciones.<\/p>\n\n\n\n<p class=\"wp-block-paragraph\"><strong>11. Las criptomonedas<\/strong><\/p>\n\n\n\n<p class=\"wp-block-paragraph\">Adorni deber\u00e1 brindar el detalle de su operatoria con criptoactivos y, particularmente, explicar el origen del capital con el que comenz\u00f3 a operar. La Fiscal\u00eda se\u00f1ala que en declaraciones juradas rectificativas fueron incorporadas cuatro cuentas de activos virtuales y que, adem\u00e1s, un informe de la SIFRAI vincul\u00f3 al exfuncionario con otros activos virtuales.<\/p>\n\n\n\n<p class=\"wp-block-paragraph\"><strong>12. Sus movimientos bancarios y financieros<\/strong><\/p>\n\n\n\n<p class=\"wp-block-paragraph\">Deber\u00e1 explicar c\u00f3mo concilia el nivel de gastos y movimientos financieros registrado en sus cuentas \u2014en especial la cuenta sueldo del Banco Naci\u00f3n y las cuentas de su esposa\u2014, sus tarjetas de cr\u00e9dito y sus billeteras virtuales con los ingresos l\u00edcitos acreditados del grupo familiar.<\/p>\n\n\n\n<p class=\"wp-block-paragraph\"><strong>13. Comprobantes y facturas que no pudieron ser conciliados<\/strong><\/p>\n\n\n\n<p class=\"wp-block-paragraph\">La Fiscal\u00eda puso el foco en&nbsp;<strong>20 comprobantes informados ante la Agencia de Recaudaci\u00f3n y Control Aduanero durante 2024 y 2025 por m\u00e1s de $6 millones<\/strong>, cuyos pagos no pudieron ser conciliados con tarjetas, cuentas bancarias o plataformas.<\/p>\n\n\n\n<p class=\"wp-block-paragraph\">Tambi\u00e9n detect\u00f3&nbsp;<strong>16 facturas de una empresa por m\u00e1s de $2 millones<\/strong>, cuyos pagos no coinciden con los importes de los comprobantes.<\/p>\n\n\n\n<p class=\"wp-block-paragraph\">Adorni deber\u00e1 explicar si esas operaciones efectivamente se realizaron, si fueron canceladas, cu\u00e1ndo, mediante qu\u00e9 medio de pago y cu\u00e1l fue el origen de los fondos. Tambi\u00e9n deber\u00e1 aclarar el nivel de adquisiciones registrado bajo su CUIT durante ese per\u00edodo, \u201cen ausencia de toda actividad comercial que lo respalde\u201d.<\/p>\n\n\n\n<p class=\"wp-block-paragraph\"><strong>14. Las deudas con el Banco Galicia<\/strong><\/p>\n\n\n\n<p class=\"wp-block-paragraph\">En caso de que hayan sido canceladas las deudas declaradas con el Banco Galicia y Buenos Aires, deber\u00e1 informar cu\u00e1ndo fueron pagadas, qui\u00e9n efectu\u00f3 el pago, mediante qu\u00e9 medio y cu\u00e1l fue el origen de los fondos utilizados.<\/p>\n\n\n\n<p class=\"wp-block-paragraph\"><strong>15. Los honorarios de la escribana<\/strong><\/p>\n\n\n\n<p class=\"wp-block-paragraph\">Deber\u00e1 explicar la causa y el medio de pago de los honorarios notariales facturados por la escribana Adriana M\u00f3nica Nechevenko a Bettina Angeletti por las tres operaciones inmobiliarias del matrimonio. Tambi\u00e9n deber\u00e1 aclarar por qu\u00e9 esos honorarios fueron facturados \u00edntegramente a su esposa.<\/p>\n\n\n\n<p class=\"wp-block-paragraph\"><strong>16. Los consumos con tarjetas de terceros<\/strong><\/p>\n\n\n\n<p class=\"wp-block-paragraph\">La Fiscal\u00eda detect\u00f3 personas del entorno que aparecen como usuarios adicionales de dos tarjetas vinculadas a Adorni. Por eso deber\u00e1 explicar por qu\u00e9 esas personas ten\u00edan esa condici\u00f3n, qui\u00e9n pag\u00f3 cada liquidaci\u00f3n y si hubo reintegros, indicando fechas, montos y medios de pago.<\/p>\n\n\n\n<p class=\"wp-block-paragraph\">Adem\u00e1s, deber\u00e1 discriminar qu\u00e9 parte del total informado corresponde a cada tarjeta y titular, sin imputarle consumos que hayan sido financiados por terceros.<\/p>\n\n\n\n<p class=\"wp-block-paragraph\"><strong>17. Una facturaci\u00f3n de m\u00e1s de $4 millones de una concesionaria<\/strong><\/p>\n\n\n\n<p class=\"wp-block-paragraph\">Adorni deber\u00e1 explicar si una facturaci\u00f3n emitida en 2026 a nombre de Bettina Angeletti por&nbsp;<strong>m\u00e1s de $4 millones<\/strong>&nbsp;corresponde a la adquisici\u00f3n de un veh\u00edculo no declarado, a una operaci\u00f3n ya contemplada en el c\u00e1lculo patrimonial o a otro concepto. Deber\u00e1 individualizar el bien, el precio, la forma de pago y el origen del dinero.<\/p>\n\n\n\n<p class=\"wp-block-paragraph\"><strong>18. Acreditaciones no salariales en la cuenta sueldo<\/strong><\/p>\n\n\n\n<p class=\"wp-block-paragraph\">Tambi\u00e9n deber\u00e1 explicar el concepto y origen de las acreditaciones no salariales recibidas en su cuenta sueldo del Banco Naci\u00f3n que no provengan de organismos estatales ni de transferencias entre sus propias cuentas.<\/p>\n\n\n\n<p class=\"wp-block-paragraph\"><strong>19. Las mejoras del inmueble de Mir\u00f3 550<\/strong><\/p>\n\n\n\n<p class=\"wp-block-paragraph\">La Fiscal\u00eda exige que explique c\u00f3mo determin\u00f3 el valor de las mejoras realizadas en el inmueble de Mir\u00f3 550, a qu\u00e9 desembolsos concretos correspondieron, con qu\u00e9 fondos fueron pagadas y qu\u00e9 proporci\u00f3n de esas mejoras atribuy\u00f3 a cada integrante del matrimonio.<\/p>\n\n\n\n<p class=\"wp-block-paragraph\"><strong>20. Las mejoras del Country Indio Cu\u00e1<\/strong><\/p>\n\n\n\n<p class=\"wp-block-paragraph\">Por \u00faltimo, deber\u00e1 justificar c\u00f3mo fueron valuadas las mejoras declaradas sobre el lote 380 del Country Indio Cu\u00e1 y cu\u00e1l fue el origen de los fondos utilizados para realizarlas.<\/p>\n\n\n\n<h2 class=\"wp-block-heading\"><strong>Qu\u00e9 detect\u00f3 la Fiscal\u00eda<\/strong><\/h2>\n\n\n\n<p class=\"wp-block-paragraph\">Adem\u00e1s de esos 20 puntos, el dictamen enumera una serie de inconsistencias que llevaron a formular la intimaci\u00f3n. Entre ellas aparecen los pr\u00e9stamos familiares cuya \u201cconcertaci\u00f3n, efectiva entrega y evoluci\u00f3n\u201d no habr\u00edan sido documentadas; deudas con el Banco Galicia que figuraban en una declaraci\u00f3n y luego fueron omitidas; la falta de presentaci\u00f3n en tiempo y forma de anexos reservados de la esposa; y la evoluci\u00f3n de determinados gastos, que \u2014seg\u00fan la Fiscal\u00eda\u2014 pasaron de estar en cero a incrementarse aproximadamente un&nbsp;<strong>119% hacia fines de 2024<\/strong>.<\/p>\n\n\n\n<p class=\"wp-block-paragraph\">Tambi\u00e9n se analizaron operaciones inmobiliarias, movimientos bancarios, declaraciones patrimoniales, veh\u00edculos, consumos con tarjetas, viajes, operaciones de cambio y movimientos en plataformas de activos virtuales. La investigaci\u00f3n incluy\u00f3 informaci\u00f3n de bancos, registros de la propiedad, ARCA, ANSES, CNV, BCRA, plataformas como&nbsp;<strong>Binance, Lemon, Buenbit y SatoshiTango,<\/strong>&nbsp;adem\u00e1s de testimonios de escribanos, vendedores, desarrolladores inmobiliarios, acreedores y otras personas vinculadas a las operaciones investigadas.<\/p>\n\n\n\n<p class=\"wp-block-paragraph\">En particular, la Fiscal\u00eda se\u00f1al\u00f3 que deber\u00e1 explicarse tambi\u00e9n la operatoria con criptoactivos, incluido un capital informado por Adorni ante una billetera virtual al validar su identidad que, seg\u00fan el dictamen,&nbsp;<strong>\u201cno\u201d fue exteriorizado en sus declaraciones juradas ante la Oficina Anticorrupci\u00f3n<\/strong>, adem\u00e1s del origen y destino de activos incorporados posteriormente en una declaraci\u00f3n rectificativa y su posible vinculaci\u00f3n con un circuito de billeteras detectado por la SIFRAI-DAFI.<\/p>\n\n\n\n<p class=\"wp-block-paragraph\">La intimaci\u00f3n se encuadra en el art\u00edculo 268 inciso 2 del C\u00f3digo Penal y abarca el incremento patrimonial registrado por Adorni y su esposa durante el per\u00edodo en que el exfuncionario ejerci\u00f3 cargos en la administraci\u00f3n p\u00fablica nacional. La Fiscal\u00eda sostiene que son los incrementos, adquisiciones y desembolsos que, confrontados con los ingresos l\u00edcitos acreditados,&nbsp;<strong>\u201cno encuentran hasta el momento explicaci\u00f3n suficiente\u201d<\/strong>&nbsp;los que ahora deber\u00e1n ser justificados.<\/p>\n\n\n\n<p class=\"wp-block-paragraph\">Ahora, Adorni tendr\u00e1&nbsp;<strong>15 d\u00edas para brindar las explicaciones y aportar la documentaci\u00f3n correspondiente<\/strong>&nbsp;sobre cada uno de los 20 puntos incluidos en el requerimiento fiscal.<\/p>\n\n\n\n<ul class=\"wp-block-list\">\n<li><a href=\"https:\/\/www.ambito.com\/manuel-adorni-a5145513\">Manuel Adorni<\/a><\/li>\n\n\n\n<li><a href=\"https:\/\/www.ambito.com\/justicia-a5122898\">Justicia<\/a><\/li>\n<\/ul>\n","protected":false},"excerpt":{"rendered":"<p>Por\u00a0Vanesa Petrillo &#8211; Fuente: https:\/\/www.ambito.com\/ 10de agosto.2026. El fiscal Pollicita consider\u00f3 que existen inconsistencias en su declaraci\u00f3n jurada. Los 20 interrogantes que deber\u00e1 responder ante la Justicia. El ex jefe de Gabinete&nbsp;Manuel Adorni&nbsp;deber\u00e1 justificar en un plazo de 15 d\u00edas el origen y la evoluci\u00f3n de parte de su patrimonio&nbsp;y el de su grupo familiar, [&hellip;]<\/p>\n","protected":false},"author":3,"featured_media":2980,"comment_status":"closed","ping_status":"closed","sticky":false,"template":"","format":"standard","meta":{"sync_status":"","episode_type":"","audio_file":"","castos_file_data":"","podmotor_file_id":"","cover_image":"","cover_image_id":"","duration":"","filesize":"","filesize_raw":"","date_recorded":"","explicit":"","block":"","footnotes":""},"categories":[100],"tags":[],"class_list":["post-2975","post","type-post","status-publish","format-standard","has-post-thumbnail","hentry","category-justicia"],"_links":{"self":[{"href":"https:\/\/fmmural91.uno\/2024\/wp-json\/wp\/v2\/posts\/2975","targetHints":{"allow":["GET"]}}],"collection":[{"href":"https:\/\/fmmural91.uno\/2024\/wp-json\/wp\/v2\/posts"}],"about":[{"href":"https:\/\/fmmural91.uno\/2024\/wp-json\/wp\/v2\/types\/post"}],"author":[{"embeddable":true,"href":"https:\/\/fmmural91.uno\/2024\/wp-json\/wp\/v2\/users\/3"}],"replies":[{"embeddable":true,"href":"https:\/\/fmmural91.uno\/2024\/wp-json\/wp\/v2\/comments?post=2975"}],"version-history":[{"count":1,"href":"https:\/\/fmmural91.uno\/2024\/wp-json\/wp\/v2\/posts\/2975\/revisions"}],"predecessor-version":[{"id":2981,"href":"https:\/\/fmmural91.uno\/2024\/wp-json\/wp\/v2\/posts\/2975\/revisions\/2981"}],"wp:featuredmedia":[{"embeddable":true,"href":"https:\/\/fmmural91.uno\/2024\/wp-json\/wp\/v2\/media\/2980"}],"wp:attachment":[{"href":"https:\/\/fmmural91.uno\/2024\/wp-json\/wp\/v2\/media?parent=2975"}],"wp:term":[{"taxonomy":"category","embeddable":true,"href":"https:\/\/fmmural91.uno\/2024\/wp-json\/wp\/v2\/categories?post=2975"},{"taxonomy":"post_tag","embeddable":true,"href":"https:\/\/fmmural91.uno\/2024\/wp-json\/wp\/v2\/tags?post=2975"}],"curies":[{"name":"wp","href":"https:\/\/api.w.org\/{rel}","templated":true}]}}