{"id":2996,"date":"2026-08-11T09:17:53","date_gmt":"2026-08-11T12:17:53","guid":{"rendered":"https:\/\/fmmural91.uno\/2024\/?p=2996"},"modified":"2026-08-11T09:17:54","modified_gmt":"2026-08-11T12:17:54","slug":"fuerte-sismo-en-colombia-reportan-132-muertos-y-buscan-personas-entre-los-escombros","status":"publish","type":"post","link":"https:\/\/fmmural91.uno\/2024\/fuerte-sismo-en-colombia-reportan-132-muertos-y-buscan-personas-entre-los-escombros\/","title":{"rendered":"Fuerte sismo en Colombia: reportan 132 muertos y buscan personas entre los escombros"},"content":{"rendered":"\n<p class=\"wp-block-paragraph\">El sismo\u00a0provoc\u00f3\u00a0da\u00f1os significativos en el departamento del Choc\u00f3, sobre la costa del Pac\u00edfico y tambi\u00e9n fueron afectadas otras ciudades colombianas. El reciente\u00a0Presidente Abelardo De La Espriella declar\u00f3\u00a0el desastre de car\u00e1cter nacional.<\/p>\n\n\n\n<p class=\"wp-block-paragraph\">Fuente: <a href=\"https:\/\/www.eldestapeweb.com\/\">https:\/\/www.eldestapeweb.com\/<\/a>   &#8211;   11 de agosto, 2026.<\/p>\n\n\n\n<p class=\"wp-block-paragraph\"><a target=\"_blank\" href=\"https:\/\/www.eldestapeweb.com\/internacionales\/abelardo-espirella-condeno-ataque-terrorista-comisaria-mondomo-202688165639?outputType=amp\" rel=\"noreferrer noopener\">Un terremoto de magnitud<strong>&nbsp;7,4&nbsp;sacudi\u00f3 este lunes el oeste de Colombia<\/strong>&nbsp;y provoc\u00f3 v\u00edctimas fatales, heridos&nbsp;y da\u00f1os significativos<\/a>&nbsp;en diversas ciudades y capitales de Colombia. Hasta ahora, fuentes oficiales descartaron una&nbsp;posible amenaza de Tsunami, sin embargo, temen r\u00e9plicas. En declaraci\u00f3n con la prensa argentina, el embajador colombiano en el pa\u00eds alert\u00f3 que la cifra de muertos va a \u00abseguir creciendo\u00bb.&nbsp;<\/p>\n\n\n\n<p class=\"wp-block-paragraph\">\u00abYa se ha superado el centenar de muertos reconocidos y va a seguir incrementando al cifra. Recordemos lo dram\u00e1tico del caso venezolano. Es una tragedia de cada familia y grupo que se ve afectado por esta tragedia\u00bb, dijo Jos\u00e9 Acosta.&nbsp;<\/p>\n\n\n\n<h2 class=\"wp-block-heading\">M\u00e1s de 100 muertos por el terremoto<\/h2>\n\n\n\n<p class=\"wp-block-paragraph\">El \u00faltimo dato oficial indic\u00f3 que hay&nbsp;111&nbsp;personas muertas, sin embargo esta tarde la Asociaci\u00f3n Colombiana de Ciudades Capitales (Asocapitales), elev\u00f3 la cifra a 132 y reportan m\u00e1s de 570 heridos.&nbsp;<strong>\u00abEn los tres municipios del \u00e1rea metropolitana ya hay 40 fallecidos reportados\u00bb,&nbsp;<\/strong>dijo a Noticias Caracol el gobernador del departamento de Risaralda, Juan Diego Pati\u00f1o, quien precis\u00f3 que las zonas m\u00e1s afectadas se ubican en los municipios de Pereira, Dosquebradas y La Virginia.<\/p>\n\n\n\n<p class=\"wp-block-paragraph\">El funcionario asegur\u00f3 que otras dos personas perdieron la vida en los municipios de La Celia y Santuario, tambi\u00e9n en el departamento de Risaralda.&nbsp;La gobernadora del departamento del Valle del Cauca, Dilian Francisca Toro, dijo en su cuenta de X que 27 personas, incluidos tres ni\u00f1os, perdieron la vida en esa regi\u00f3n del suroeste del pa\u00eds a consecuencia del terremoto.&nbsp;El alcalde de Manizales, Jorge Eduardo Rojas, report\u00f3 por su parte tres personas muertas y graves da\u00f1os en edificaciones. \u00abLa situaci\u00f3n es bien dif\u00edcil\u00bb, afirm\u00f3.<\/p>\n\n\n\n<p class=\"wp-block-paragraph\">La gobernadora del departamento de Choc\u00f3, Nubia Carolina C\u00f3rdoba, dijo en su cuenta de X que cuatro personas perdieron la vida y 69 m\u00e1s resultaron lesionadas.&nbsp;En tanto, en el departamento de Antioquia se report\u00f3 la muerte de un hombre de 73 a\u00f1os por el desprendimiento de una roca, dijo en su cuenta de X el gobernador Andr\u00e9s Juli\u00e1n Rend\u00f3n.&nbsp;El alcalde de Cali, Alejandro Eder, inform\u00f3 que, de manera preliminar, al menos 30 edificios colapsaron en esa ciudad y que varias personas quedaron atrapadas.<\/p>\n\n\n\n<p class=\"wp-block-paragraph\"><strong>El terremoto se produjo a una profundidad de 80 kil\u00f3metros y el epicentro fue monitoreado en 4,85 grados de latitud norte y 76,15 grados de longitud oeste<\/strong>, indic\u00f3 el Centro de Redes Sismol\u00f3gicas de China (CENC, siglas en ingl\u00e9s). \u201cSe presentan<strong>&nbsp;afectaciones en los aeropuertos de Pereira, Manizales, Quibd\u00f3, Armenia, Cartago y Buenaventura<\/strong>. Por seguridad, las operaciones a\u00e9reas en estas terminales permanecen suspendidas hasta evaluar da\u00f1os estructurales en la infraestructura\u201d, indic\u00f3 la entidad en X, tras el sismo de magnitud 7,4. T<strong>ambi\u00e9n se registraron&nbsp;edificaciones averiadas y derrumbadas en varias ciudades como Quibd\u00f3, Cali, Manizales y Pereira.<\/strong><\/p>\n\n\n\n<figure class=\"wp-block-image size-full\"><a href=\"https:\/\/fmmural91.uno\/2024\/wp-content\/uploads\/2026\/08\/Captura-de-pantalla-2026-08-11-090256.png\"><img fetchpriority=\"high\" decoding=\"async\" width=\"728\" height=\"717\" src=\"https:\/\/fmmural91.uno\/2024\/wp-content\/uploads\/2026\/08\/Captura-de-pantalla-2026-08-11-090256.png\" alt=\"\" class=\"wp-image-2997\" srcset=\"https:\/\/fmmural91.uno\/2024\/wp-content\/uploads\/2026\/08\/Captura-de-pantalla-2026-08-11-090256.png 728w, https:\/\/fmmural91.uno\/2024\/wp-content\/uploads\/2026\/08\/Captura-de-pantalla-2026-08-11-090256-559x551.png 559w\" sizes=\"(max-width: 728px) 100vw, 728px\" \/><\/a><\/figure>\n\n\n\n<p class=\"wp-block-paragraph\">La magnitud del movimiento tel\u00farico tambi\u00e9n gener\u00f3 preocupaci\u00f3n en pa\u00edses de la regi\u00f3n. Seg\u00fan inform\u00f3\u00a0<em>RFI<\/em>, que ampli\u00f3 la informaci\u00f3n internacional difundida por la agencia de noticias\u00a0<em>Xinhua<\/em>,\u00a0<strong>el terremoto se sinti\u00f3 en Ecuador y Panam\u00e1<\/strong>.\u00a0<\/p>\n\n\n\n<figure class=\"wp-block-image size-full\"><a href=\"https:\/\/fmmural91.uno\/2024\/wp-content\/uploads\/2026\/08\/Captura-de-pantalla-2026-08-11-091045.png\"><img decoding=\"async\" width=\"952\" height=\"397\" src=\"https:\/\/fmmural91.uno\/2024\/wp-content\/uploads\/2026\/08\/Captura-de-pantalla-2026-08-11-091045.png\" alt=\"\" class=\"wp-image-3000\" srcset=\"https:\/\/fmmural91.uno\/2024\/wp-content\/uploads\/2026\/08\/Captura-de-pantalla-2026-08-11-091045.png 952w, https:\/\/fmmural91.uno\/2024\/wp-content\/uploads\/2026\/08\/Captura-de-pantalla-2026-08-11-091045-559x233.png 559w, https:\/\/fmmural91.uno\/2024\/wp-content\/uploads\/2026\/08\/Captura-de-pantalla-2026-08-11-091045-768x320.png 768w\" sizes=\"(max-width: 952px) 100vw, 952px\" \/><\/a><\/figure>\n\n\n\n<figure class=\"wp-block-image size-full\"><a href=\"https:\/\/fmmural91.uno\/2024\/wp-content\/uploads\/2026\/08\/Captura-de-pantalla-2026-08-11-091442.png\"><img decoding=\"async\" width=\"768\" height=\"582\" src=\"https:\/\/fmmural91.uno\/2024\/wp-content\/uploads\/2026\/08\/Captura-de-pantalla-2026-08-11-091442.png\" alt=\"\" class=\"wp-image-3002\" srcset=\"https:\/\/fmmural91.uno\/2024\/wp-content\/uploads\/2026\/08\/Captura-de-pantalla-2026-08-11-091442.png 768w, https:\/\/fmmural91.uno\/2024\/wp-content\/uploads\/2026\/08\/Captura-de-pantalla-2026-08-11-091442-559x424.png 559w\" sizes=\"(max-width: 768px) 100vw, 768px\" \/><\/a><\/figure>\n\n\n\n<p class=\"wp-block-paragraph\">Las diferencias entre las mediciones de los organismos especializados responden a las estimaciones iniciales que suelen realizarse tras un terremoto y pueden ser ajustadas a medida que se incorporan nuevos datos sismol\u00f3gicos. En tanto, fuentes oficiales aseguraron que&nbsp;no existe amenaza de Tsunami&nbsp;para la costa Pac\u00edfica colombiana tras el sismo.<\/p>\n\n\n\n<figure class=\"wp-block-image size-full\"><a href=\"https:\/\/fmmural91.uno\/2024\/wp-content\/uploads\/2026\/08\/Captura-de-pantalla-2026-08-11-090720.png\"><img loading=\"lazy\" decoding=\"async\" width=\"920\" height=\"371\" src=\"https:\/\/fmmural91.uno\/2024\/wp-content\/uploads\/2026\/08\/Captura-de-pantalla-2026-08-11-090720.png\" alt=\"\" class=\"wp-image-2998\" srcset=\"https:\/\/fmmural91.uno\/2024\/wp-content\/uploads\/2026\/08\/Captura-de-pantalla-2026-08-11-090720.png 920w, https:\/\/fmmural91.uno\/2024\/wp-content\/uploads\/2026\/08\/Captura-de-pantalla-2026-08-11-090720-559x225.png 559w, https:\/\/fmmural91.uno\/2024\/wp-content\/uploads\/2026\/08\/Captura-de-pantalla-2026-08-11-090720-768x310.png 768w\" sizes=\"(max-width: 920px) 100vw, 920px\" \/><\/a><\/figure>\n\n\n\n<figure class=\"wp-block-image size-full\"><a href=\"https:\/\/fmmural91.uno\/2024\/wp-content\/uploads\/2026\/08\/Captura-de-pantalla-2026-08-11-090746.png\"><img loading=\"lazy\" decoding=\"async\" width=\"777\" height=\"655\" src=\"https:\/\/fmmural91.uno\/2024\/wp-content\/uploads\/2026\/08\/Captura-de-pantalla-2026-08-11-090746.png\" alt=\"\" class=\"wp-image-2999\" srcset=\"https:\/\/fmmural91.uno\/2024\/wp-content\/uploads\/2026\/08\/Captura-de-pantalla-2026-08-11-090746.png 777w, https:\/\/fmmural91.uno\/2024\/wp-content\/uploads\/2026\/08\/Captura-de-pantalla-2026-08-11-090746-559x471.png 559w, https:\/\/fmmural91.uno\/2024\/wp-content\/uploads\/2026\/08\/Captura-de-pantalla-2026-08-11-090746-768x647.png 768w\" sizes=\"(max-width: 777px) 100vw, 777px\" \/><\/a><\/figure>\n","protected":false},"excerpt":{"rendered":"<p>El sismo\u00a0provoc\u00f3\u00a0da\u00f1os significativos en el departamento del Choc\u00f3, sobre la costa del Pac\u00edfico y tambi\u00e9n fueron afectadas otras ciudades colombianas. El reciente\u00a0Presidente Abelardo De La Espriella declar\u00f3\u00a0el desastre de car\u00e1cter nacional. Fuente: https:\/\/www.eldestapeweb.com\/ &#8211; 11 de agosto, 2026. Un terremoto de magnitud&nbsp;7,4&nbsp;sacudi\u00f3 este lunes el oeste de Colombia&nbsp;y provoc\u00f3 v\u00edctimas fatales, heridos&nbsp;y da\u00f1os significativos&nbsp;en diversas [&hellip;]<\/p>\n","protected":false},"author":3,"featured_media":3003,"comment_status":"closed","ping_status":"closed","sticky":false,"template":"","format":"standard","meta":{"sync_status":"","episode_type":"","audio_file":"","castos_file_data":"","podmotor_file_id":"","cover_image":"","cover_image_id":"","duration":"","filesize":"","filesize_raw":"","date_recorded":"","explicit":"","block":"","footnotes":""},"categories":[19],"tags":[],"class_list":["post-2996","post","type-post","status-publish","format-standard","has-post-thumbnail","hentry","category-internacionales"],"_links":{"self":[{"href":"https:\/\/fmmural91.uno\/2024\/wp-json\/wp\/v2\/posts\/2996","targetHints":{"allow":["GET"]}}],"collection":[{"href":"https:\/\/fmmural91.uno\/2024\/wp-json\/wp\/v2\/posts"}],"about":[{"href":"https:\/\/fmmural91.uno\/2024\/wp-json\/wp\/v2\/types\/post"}],"author":[{"embeddable":true,"href":"https:\/\/fmmural91.uno\/2024\/wp-json\/wp\/v2\/users\/3"}],"replies":[{"embeddable":true,"href":"https:\/\/fmmural91.uno\/2024\/wp-json\/wp\/v2\/comments?post=2996"}],"version-history":[{"count":1,"href":"https:\/\/fmmural91.uno\/2024\/wp-json\/wp\/v2\/posts\/2996\/revisions"}],"predecessor-version":[{"id":3004,"href":"https:\/\/fmmural91.uno\/2024\/wp-json\/wp\/v2\/posts\/2996\/revisions\/3004"}],"wp:featuredmedia":[{"embeddable":true,"href":"https:\/\/fmmural91.uno\/2024\/wp-json\/wp\/v2\/media\/3003"}],"wp:attachment":[{"href":"https:\/\/fmmural91.uno\/2024\/wp-json\/wp\/v2\/media?parent=2996"}],"wp:term":[{"taxonomy":"category","embeddable":true,"href":"https:\/\/fmmural91.uno\/2024\/wp-json\/wp\/v2\/categories?post=2996"},{"taxonomy":"post_tag","embeddable":true,"href":"https:\/\/fmmural91.uno\/2024\/wp-json\/wp\/v2\/tags?post=2996"}],"curies":[{"name":"wp","href":"https:\/\/api.w.org\/{rel}","templated":true}]}}