{"id":3005,"date":"2026-08-11T10:09:45","date_gmt":"2026-08-11T13:09:45","guid":{"rendered":"https:\/\/fmmural91.uno\/2024\/?p=3005"},"modified":"2026-08-11T10:09:47","modified_gmt":"2026-08-11T13:09:47","slug":"lograron-identificar-al-comisario-que-le-disparaba-a-los-que-protestaban","status":"publish","type":"post","link":"https:\/\/fmmural91.uno\/2024\/lograron-identificar-al-comisario-que-le-disparaba-a-los-que-protestaban\/","title":{"rendered":"Lograron identificar al comisario que le disparaba a los que protestaban"},"content":{"rendered":"\n<h1 class=\"wp-block-heading\">Gustavo Gauna, el polic\u00eda de civil con la escopeta<\/h1>\n\n\n\n<p class=\"wp-block-paragraph\">El comisario fue fotografiado apuntando directo a los manifestantes contra la extranjerizaci\u00f3n de la tierra. Monteoliva lo justific\u00f3 al decir que es un arma de estruendo. El polic\u00eda y la ministra fueron denunciados ante la justicia.<\/p>\n\n\n\n<p class=\"wp-block-paragraph\"><a href=\"https:\/\/www.pagina12.com.ar\/autores\/adriana-meyer\">Por\u00a0Adriana Meyer<\/a>   &#8211;   Fuente: <a href=\"https:\/\/www.pagina12.com.ar\/\">https:\/\/www.pagina12.com.ar\/<\/a> &#8211; 11 de agosto, 2026.<\/p>\n\n\n\n<p class=\"wp-block-paragraph\">Primero fue la identificaci\u00f3n colectiva; luego fueron apareciendo las denuncias penales en Comodoro Py contra el polic\u00eda de civil que apunt\u00f3 a quienes protestaban contra el proyecto de ley de inviolabilidad de la propiedad, el pasado jueves en el Congreso. Con total impunidad, apunt\u00f3 una escopeta t\u00e1ctica cargada con postas de goma, munici\u00f3n calificada de \u201cbaja letalidad\u201d, pero and\u00e1 a contarle eso a Pablo Grillo o a su colega, la fotoperiodista que el jueves sufri\u00f3 un hematoma craneal y qued\u00f3 internada en el hospital Argerich y que ayer fue dada de alta. Ese efectivo result\u00f3 ser el comisario inspector Gustavo Antonio Gauna, fotografiado durante el operativo represivo que caus\u00f3 1500 heridos y casi 30 personas detenidas, quienes seguir\u00e1n imputadas del combo atentado y resistencia a la autoridad, pero ya recuperaron la libertad. La ministra Alejandra Monteoliva, en tanto, justific\u00f3 al comisario al sostener que: \u201cEra un perdig\u00f3n de estruendo, sale ruido\u201d, dijo.<\/p>\n\n\n\n<p class=\"wp-block-paragraph\">La presencia de polic\u00edas de civil hab\u00eda sido prohibida durante la gesti\u00f3n de Nilda Garr\u00e9 en Seguridad, pero fue una de las primeras disposiciones que levant\u00f3 Patricia Bullrich, exministra del \u00e1rea con Mauricio Macri y con Javier Milei, cuyos funcionarios ya salieron a justificar a Gauna.<\/p>\n\n\n\n<p class=\"wp-block-paragraph\">\u201cEra un perdig\u00f3n de estruendo, sale ruido\u201d, justific\u00f3 la ministra Monteoliva al ser consultada, pero dud\u00f3 sobre el rango de Gauna y el arma en cuesti\u00f3n. \u201cLa gente de Investigaciones est\u00e1 de civil. Deben colgar la placa. Generalmente, el jefe de Investigaciones est\u00e1 de civil con su placa. No tengo claro si es comisario y subcomisario. Es probable que haya tenido su placa colgada&#8230;\u201d, dijo la ministra ante una consulta period\u00edstica en una convenci\u00f3n en C\u00f3rdoba. La funcionaria libertaria carg\u00f3 contra los manifestantes al se\u00f1alarlos como instigadores de la represi\u00f3n. \u201cQuisiera entender el momento en que un manifestante va con una masa y un martillo. No creo que venga de laburar\u201d, dijo.<\/p>\n\n\n\n<p class=\"wp-block-paragraph\">Durante m\u00e1s de seis horas, cuatro fuerzas de seguridad reprimieron una manifestaci\u00f3n multitudinaria en la zona del Congreso en rechazo al proyecto que se trataba en el recinto de la C\u00e1mara alta, mientras el resto del pa\u00eds se moviliz\u00f3 sin tener que enfrentar la violencia policial y el gobierno nacional acusaba a los detenidos por atentado contra el orden constitucional y actos de terrorismo. En ese contexto, Gauna, al frente de la Direcci\u00f3n General de Organizaciones Criminales, se expuso como parte de los pelotones que dispararon balas de goma y gases incluso hasta pocas cuadras antes de la Casa Rosada, sobre avenida de Mayo. Eran las 15.30, en el inicio de la represi\u00f3n. Al final de la largu\u00edsima tarde de tormenta, varias personas mostraron las heridas en sus rostros por los balazos de goma, al tiempo que la defensa de los detenidos era asumida por la Red Federal por la Defensa de los Derechos Humanos y la Democracia, cuyos abogados consignaron que todos y todas fueron golpeados.<\/p>\n\n\n\n<p class=\"wp-block-paragraph\">Adem\u00e1s de los manifestantes, y al menos dos personas en situaci\u00f3n de calle que fueron criminalizadas, Gauna y su jefa, la ministra de Seguridad Alejandra Monteoliva, tambi\u00e9n podr\u00edan enfrentar una grave acusaci\u00f3n, seg\u00fan la denuncia que present\u00f3 el abogado Gregorio Dalb\u00f3n, quien lo acusa de abuso de autoridad y violaci\u00f3n de los deberes de funcionarios p\u00fablicos, adem\u00e1s de vejaciones o apremios ilegales, ca\u00edda en manos de la jueza federal Mar\u00eda Servini y del fiscal federal Carlos R\u00edvolo. \u201cNo denunciamos una foto, denunciamos un hecho de enorme gravedad institucional. Un comisario inspector de la Polic\u00eda Federal aparece vestido de civil, sin identificaci\u00f3n visible y efectuando disparos con un arma larga durante una manifestaci\u00f3n frente al Congreso\u201d, detall\u00f3 Dalb\u00f3n a&nbsp;<strong>P\u00e1gina\/12<\/strong>. \u201cDenunciamos a Gustavo Gauna, pero tambi\u00e9n a la ministra de Seguridad, Alejandra Monteoliva, porque la investigaci\u00f3n debe reconstruir toda la cadena de mando: qu\u00e9 arma y munici\u00f3n se utiliz\u00f3, qui\u00e9n autoriz\u00f3 esa modalidad de actuaci\u00f3n y qui\u00e9n imparti\u00f3 las \u00f3rdenes. La responsabilidad penal no necesariamente termina en quien dispara: puede alcanzar tambi\u00e9n a quien ordena, autoriza o tolera un uso ilegal de la fuerza. En democracia, nadie est\u00e1 por encima de la ley.\u201d<\/p>\n\n\n\n<p class=\"wp-block-paragraph\">Por su parte, la Comisi\u00f3n Provincial por la Memoria (CPM) incluye a Gauna en la ampliaci\u00f3n de la denuncia que present\u00f3 el pasado viernes por \u201cel despliegue represivo, el uso desproporcionado de la fuerza \u2013m\u00e1s de 100 granadas de gas lacrim\u00f3geno, 4 hidrantes, cientos de postas de goma y disparos de balas con gas pimienta con byrna y gas pimienta\u2013; la irresponsabilidad de los veh\u00edculos policiales en contramano por 9 de Julio y avenida de Mayo, disparar sobre autos y micros y disparar gases en medio de una tormenta, un agravante porque la presi\u00f3n baja genera que los gases no se dispersen\u201d, tal como explic\u00f3 a&nbsp;<strong>P\u00e1gina\/12<\/strong>&nbsp;Roberto Cipriano Garc\u00eda, secretario ejecutivo de la CPM. Esta denuncia recay\u00f3 en el juzgado federal de Juli\u00e1n Ercolini, al igual que la de Monteoliva contra los manifestantes.<\/p>\n\n\n\n<p class=\"wp-block-paragraph\">En tanto, el diputado socialista Esteban Paul\u00f3n, a trav\u00e9s de la foto viralizada el domingo 9 en redes sociales, denunci\u00f3 a Gauna como quien \u201cfue visto portando un arma, sin uniforme reglamentario, durante los choques entre polic\u00edas y manifestantes\u201d. La ministra Monteoliva tambi\u00e9n fue llamada al Congreso a partir de la citaci\u00f3n solicitada por Paul\u00f3n. \u201cLa ministra debe dar explicaciones en Diputados y renunciar\u201d, dijo el legislador.<\/p>\n\n\n\n<p class=\"wp-block-paragraph\">Desde el Centro de Estudios Legales y Sociales (Cels), destacaron que \u201clas im\u00e1genes de la represi\u00f3n del 6 de agosto muestran un operativo que puso en riesgo la vida, la salud y la integridad de quienes se manifiestan. El Estado convirti\u00f3 la protesta en un escenario de violencia policial. Protestar, hacerse escuchar, peticionar, son derechos\u201d, al mismo tiempo que marc\u00f3 las normas que viol\u00f3 Gauna al participar del procedimiento sin uniforme ni identificaci\u00f3n. Adem\u00e1s, expusieron en su cuenta de X que \u201cla escopeta que apunta puede cargar plomo, prohibido contra la protesta\u201d.<\/p>\n\n\n\n<figure class=\"wp-block-image size-full\"><a href=\"https:\/\/fmmural91.uno\/2024\/wp-content\/uploads\/2026\/08\/Captura-de-pantalla-2026-08-11-095433.png\"><img fetchpriority=\"high\" decoding=\"async\" width=\"878\" height=\"275\" src=\"https:\/\/fmmural91.uno\/2024\/wp-content\/uploads\/2026\/08\/Captura-de-pantalla-2026-08-11-095433.png\" alt=\"\" class=\"wp-image-3006\" srcset=\"https:\/\/fmmural91.uno\/2024\/wp-content\/uploads\/2026\/08\/Captura-de-pantalla-2026-08-11-095433.png 878w, https:\/\/fmmural91.uno\/2024\/wp-content\/uploads\/2026\/08\/Captura-de-pantalla-2026-08-11-095433-559x175.png 559w, https:\/\/fmmural91.uno\/2024\/wp-content\/uploads\/2026\/08\/Captura-de-pantalla-2026-08-11-095433-768x241.png 768w\" sizes=\"(max-width: 878px) 100vw, 878px\" \/><\/a><\/figure>\n\n\n\n<figure class=\"wp-block-image size-full\"><a href=\"https:\/\/fmmural91.uno\/2024\/wp-content\/uploads\/2026\/08\/Captura-de-pantalla-2026-08-11-095457.png\"><img decoding=\"async\" width=\"922\" height=\"557\" src=\"https:\/\/fmmural91.uno\/2024\/wp-content\/uploads\/2026\/08\/Captura-de-pantalla-2026-08-11-095457.png\" alt=\"\" class=\"wp-image-3007\" srcset=\"https:\/\/fmmural91.uno\/2024\/wp-content\/uploads\/2026\/08\/Captura-de-pantalla-2026-08-11-095457.png 922w, https:\/\/fmmural91.uno\/2024\/wp-content\/uploads\/2026\/08\/Captura-de-pantalla-2026-08-11-095457-559x338.png 559w, https:\/\/fmmural91.uno\/2024\/wp-content\/uploads\/2026\/08\/Captura-de-pantalla-2026-08-11-095457-768x464.png 768w\" sizes=\"(max-width: 922px) 100vw, 922px\" \/><\/a><\/figure>\n\n\n\n<p class=\"wp-block-paragraph\"><strong>Identificaci\u00f3n colectiva<\/strong><\/p>\n\n\n\n<p class=\"wp-block-paragraph\">Una fuente de la redacci\u00f3n de La Izquierda Diario (LID) coment\u00f3 a&nbsp;<strong>P\u00e1gina\/12<\/strong>&nbsp;que la publicaci\u00f3n del domingo 9 que identific\u00f3 a Gauna como el polic\u00eda de civil que apunt\u00f3 a la gente fue una reconstrucci\u00f3n colectiva. \u201cComo parte de la cobertura de los hechos del jueves accedimos a fotos tomadas por reporteros como Kaloian Santos, Mart\u00edn Vega y Susi Maresca. Al cotejar las im\u00e1genes con otras de archivo y ver que se trataba de la misma persona, consultamos a varias fuentes y dimos con el nombre del comisario inspector Gustavo Antonio Gauna, responsable de la Direcci\u00f3n General de Organizaciones Criminales\u201d, expres\u00f3 el colega consultado. \u201cQuisimos tener la confirmaci\u00f3n del Ministerio, pero nos dijeron que \u2018todav\u00eda no tienen el listado de efectivos que participaron del operativo\u2019. Con el correr de las horas se empezaron a publicar fotos de Gauna en otros operativos\u201d, agreg\u00f3.<\/p>\n\n\n\n<p class=\"wp-block-paragraph\">LID fue publicando las apariciones p\u00fablicas de Gauna, y afirm\u00f3 que \u201cfue mano derecha de Bullrich en casos como el ni\u00f1o que desapareci\u00f3 forzosamente Loan Pe\u00f1a y en la investigaci\u00f3n del crimen de Lucas Gonz\u00e1lez a manos de la Polic\u00eda porte\u00f1a\u201d. Desde su redacci\u00f3n expresaron que \u201cel hecho de que haya disparado sin importarle que se lo estaba filmando y fotografiando demuestra el nivel de impunidad. Es la ministra Monteoliva la que tiene que explicar no solo qui\u00e9n es y por qu\u00e9 estaba ah\u00ed ese miembro de la fuerza, sino cu\u00e1ntos m\u00e1s hab\u00eda de civil, disparando o bien haciendo espionaje entre los manifestantes\u201d. Adem\u00e1s, una de las primeras figuras p\u00fablicas en identificar a Gauna fue Lucas Bonfante, secretario general del Centro de Estudiantes de la facultad de Filosof\u00eda y Letras (UBA) y militante del PTS-FIT, en sus redes sociales.<\/p>\n\n\n\n<figure class=\"wp-block-image size-full\"><a href=\"https:\/\/fmmural91.uno\/2024\/wp-content\/uploads\/2026\/08\/Captura-de-pantalla-2026-08-11-095857.png\"><img decoding=\"async\" width=\"880\" height=\"272\" src=\"https:\/\/fmmural91.uno\/2024\/wp-content\/uploads\/2026\/08\/Captura-de-pantalla-2026-08-11-095857.png\" alt=\"\" class=\"wp-image-3008\" srcset=\"https:\/\/fmmural91.uno\/2024\/wp-content\/uploads\/2026\/08\/Captura-de-pantalla-2026-08-11-095857.png 880w, https:\/\/fmmural91.uno\/2024\/wp-content\/uploads\/2026\/08\/Captura-de-pantalla-2026-08-11-095857-559x173.png 559w, https:\/\/fmmural91.uno\/2024\/wp-content\/uploads\/2026\/08\/Captura-de-pantalla-2026-08-11-095857-768x237.png 768w\" sizes=\"(max-width: 880px) 100vw, 880px\" \/><\/a><\/figure>\n\n\n\n<figure class=\"wp-block-image size-full is-resized\"><a href=\"https:\/\/fmmural91.uno\/2024\/wp-content\/uploads\/2026\/08\/Captura-de-pantalla-2026-08-11-100019.png\"><img loading=\"lazy\" decoding=\"async\" width=\"726\" height=\"757\" src=\"https:\/\/fmmural91.uno\/2024\/wp-content\/uploads\/2026\/08\/Captura-de-pantalla-2026-08-11-100019.png\" alt=\"\" class=\"wp-image-3009\" style=\"width:726px;height:auto\" srcset=\"https:\/\/fmmural91.uno\/2024\/wp-content\/uploads\/2026\/08\/Captura-de-pantalla-2026-08-11-100019.png 726w, https:\/\/fmmural91.uno\/2024\/wp-content\/uploads\/2026\/08\/Captura-de-pantalla-2026-08-11-100019-536x559.png 536w\" sizes=\"(max-width: 726px) 100vw, 726px\" \/><\/a><\/figure>\n\n\n\n<p class=\"wp-block-paragraph\">Gauna lleg\u00f3 a ser testigo en el juicio contra los polic\u00edas de la Ciudad que asesinaron al joven futbolista Gonz\u00e1lez, algo que ponder\u00f3 el abogado que ahora lo denunci\u00f3, Gregorio Dalb\u00f3n. \u201cMe preguntaron c\u00f3mo puede ser que el mismo Gustavo Gauna que tuvo una actuaci\u00f3n correcta y valiosa en el juicio por Lucas Gonz\u00e1lez aparezca hoy, vestido de civil y armado, frente al Congreso. Hay una diferencia: el contexto pol\u00edtico. En aquel momento, bajo un gobierno peronista, Gauna declar\u00f3 ante la Justicia y contribuy\u00f3 al esclarecimiento de un grav\u00edsimo caso de violencia institucional. El 6 de agosto, bajo un gobierno de derecha que ha convertido la respuesta policial a la protesta en una herramienta recurrente de su pol\u00edtica de seguridad, aparece del otro lado de la escena. No s\u00e9 todav\u00eda qu\u00e9 orden recibi\u00f3 Gauna ni qui\u00e9n se la dio. Precisamente por eso lo denunci\u00e9 junto con la ministra Monteoliva y ped\u00ed que se reconstruya toda la cadena de mando\u201d, escribi\u00f3 el letrado en su cuenta de X.<\/p>\n\n\n\n<p class=\"wp-block-paragraph\">Por otra parte, el Sindicato de Prensa de Buenos Aires public\u00f3: \u201cCon mucha felicidad queremos informar que Patri fue dada de alta hace minutos. Tras cuatro d\u00edas de internaci\u00f3n en el Hospital Argerich, los m\u00e9dicos determinaron que puede seguir su recuperaci\u00f3n en su casa, ya que la evoluci\u00f3n de la fractura y el hematoma craneal es muy positiva. Adem\u00e1s, deber\u00e1 continuar haci\u00e9ndose estudios en el o\u00eddo izquierdo, que tambi\u00e9n qued\u00f3 afectado por el golpe en la cabeza\u201d. En la esquina de Lima y avenida de Mayo, los primeros auxilios a la profesional fueron practicados por una m\u00e9dica de la CPM, un grupo que fue alcanzado por la misma r\u00e1faga de disparos.<\/p>\n\n\n\n<p class=\"wp-block-paragraph\"><strong>Respaldo oficial<\/strong><\/p>\n\n\n\n<p class=\"wp-block-paragraph\">Al menos en algo es coherente el gobierno: en todos los estamentos califican a quienes protestan como \u201cterroristas\u201d, la palabra de moda. En tal sentido, la exministra Bullrich dej\u00f3 el terreno bien preparado para el recrudecimiento de la represi\u00f3n a la protesta social. As\u00ed como arm\u00f3 un sector especial en la c\u00e1rcel de Ezeiza para detenidos de \u201calto riesgo\u201d, a quienes directamente se les suspenden sus derechos, tambi\u00e9n consolid\u00f3 el famoso Comando Unificado. Este habr\u00eda solicitado \u201ca las fuerzas federales la composici\u00f3n de grupos de operaciones de infanter\u00eda, que son los que se ven detr\u00e1s de las vallas, que tambi\u00e9n aportan brigadas de civil; la mitad de ellas usan camperas como las que se vieron frente al Congreso\u201d, explicaron fuentes oficiales relacionadas con las fuerzas que participaron del operativo a&nbsp;<em>La Naci\u00f3n<\/em>. Sobre Gauna, agregaron \u201cque tiene 35 a\u00f1os de servicio\u201d en la Polic\u00eda Federal, \u201clos que est\u00e1n de civil cumplen tareas de observaci\u00f3n para ver cu\u00e1les son los grupos de choque que enfrentan y que generan disturbios con palos, piedras o que producen incendios. All\u00ed es cuando intervienen\u201d, detallaron.<\/p>\n\n\n\n<p class=\"wp-block-paragraph\"><strong>Civiles armados<\/strong><\/p>\n\n\n\n<p class=\"wp-block-paragraph\">A nadie que haya ejercido el derecho a protestar le es ajena la permanente presencia de polic\u00edas de civil, en general comisarios, jefes de operativos o agentes destinados a infiltrar. Sin embargo, la imagen de Gauna \u2013con su sobretodo y su bufanda, el Congreso de fondo y apuntando a la multitud\u2013 removi\u00f3 los m\u00e1s oscuros recuerdos sobre tiempos de suspensi\u00f3n del estado de derecho por gobiernos de facto y, antes a\u00fan, circulaci\u00f3n de patotas parapoliciales.<\/p>\n\n\n\n<p class=\"wp-block-paragraph\">\u201cHab\u00eda una resoluci\u00f3n de Garr\u00e9 que prohib\u00eda la presencia de polic\u00edas de civil en manifestaciones, y aunque nunca fue cumplida, al menos serv\u00eda para determinar responsabilidades ulteriores. Pero Bullrich directamente la derog\u00f3\u201d, coment\u00f3 a&nbsp;<strong>P\u00e1gina\/12<\/strong>&nbsp;la abogada Mar\u00eda del Carmen Verd\u00fa, de la Coordinadora contra la Represi\u00f3n Policial e Institucional (Correpi). \u201cQue no est\u00e9 prohibido no lo hace legal: exigimos junto a todas las organizaciones que se investigue el operativo de represi\u00f3n del 06\/08 y especialmente a los agentes de civil. Luchar no es delito, basta de represi\u00f3n. Libertad a Milton (Tolomeo) y a Eneas (Gallo)\u201d, poste\u00f3 la agrupaci\u00f3n antirrepresiva en IG.<\/p>\n\n\n\n<p class=\"wp-block-paragraph\">As\u00ed, en futuras movilizaciones, los manifestantes volver\u00e1n a toparse con los Gauna de la vida. Que tal actitud de impunidad no se consolide depende ahora de la justicia federal. O m\u00e1s bien como pregona el gobierno, el que las hace las paga.<\/p>\n","protected":false},"excerpt":{"rendered":"<p>Gustavo Gauna, el polic\u00eda de civil con la escopeta El comisario fue fotografiado apuntando directo a los manifestantes contra la extranjerizaci\u00f3n de la tierra. Monteoliva lo justific\u00f3 al decir que es un arma de estruendo. El polic\u00eda y la ministra fueron denunciados ante la justicia. Por\u00a0Adriana Meyer &#8211; Fuente: https:\/\/www.pagina12.com.ar\/ &#8211; 11 de agosto, 2026. [&hellip;]<\/p>\n","protected":false},"author":3,"featured_media":3010,"comment_status":"closed","ping_status":"closed","sticky":false,"template":"","format":"standard","meta":{"sync_status":"","episode_type":"","audio_file":"","castos_file_data":"","podmotor_file_id":"","cover_image":"","cover_image_id":"","duration":"","filesize":"","filesize_raw":"","date_recorded":"","explicit":"","block":"","footnotes":""},"categories":[24],"tags":[],"class_list":["post-3005","post","type-post","status-publish","format-standard","has-post-thumbnail","hentry","category-politica"],"_links":{"self":[{"href":"https:\/\/fmmural91.uno\/2024\/wp-json\/wp\/v2\/posts\/3005","targetHints":{"allow":["GET"]}}],"collection":[{"href":"https:\/\/fmmural91.uno\/2024\/wp-json\/wp\/v2\/posts"}],"about":[{"href":"https:\/\/fmmural91.uno\/2024\/wp-json\/wp\/v2\/types\/post"}],"author":[{"embeddable":true,"href":"https:\/\/fmmural91.uno\/2024\/wp-json\/wp\/v2\/users\/3"}],"replies":[{"embeddable":true,"href":"https:\/\/fmmural91.uno\/2024\/wp-json\/wp\/v2\/comments?post=3005"}],"version-history":[{"count":1,"href":"https:\/\/fmmural91.uno\/2024\/wp-json\/wp\/v2\/posts\/3005\/revisions"}],"predecessor-version":[{"id":3011,"href":"https:\/\/fmmural91.uno\/2024\/wp-json\/wp\/v2\/posts\/3005\/revisions\/3011"}],"wp:featuredmedia":[{"embeddable":true,"href":"https:\/\/fmmural91.uno\/2024\/wp-json\/wp\/v2\/media\/3010"}],"wp:attachment":[{"href":"https:\/\/fmmural91.uno\/2024\/wp-json\/wp\/v2\/media?parent=3005"}],"wp:term":[{"taxonomy":"category","embeddable":true,"href":"https:\/\/fmmural91.uno\/2024\/wp-json\/wp\/v2\/categories?post=3005"},{"taxonomy":"post_tag","embeddable":true,"href":"https:\/\/fmmural91.uno\/2024\/wp-json\/wp\/v2\/tags?post=3005"}],"curies":[{"name":"wp","href":"https:\/\/api.w.org\/{rel}","templated":true}]}}