{"id":3016,"date":"2026-08-11T10:59:39","date_gmt":"2026-08-11T13:59:39","guid":{"rendered":"https:\/\/fmmural91.uno\/2024\/?p=3016"},"modified":"2026-08-11T10:59:40","modified_gmt":"2026-08-11T13:59:40","slug":"el-gobierno-ratifico-la-paritaria-universitaria-y-califico-de-politico-el-paro-de-este-miercoles","status":"publish","type":"post","link":"https:\/\/fmmural91.uno\/2024\/el-gobierno-ratifico-la-paritaria-universitaria-y-califico-de-politico-el-paro-de-este-miercoles\/","title":{"rendered":"El Gobierno ratific\u00f3 la paritaria universitaria y calific\u00f3 de \u00abpol\u00edtico\u00bb el paro de este mi\u00e9rcoles"},"content":{"rendered":"\n<p class=\"wp-block-paragraph\">En un comunicado difundido este lunes, el Ministerio de Capital Humano rechaz\u00f3 los cuestionamientos sindicales y sostuvo que no existe incumplimiento por parte del Ejecutivo en materia salarial.<\/p>\n\n\n\n<p class=\"wp-block-paragraph\">Fuente: <a href=\"https:\/\/www.ambito.com\/\">https:\/\/www.ambito.com\/<\/a>   &#8211;   11 de agosto, 2026.<\/p>\n\n\n\n<p class=\"wp-block-paragraph\">El&nbsp;<strong><a href=\"https:\/\/www.ambito.com\/politica\/karina-milei-activo-el-armado-bonaerense-lla-una-reunion-legisladores-casa-rosada-n6309231\" target=\"_blank\" rel=\"noreferrer noopener\">Gobierno nacional<\/a><\/strong>, a trav\u00e9s del&nbsp;<strong>Ministerio de Capital Humano<\/strong>, ratific\u00f3 este lunes la convocatoria a la&nbsp;<strong>mesa paritaria con los gremios universitarios docentes y no docentes<\/strong>&nbsp;para el pr\u00f3ximo&nbsp;<strong>1 de septiembre<\/strong>&nbsp;y cuestion\u00f3 el&nbsp;<strong>paro nacional anunciado para este mi\u00e9rcoles 12 de agosto<\/strong>.<\/p>\n\n\n\n<p class=\"wp-block-paragraph\">En un comunicado difundido este lunes, la cartera que conduce&nbsp;<strong>Sandra Pettovello<\/strong>&nbsp;sostuvo que la medida de fuerza tiene un&nbsp;<strong>\u00abcar\u00e1cter pol\u00edtico\u00bb<\/strong>&nbsp;y rechaz\u00f3 los cuestionamientos sindicales por la falta de discusi\u00f3n salarial.<\/p>\n\n\n\n<p class=\"wp-block-paragraph\">Desde el Ministerio de Capital Humano se\u00f1alaron que la\u00a0<strong>reuni\u00f3n paritaria<\/strong>\u00a0fue fijada \u00abconforme al cronograma oportunamente establecido\u00bb y defendieron el accionar de la\u00a0<strong>Subsecretar\u00eda de Pol\u00edticas Universitarias<\/strong>.<\/p>\n\n\n\n<figure class=\"wp-block-image size-full\"><a href=\"https:\/\/fmmural91.uno\/2024\/wp-content\/uploads\/2026\/08\/Captura-de-pantalla-2026-08-11-105100.png\"><img fetchpriority=\"high\" decoding=\"async\" width=\"636\" height=\"687\" src=\"https:\/\/fmmural91.uno\/2024\/wp-content\/uploads\/2026\/08\/Captura-de-pantalla-2026-08-11-105100.png\" alt=\"\" class=\"wp-image-3017\" srcset=\"https:\/\/fmmural91.uno\/2024\/wp-content\/uploads\/2026\/08\/Captura-de-pantalla-2026-08-11-105100.png 636w, https:\/\/fmmural91.uno\/2024\/wp-content\/uploads\/2026\/08\/Captura-de-pantalla-2026-08-11-105100-518x559.png 518w\" sizes=\"(max-width: 636px) 100vw, 636px\" \/><\/a><\/figure>\n\n\n\n<p class=\"wp-block-paragraph\">\u00abA trav\u00e9s de la Subsecretar\u00eda de Pol\u00edticas Universitarias,&nbsp;<strong>se ha actuado en todo momento en estricto cumplimiento de la normativa vigente y en los t\u00e9rminos dispuestos por la Justicia<\/strong>\u00ab, remarcaron desde el Gobierno.<\/p>\n\n\n\n<p class=\"wp-block-paragraph\">En ese marco, el Ejecutivo cuestion\u00f3 la&nbsp;<strong>medida de fuerza<\/strong>&nbsp;que los gremios docentes y no docentes ratificaron para el mi\u00e9rcoles 12 de agosto y sostuvo que&nbsp;<strong>no existe un incumplimiento por parte de la administraci\u00f3n nacional<\/strong>.<\/p>\n\n\n\n<p class=\"wp-block-paragraph\">\u00abEl paro anunciado constituye una&nbsp;<strong>medida de car\u00e1cter pol\u00edtico<\/strong>&nbsp;y no responde a un reclamo genuino, toda vez que&nbsp;<strong>no existe incumplimiento alguno por parte del Gobierno nacional<\/strong>\u00ab, concluy\u00f3 el comunicado oficial.<\/p>\n\n\n\n<h2 class=\"wp-block-heading\">Paro universitario: cu\u00e1les son los reclamos de los gremios<\/h2>\n\n\n\n<p class=\"wp-block-paragraph\">La medida de fuerza fue confirmada la semana pasada por distintas organizaciones sindicales y se llevar\u00e1 adelante&nbsp;<strong>sin concurrencia a los lugares de trabajo<\/strong>. Entre los principales reclamos se encuentran una&nbsp;<strong>recomposici\u00f3n salarial<\/strong>, el pago de una deuda que los gremios estiman en un&nbsp;<strong>28,5% hasta junio<\/strong>&nbsp;y el&nbsp;<strong>cumplimiento de la Ley de Financiamiento Universitario<\/strong>.<\/p>\n\n\n\n<p class=\"wp-block-paragraph\">La&nbsp;<strong>Federaci\u00f3n Argentina del Trabajador de las Universidades Nacionales (Fatun)<\/strong>&nbsp;resolvi\u00f3 adherir al paro, mientras que&nbsp;<strong>Conadu Hist\u00f3rica<\/strong>&nbsp;anunci\u00f3 adem\u00e1s una nueva jornada de protesta de mayor duraci\u00f3n. Seg\u00fan anticip\u00f3 el gremio, realizar\u00e1 un&nbsp;<strong>paro nacional desde el martes 18 hasta el s\u00e1bado 22 de agosto<\/strong>.<\/p>\n\n\n\n<p class=\"wp-block-paragraph\">Las organizaciones sindicales tambi\u00e9n reclaman el&nbsp;<strong>env\u00edo de fondos para cubrir los gastos de funcionamiento de las universidades<\/strong>&nbsp;y cuestionan la falta de transferencia de un&nbsp;<strong>incremento del 20%<\/strong>&nbsp;previsto para ese concepto.<\/p>\n\n\n\n<p class=\"wp-block-paragraph\">De esta manera, el&nbsp;<strong>conflicto entre el Gobierno y los gremios universitarios<\/strong>&nbsp;contin\u00faa abierto, con una nueva instancia paritaria prevista para el&nbsp;<strong>1\u00b0 de septiembre<\/strong>&nbsp;y un&nbsp;<strong>paro nacional confirmado para este mi\u00e9rcoles<\/strong>.<\/p>\n\n\n\n<ul class=\"wp-block-list\">\n<li><a href=\"https:\/\/www.ambito.com\/universidades-a5129173\">Universidades<\/a><\/li>\n<\/ul>\n","protected":false},"excerpt":{"rendered":"<p>En un comunicado difundido este lunes, el Ministerio de Capital Humano rechaz\u00f3 los cuestionamientos sindicales y sostuvo que no existe incumplimiento por parte del Ejecutivo en materia salarial. Fuente: https:\/\/www.ambito.com\/ &#8211; 11 de agosto, 2026. El&nbsp;Gobierno nacional, a trav\u00e9s del&nbsp;Ministerio de Capital Humano, ratific\u00f3 este lunes la convocatoria a la&nbsp;mesa paritaria con los gremios universitarios [&hellip;]<\/p>\n","protected":false},"author":3,"featured_media":3018,"comment_status":"closed","ping_status":"closed","sticky":false,"template":"","format":"standard","meta":{"sync_status":"","episode_type":"","audio_file":"","castos_file_data":"","podmotor_file_id":"","cover_image":"","cover_image_id":"","duration":"","filesize":"","filesize_raw":"","date_recorded":"","explicit":"","block":"","footnotes":""},"categories":[28],"tags":[],"class_list":["post-3016","post","type-post","status-publish","format-standard","has-post-thumbnail","hentry","category-educacion"],"_links":{"self":[{"href":"https:\/\/fmmural91.uno\/2024\/wp-json\/wp\/v2\/posts\/3016","targetHints":{"allow":["GET"]}}],"collection":[{"href":"https:\/\/fmmural91.uno\/2024\/wp-json\/wp\/v2\/posts"}],"about":[{"href":"https:\/\/fmmural91.uno\/2024\/wp-json\/wp\/v2\/types\/post"}],"author":[{"embeddable":true,"href":"https:\/\/fmmural91.uno\/2024\/wp-json\/wp\/v2\/users\/3"}],"replies":[{"embeddable":true,"href":"https:\/\/fmmural91.uno\/2024\/wp-json\/wp\/v2\/comments?post=3016"}],"version-history":[{"count":1,"href":"https:\/\/fmmural91.uno\/2024\/wp-json\/wp\/v2\/posts\/3016\/revisions"}],"predecessor-version":[{"id":3019,"href":"https:\/\/fmmural91.uno\/2024\/wp-json\/wp\/v2\/posts\/3016\/revisions\/3019"}],"wp:featuredmedia":[{"embeddable":true,"href":"https:\/\/fmmural91.uno\/2024\/wp-json\/wp\/v2\/media\/3018"}],"wp:attachment":[{"href":"https:\/\/fmmural91.uno\/2024\/wp-json\/wp\/v2\/media?parent=3016"}],"wp:term":[{"taxonomy":"category","embeddable":true,"href":"https:\/\/fmmural91.uno\/2024\/wp-json\/wp\/v2\/categories?post=3016"},{"taxonomy":"post_tag","embeddable":true,"href":"https:\/\/fmmural91.uno\/2024\/wp-json\/wp\/v2\/tags?post=3016"}],"curies":[{"name":"wp","href":"https:\/\/api.w.org\/{rel}","templated":true}]}}