{"id":3020,"date":"2026-08-11T11:20:58","date_gmt":"2026-08-11T14:20:58","guid":{"rendered":"https:\/\/fmmural91.uno\/2024\/?p=3020"},"modified":"2026-08-11T11:21:00","modified_gmt":"2026-08-11T14:21:00","slug":"como-fue-el-operativo-para-salvaguardar-a-donald-trump-de-una-amenaza-irani-tras-la-cumbre-de-la-otan","status":"publish","type":"post","link":"https:\/\/fmmural91.uno\/2024\/como-fue-el-operativo-para-salvaguardar-a-donald-trump-de-una-amenaza-irani-tras-la-cumbre-de-la-otan\/","title":{"rendered":"C\u00f3mo fue el operativo para salvaguardar a Donald Trump de una amenaza iran\u00ed tras la cumbre de la OTAN"},"content":{"rendered":"\n<p class=\"wp-block-paragraph\">Un informe revel\u00f3 que el mandatario estadounidense utiliz\u00f3 un complejo enga\u00f1o para abandonar Ankara en un avi\u00f3n militar alternativo, mientras la Casa Blanca simulaba un regreso convencional<\/p>\n\n\n\n<p class=\"wp-block-paragraph\">Fuente: <a href=\"https:\/\/www.infobae.com\/\">https:\/\/www.infobae.com\/<\/a>   &#8211;   11 de agosto, 2026.<\/p>\n\n\n\n<p class=\"wp-block-paragraph\">El presidente de Estados Unidos,\u00a0<strong>Donald Trump<\/strong>, utiliz\u00f3 una elaborada estrategia para salir de\u00a0<strong>Turqu\u00eda<\/strong>\u00a0tras la cumbre de la\u00a0<strong>OTAN<\/strong>\u00a0debido a una\u00a0<strong>amenaza de Ir\u00e1n<\/strong>, seg\u00fan un informe de\u00a0<em>The Washington Post<\/em>.<\/p>\n\n\n\n<p class=\"wp-block-paragraph\">El reporte indica que Trump abandon\u00f3 la cumbre en Ankara a bordo de un&nbsp;<strong>avi\u00f3n militar alternativo<\/strong>, mientras la Casa Blanca manten\u00eda la apariencia de que el presidente viajaba en el Air Force One. Esta maniobra se llev\u00f3 a cabo despu\u00e9s de recibir informaci\u00f3n sobre&nbsp;<strong>un plan para de Ir\u00e1n para asesinarlo<\/strong>.<\/p>\n\n\n\n<p class=\"wp-block-paragraph\">De acuerdo con&nbsp;<em>The Washington Post<\/em>, periodistas y algunos miembros del personal de la Casa Blanca creyeron que estaban en el mismo avi\u00f3n que el mandatario, mientras \u00e9l iniciaba el regreso a Washington tras el encuentro anual de l\u00edderes de pa\u00edses de la OTAN.<\/p>\n\n\n\n<figure class=\"wp-block-image size-full\"><a href=\"https:\/\/fmmural91.uno\/2024\/wp-content\/uploads\/2026\/08\/Captura-de-pantalla-2026-08-11-111103.png\"><img fetchpriority=\"high\" decoding=\"async\" width=\"932\" height=\"677\" src=\"https:\/\/fmmural91.uno\/2024\/wp-content\/uploads\/2026\/08\/Captura-de-pantalla-2026-08-11-111103.png\" alt=\"\" class=\"wp-image-3021\" srcset=\"https:\/\/fmmural91.uno\/2024\/wp-content\/uploads\/2026\/08\/Captura-de-pantalla-2026-08-11-111103.png 932w, https:\/\/fmmural91.uno\/2024\/wp-content\/uploads\/2026\/08\/Captura-de-pantalla-2026-08-11-111103-559x406.png 559w, https:\/\/fmmural91.uno\/2024\/wp-content\/uploads\/2026\/08\/Captura-de-pantalla-2026-08-11-111103-768x558.png 768w\" sizes=\"(max-width: 932px) 100vw, 932px\" \/><\/a><\/figure>\n\n\n\n<p class=\"wp-block-paragraph\">Trump hab\u00eda llegado a la cumbre en un nuevo avi\u00f3n, un jet rojo, blanco y azul marino regalado por Qatar y reacondicionado. Sin embargo, antes de dejar Turqu\u00eda, anunci\u00f3 que volar\u00eda parte del trayecto en un modelo antiguo del Air Force One de color celeste. Justific\u00f3 el movimiento al se\u00f1alar que el nuevo avi\u00f3n ser\u00eda trasladado antes de su salida para que tropas estadounidenses en Inglaterra pudieran inspeccionarlo.Trump saluda al abordar el Air Force One antiguo en Turqu\u00eda (captura de video\/Reuters)Poco despu\u00e9s de que abordara Trump, un cami\u00f3n de catering se estacion\u00f3 junto al Air Force One. Trump subi\u00f3 en ese container (captura de video\/Reuters)<\/p>\n\n\n\n<p class=\"wp-block-paragraph\">En Ankara,&nbsp;<strong>Trump abord\u00f3 el antiguo Air Force One ante las c\u00e1maras de televisi\u00f3n<\/strong>, pero&nbsp;<strong>minutos despu\u00e9s fue trasladado en secreto a un avi\u00f3n m\u00e1s peque\u00f1o<\/strong>, un&nbsp;<strong>Air Force C-32A<\/strong>, mediante un cami\u00f3n de catering del aeropuerto. As\u00ed,&nbsp;<strong>Trump vol\u00f3 a la base Royal Air Force Mildenhall en el Reino Unido en ese avi\u00f3n alternativo<\/strong>.<\/p>\n\n\n\n<p class=\"wp-block-paragraph\">La Casa Blanca no respondi\u00f3 directamente sobre el operativo secreto ni sobre la maniobra para simular que Trump viajaba en el Air Force One celeste. El director de comunicaciones,&nbsp;<strong>Steven Cheung<\/strong>, declar\u00f3: \u201cComo el presidente ha dicho recientemente, hay muchos enemigos de Am\u00e9rica que lo tienen en la mira, y usamos todas las herramientas a nuestro alcance para afrontar esas amenazas\u201d.<\/p>\n\n\n\n<p class=\"wp-block-paragraph\">El&nbsp;<strong>Servicio Secreto<\/strong>&nbsp;de EEUU declin\u00f3 hacer comentarios y la&nbsp;<strong>Fuerza A\u00e9rea<\/strong>&nbsp;remiti\u00f3 las preguntas a la Casa Blanca.<\/p>\n\n\n\n<p class=\"wp-block-paragraph\">Durante la estancia de Trump en Turqu\u00eda, el ej\u00e9rcito estadounidense lanz\u00f3 ataques en Ir\u00e1n como represalia por agresiones a embarcaciones mercantes en la regi\u00f3n. Medios como&nbsp;<em>The New York Times<\/em>&nbsp;y&nbsp;<em>CBS News<\/em>&nbsp;reportaron que los servicios de inteligencia advirtieron sobre posibles ataques contra Trump o su avi\u00f3n, lo que motiv\u00f3 precauciones adicionales y la decisi\u00f3n de no usar el avi\u00f3n regalado por Qatar en el primer tramo del regreso.<\/p>\n\n\n\n<p class=\"wp-block-paragraph\">PUBLICIDAD<\/p>\n\n\n\n<p class=\"wp-block-paragraph\">El cambio despert\u00f3 interrogantes sobre la seguridad del avi\u00f3n proporcionado por Qatar, y Trump afirm\u00f3 tras el viaje que se le realizar\u00edan mejoras adicionales. Cheung sostuvo que el nuevo avi\u00f3n es \u201cuna aeronave de \u00faltima generaci\u00f3n equipada con altos protocolos de seguridad que garantizan la seguridad del presidente y su equipo\u201d.<\/p>\n\n\n\n<p class=\"wp-block-paragraph\">El informe de&nbsp;<em>The Washington Post<\/em>&nbsp;sobre el traslado secreto de Trump a una tercera aeronave revela el&nbsp;<strong>nivel de preocupaci\u00f3n de los funcionarios estadounidenses por la amenaza<\/strong>&nbsp;durante la guerra con Ir\u00e1n.&nbsp;<strong>Paul Eckloff<\/strong>, ex agente especial del Servicio Secreto, se\u00f1al\u00f3 que una medida tan inusual puede deberse a inteligencia accionable o a un exceso de precauci\u00f3n ante la inestabilidad derivada de los conflictos en Ir\u00e1n y Ucrania. \u201c<strong>No dir\u00eda que es algo sin precedentes, pero s\u00ed una ocurrencia poco com\u00fan<\/strong>\u201d, afirm\u00f3 Eckloff.<\/p>\n\n\n\n<p class=\"wp-block-paragraph\">PUBLICIDADEl presidente turco Recep Tayyip Erdogan (izquierda) da la bienvenida al presidente estadounidense Donald Trump, quien realiz\u00f3 una visita oficial al pa\u00eds antes de la Cumbre de la OTAN de 2026 en Ankara, Turqu\u00eda (EFE\/EPA\/OSMANCAN GURDOGAN)<\/p>\n\n\n\n<p class=\"wp-block-paragraph\"><em>The Washington Post<\/em>&nbsp;detall\u00f3 que, para salir del avi\u00f3n sin ser visto,&nbsp;<strong>Trump y sus asistentes usaron un cami\u00f3n de catering elevado hasta una puerta del lado opuesto a la entrada habitual del Air Force One<\/strong>. El reducido grupo de periodistas que cre\u00eda viajar con Trump recibi\u00f3 la instrucci\u00f3n de bajar las ventanillas antes del despegue.<\/p>\n\n\n\n<p class=\"wp-block-paragraph\">Al llegar a&nbsp;<strong>Mildenhall<\/strong>, fot\u00f3grafos captaron im\u00e1genes de Trump descendiendo del avi\u00f3n presidencial, lo que sugiere que&nbsp;<strong>volvi\u00f3 a abordar el Air Force One lejos de la vista de los periodistas<\/strong>.<\/p>\n\n\n\n<p class=\"wp-block-paragraph\">El senador dem\u00f3crata&nbsp;<strong>Richard Blumenthal<\/strong>&nbsp;solicit\u00f3 una investigaci\u00f3n en el Congreso. \u201c<strong>Es algo sin precedentes y surrealista<\/strong>\u201d, dijo en&nbsp;<em>CNN<\/em>, calificando el incidente de \u201caterrador\u201d.<\/p>\n","protected":false},"excerpt":{"rendered":"<p>Un informe revel\u00f3 que el mandatario estadounidense utiliz\u00f3 un complejo enga\u00f1o para abandonar Ankara en un avi\u00f3n militar alternativo, mientras la Casa Blanca simulaba un regreso convencional Fuente: https:\/\/www.infobae.com\/ &#8211; 11 de agosto, 2026. El presidente de Estados Unidos,\u00a0Donald Trump, utiliz\u00f3 una elaborada estrategia para salir de\u00a0Turqu\u00eda\u00a0tras la cumbre de la\u00a0OTAN\u00a0debido a una\u00a0amenaza de Ir\u00e1n, [&hellip;]<\/p>\n","protected":false},"author":3,"featured_media":3022,"comment_status":"closed","ping_status":"closed","sticky":false,"template":"","format":"standard","meta":{"sync_status":"","episode_type":"","audio_file":"","castos_file_data":"","podmotor_file_id":"","cover_image":"","cover_image_id":"","duration":"","filesize":"","filesize_raw":"","date_recorded":"","explicit":"","block":"","footnotes":""},"categories":[19],"tags":[],"class_list":["post-3020","post","type-post","status-publish","format-standard","has-post-thumbnail","hentry","category-internacionales"],"_links":{"self":[{"href":"https:\/\/fmmural91.uno\/2024\/wp-json\/wp\/v2\/posts\/3020","targetHints":{"allow":["GET"]}}],"collection":[{"href":"https:\/\/fmmural91.uno\/2024\/wp-json\/wp\/v2\/posts"}],"about":[{"href":"https:\/\/fmmural91.uno\/2024\/wp-json\/wp\/v2\/types\/post"}],"author":[{"embeddable":true,"href":"https:\/\/fmmural91.uno\/2024\/wp-json\/wp\/v2\/users\/3"}],"replies":[{"embeddable":true,"href":"https:\/\/fmmural91.uno\/2024\/wp-json\/wp\/v2\/comments?post=3020"}],"version-history":[{"count":1,"href":"https:\/\/fmmural91.uno\/2024\/wp-json\/wp\/v2\/posts\/3020\/revisions"}],"predecessor-version":[{"id":3023,"href":"https:\/\/fmmural91.uno\/2024\/wp-json\/wp\/v2\/posts\/3020\/revisions\/3023"}],"wp:featuredmedia":[{"embeddable":true,"href":"https:\/\/fmmural91.uno\/2024\/wp-json\/wp\/v2\/media\/3022"}],"wp:attachment":[{"href":"https:\/\/fmmural91.uno\/2024\/wp-json\/wp\/v2\/media?parent=3020"}],"wp:term":[{"taxonomy":"category","embeddable":true,"href":"https:\/\/fmmural91.uno\/2024\/wp-json\/wp\/v2\/categories?post=3020"},{"taxonomy":"post_tag","embeddable":true,"href":"https:\/\/fmmural91.uno\/2024\/wp-json\/wp\/v2\/tags?post=3020"}],"curies":[{"name":"wp","href":"https:\/\/api.w.org\/{rel}","templated":true}]}}