{"id":3030,"date":"2026-08-12T08:50:44","date_gmt":"2026-08-12T11:50:44","guid":{"rendered":"https:\/\/fmmural91.uno\/2024\/?p=3030"},"modified":"2026-08-12T08:58:39","modified_gmt":"2026-08-12T11:58:39","slug":"el-plan-del-gobierno-despues-del-fracaso-legislativo","status":"publish","type":"post","link":"https:\/\/fmmural91.uno\/2024\/el-plan-del-gobierno-despues-del-fracaso-legislativo\/","title":{"rendered":"El plan del Gobierno despu\u00e9s del fracaso legislativo"},"content":{"rendered":"\n<h1 class=\"wp-block-heading\">Arranca la fase de apriete del plan reeleccionista de Milei<\/h1>\n\n\n\n<p class=\"wp-block-paragraph\">Las candidaturas para el 2027 y un mecanismo de extorsi\u00f3n a los gobernadores para que acompa\u00f1en a LLA en el Congreso con la reforma pol\u00edtica.<\/p>\n\n\n\n<p class=\"wp-block-paragraph\"><a href=\"https:\/\/www.pagina12.com.ar\/autores\/paula-marussich\">Por\u00a0Paula Marussich<\/a>    &#8211;   Fuente: <a href=\"https:\/\/www.pagina12.com.ar\/\">https:\/\/www.pagina12.com.ar\/<\/a>   &#8211;   12 de agosto, 2026.<\/p>\n\n\n\n<p class=\"wp-block-paragraph\">La Casa Rosada activ\u00f3 un nuevo mecanismo de extorsi\u00f3n de cara a las elecciones del pr\u00f3ximo a\u00f1o. Tras la derrota en el Senado,<strong>&nbsp;el Gobierno vuelve a la carga con su plan reeleccionista y asegura que no complicar\u00e1 electoralmente solo a los mandatarios que apoyen la reforma pol\u00edtica, es decir, que no pondr\u00e1 candidatos propios solo en las provincias que acompa\u00f1en la iniciativa en el Congreso<\/strong>. En un doble comando orquestado desde la Casa Rosada, Diego Santilli viaja a Posadas para testear los \u00e1nimos de los gobernadores que le soltaron la mano al Gobierno en su aventura de vender el pa\u00eds. En paralelo, Eduardo \u201cLule\u201d Menem convoc\u00f3 por canales informales a los cinco gobernadores radicales para asegurarse el apoyo de la mayor parte de la UCR en el Senado, donde empezar\u00e1 a correr el proyecto libertario, el m\u00e1ximo objetivo del Ejecutivo en busca del segundo mandato de Javier Milei.<\/p>\n\n\n\n<p class=\"wp-block-paragraph\">Por primera vez, los gobernadores peronistas aliados al Gobierno se desmarcaron p\u00fablicamente y retiraron su apoyo a dos de los puntos cr\u00edticos de la Ley de Inviolabilidad de la Propiedad Privada. Primero anunciaron p\u00fablicamente que no acompa\u00f1ar\u00edan la extranjerizaci\u00f3n de la tierra y luego rechazaron los cambios a la Ley de Manejo del Fuego.&nbsp;<strong>Un costo pol\u00edtico de dimensiones desconocidas para un gobierno que deposita en la eliminaci\u00f3n o suspensi\u00f3n de las PASO su expectativa de reelegir el pr\u00f3ximo a\u00f1o.<\/strong>&nbsp;En la Casa Rosada preocupa la p\u00e9rdida de apoyos, uno de los temas centrales de la reuni\u00f3n de la mesa pol\u00edtica de ayer al mediod\u00eda. Por eso, el Gobierno usar\u00e1 este mes para tantear a los mandatarios proviniciales con una agenda que no implique \u201ctirar demasiado de la cuerda\u201d, explica un diputado libertario a este diario. Santilli buscar\u00e1 convencer a los gobernadores de que acompa\u00f1en la reforma de la Carta Org\u00e1nica del Banco Central, la media sanci\u00f3n de Zonas Fr\u00edas y, desde luego, la eliminaci\u00f3n de las PASO.<\/p>\n\n\n\n<p class=\"wp-block-paragraph\">Las negociaciones se superponen. Diego Santilli estar\u00e1 en Posadas hoy en calidad de comisario bueno. All\u00ed, los gobernadores del Norte Grande se reunir\u00e1n y le reclamar\u00e1n subsidios por zonas c\u00e1lidas. Los mandatarios que acompa\u00f1aron el recorte al r\u00e9gimen de Zonas Fr\u00edas en Diputados quieren garant\u00edas antes de acompa\u00f1ar el proyecto en el Senado. \u201cLas provincias que acompa\u00f1aron no recibieron nada de lo acordado\u201d, dice a este diario un operador de uno de los bloques provinciales de la C\u00e1mara Baja. Entre los presentes estar\u00e1n los tres mandatarios que se rebelaron contra la Casa Rosada el \u00faltimo jueves, Gustavo S\u00e1enz, Hugo Passalacqua y Osvaldo Jaldo. No ser\u00e1 de la partida el riojano Ricardo Quintela, que no quiere fotos con Santilli y hasta abandon\u00f3 el WhatsApp que compart\u00eda con los mandatarios. \u201cRicardo est\u00e1 en la vereda de enfrente\u201d, aseguran cerca del gobernador.<\/p>\n\n\n\n<p class=\"wp-block-paragraph\">El otro operador de la reforma electoral es Lule Menem. El ladero de Karina Milei es el encargado de hacer correr que habr\u00e1 represalias para quienes no acompa\u00f1en la suspensi\u00f3n de las PASO el pr\u00f3ximo a\u00f1o. En un giro al pragmatismo, la hermana del Presidente abandon\u00f3 la ilusi\u00f3n de pintar de violeta el pa\u00eds y habilit\u00f3 la b\u00fasqueda de acuerdos. Sin embargo, el mensaje que ya reciben los mandatarios es que todos los acuerdos est\u00e1n supeditados a la aprobaci\u00f3n de la reforma. Caso contrario, La Libertad Avanza pondr\u00e1 candidatos propios a competir. \u201cSi la reforma se aprueba es porque se van a negociar otras cosas antes\u201d, asegura el entorno de un gobernador radical. Para el dirigente, la promesa de no plantar candidatos el a\u00f1o pr\u00f3ximo es \u201cinverificable, hoy no va a venir un escribano\u201d, asegura.<\/p>\n\n\n\n<p class=\"wp-block-paragraph\">Los dirigentes radicales son los que m\u00e1s est\u00e1n sufriendo el asedio de Lule Menem. Entre los gobernadores prima la idea de decidir en conjunto qu\u00e9 postura tomar de cara a la discusi\u00f3n de las PASO, m\u00e1s all\u00e1 de que alguno ya se pronunci\u00f3 p\u00fablicamente a favor. La insistencia de la Casa Rosada sobre estos dirigentes se explica porque el bloque radical contabiliza diez senadores, un n\u00famero clave para el destino de la reforma en la C\u00e1mara Alta.<\/p>\n\n\n\n<p class=\"wp-block-paragraph\">El Gobierno quiere usar este mes para testear los apoyos de los mandatarios antes de activar la campa\u00f1a de 2027 con jugadores propios.<\/p>\n\n\n\n<h3 class=\"wp-block-heading\">Impuesto a los combustibles<\/h3>\n\n\n\n<p class=\"wp-block-paragraph\">Durante el encuentro, los mandatarios de Corrientes y Misiones reclamar\u00e1n por el mal estado de rutas nacionales clave, como las rutas nacionales 12 y 14. Los reclamos toman relevancia luego de que el portavoz Adri\u00e1n Ravier reconociera p\u00fablicamente en una entrevista que gran parte de los 1,5 billones de pesos del fideicomiso creado para financiar obras viales no fue utilizada para ese fin.<\/p>\n\n\n\n<p class=\"wp-block-paragraph\">Algunos mandatarios volvieron a considerar la posibilidad de exigir que los ingresos por el ICL, Impuesto a los Combustibles L\u00edquidos, sean transferidos autom\u00e1ticamente a las provincias, de manera similar a lo que ocurre con los fondos de coparticipaci\u00f3n. Se trata de la misma iniciativa que los mandatarios impulsaron el a\u00f1o pasado, pero a la que llamativamente le quitaron apoyo meses despu\u00e9s en la C\u00e1mara de Diputados.<\/p>\n\n\n\n<p class=\"wp-block-paragraph\">En esa sesi\u00f3n de octubre del a\u00f1o pasado, unos 14 diputados ligados a mandatarios provinciales optaron por no participar. Entre ellos estuvieron los que responden a Gustavo S\u00e1enz, de Salta; Alberto Weretilneck, de R\u00edo Negro; Osvaldo Jaldo, de Tucum\u00e1n; y Carlos Sadir, de Jujuy. A la lista se sumaron legisladores de provincias gobernadas por socios electorales de La Libertad Avanza, como Rogelio Frigerio en Entre R\u00edos, Alfredo Cornejo en Mendoza y Leandro Zdero en Chaco.<\/p>\n","protected":false},"excerpt":{"rendered":"<p>Arranca la fase de apriete del plan reeleccionista de Milei Las candidaturas para el 2027 y un mecanismo de extorsi\u00f3n a los gobernadores para que acompa\u00f1en a LLA en el Congreso con la reforma pol\u00edtica. Por\u00a0Paula Marussich &#8211; Fuente: https:\/\/www.pagina12.com.ar\/ &#8211; 12 de agosto, 2026. La Casa Rosada activ\u00f3 un nuevo mecanismo de extorsi\u00f3n de [&hellip;]<\/p>\n","protected":false},"author":3,"featured_media":3031,"comment_status":"closed","ping_status":"closed","sticky":false,"template":"","format":"standard","meta":{"sync_status":"","episode_type":"","audio_file":"","castos_file_data":"","podmotor_file_id":"","cover_image":"","cover_image_id":"","duration":"","filesize":"","filesize_raw":"","date_recorded":"","explicit":"","block":"","footnotes":""},"categories":[24],"tags":[],"class_list":["post-3030","post","type-post","status-publish","format-standard","has-post-thumbnail","hentry","category-politica"],"_links":{"self":[{"href":"https:\/\/fmmural91.uno\/2024\/wp-json\/wp\/v2\/posts\/3030","targetHints":{"allow":["GET"]}}],"collection":[{"href":"https:\/\/fmmural91.uno\/2024\/wp-json\/wp\/v2\/posts"}],"about":[{"href":"https:\/\/fmmural91.uno\/2024\/wp-json\/wp\/v2\/types\/post"}],"author":[{"embeddable":true,"href":"https:\/\/fmmural91.uno\/2024\/wp-json\/wp\/v2\/users\/3"}],"replies":[{"embeddable":true,"href":"https:\/\/fmmural91.uno\/2024\/wp-json\/wp\/v2\/comments?post=3030"}],"version-history":[{"count":3,"href":"https:\/\/fmmural91.uno\/2024\/wp-json\/wp\/v2\/posts\/3030\/revisions"}],"predecessor-version":[{"id":3036,"href":"https:\/\/fmmural91.uno\/2024\/wp-json\/wp\/v2\/posts\/3030\/revisions\/3036"}],"wp:featuredmedia":[{"embeddable":true,"href":"https:\/\/fmmural91.uno\/2024\/wp-json\/wp\/v2\/media\/3031"}],"wp:attachment":[{"href":"https:\/\/fmmural91.uno\/2024\/wp-json\/wp\/v2\/media?parent=3030"}],"wp:term":[{"taxonomy":"category","embeddable":true,"href":"https:\/\/fmmural91.uno\/2024\/wp-json\/wp\/v2\/categories?post=3030"},{"taxonomy":"post_tag","embeddable":true,"href":"https:\/\/fmmural91.uno\/2024\/wp-json\/wp\/v2\/tags?post=3030"}],"curies":[{"name":"wp","href":"https:\/\/api.w.org\/{rel}","templated":true}]}}