{"id":3042,"date":"2026-08-12T09:34:13","date_gmt":"2026-08-12T12:34:13","guid":{"rendered":"https:\/\/fmmural91.uno\/2024\/?p=3042"},"modified":"2026-08-12T09:34:14","modified_gmt":"2026-08-12T12:34:14","slug":"karina-y-santilli-intentaron-domesticar-a-sturzenegger-en-una-reunion-tensa-en-la-que-se-trazo-el-objetivo-maximo-del-gobierno-suspender-las-paso-en-2027","status":"publish","type":"post","link":"https:\/\/fmmural91.uno\/2024\/karina-y-santilli-intentaron-domesticar-a-sturzenegger-en-una-reunion-tensa-en-la-que-se-trazo-el-objetivo-maximo-del-gobierno-suspender-las-paso-en-2027\/","title":{"rendered":"Karina y Santilli intentaron \u00abdomesticar\u00bb a Sturzenegger en una reuni\u00f3n tensa en la que se traz\u00f3 el objetivo m\u00e1ximo del Gobierno: suspender las PASO en 2027"},"content":{"rendered":"\n<p class=\"wp-block-paragraph\">Minutos antes de las 13 apareci\u00f3 el ministro de Desregulaci\u00f3n y Transformaci\u00f3n del Estado en la Casa Rosada. En la previa, algunos integrantes de la mesa pol\u00edtica negaban su presencia por primera vez en esa reuni\u00f3n. Sucede tras las acusaciones por su responsabilidad en la ca\u00edda de la ley de tierras.\u00a0<\/p>\n\n\n\n<p class=\"wp-block-paragraph\">Por <a href=\"https:\/\/www.eldestapeweb.com\/perfil\/jonathan-heguier\">Jonathan Heguier<\/a>   &#8211;   Fuente:<a href=\"https:\/\/www.eldestapeweb.com\/\">https:\/\/www.eldestapeweb.com\/<\/a>   12 de agosto, 2026. <\/p>\n\n\n\n<p class=\"wp-block-paragraph\">Federico\u00a0<strong>Sturzenegger finalmente apareci\u00f3 sorpresivamente en la reuni\u00f3n de mesa pol\u00edtica<\/strong>. Lleg\u00f3 minutos antes de las 13 y fue directo al despacho del jefe de Gabinete.\u00a0En el entorno del ministro de Desregulaci\u00f3n y Transformaci\u00f3n del Estado confirmaban desde ayer la presencia del Coloso en la Casa Rosada. Sin embargo, en el resto de las tribus lo desment\u00edan.\u00a0<\/p>\n\n\n\n<p class=\"wp-block-paragraph\"><strong>Estuvieron todos presentes hoy<\/strong>:&nbsp;la Secretaria General de Presidencia, Karina Milei, el jefe de Gabinete, Diego Santilli, el ministro de Econom\u00eda, Luis Caputo, el presidente de la c\u00e1mara de Diputados, Mart\u00edn Menem, el asesor presidencial Santiago Caputo, el Secretario de Comunicaci\u00f3n, Fabi\u00e1n Fern\u00e1ndez, la jefa de bloque de La Libertad Avanza, Patricia Bullrich, el subsecretario de Gesti\u00f3n Institucional de la Secretar\u00eda General, Eduardo \u00abLule\u00bb Menem, y el vicejefe de Gabinete, Ignacio Devitt.<\/p>\n\n\n\n<p class=\"wp-block-paragraph\"><strong>El ministro lleg\u00f3 a esta reuni\u00f3n con su cargo en duda.&nbsp;<\/strong>En la previa, los integrantes de la mesa pol\u00edtica lo acusaron por su&nbsp;m\u00e1xima responsabilidad en la ca\u00edda de la ley de tierras, el fracaso total del Gobierno de la semana pasada. Sturzenegger es respaldado por Javier Milei, pero resistido por Karina y Santilli, quienes en la reuni\u00f3n intentaron \u00abdomesticar\u00bb al ministro.&nbsp;<\/p>\n\n\n\n<p class=\"wp-block-paragraph\"><strong>La mesa pol\u00edtica liderada por la hermana de Milei intentar\u00e1 filtrar al m\u00e1ximo los proyectos del ley de Sturzenegger&nbsp;<\/strong>respaldados por el Presidente y acomodarlo al Coloso \u00abpol\u00edticamente\u00bb.&nbsp;<\/p>\n\n\n\n<p class=\"wp-block-paragraph\">Es que Sturzenegger perdi\u00f3 dos batallas claves: contra los portuarios y con la ley de tierras.&nbsp;<strong>Y fue el m\u00e1ximo responsable<\/strong>. El Gobierno tuvo que ceder al comienzo de la semana pasada con los representantes del sector de practicaje.&nbsp;<strong>El pacto incluy\u00f3 la suspensi\u00f3n del decreto 690\/2026 que desregul\u00f3 la actividad y gener\u00f3 el conflicto, obra del ministro<\/strong>. Al d\u00eda siguiente, tuvo otro porrazo el \u00abColoso\u00bb, como lo llama Milei: tuvo que dar de baja el cap\u00edtulo tierras de la ley de Inviolabilidad de la Propiedad Privada, que en el Senado qued\u00f3 \u00abpelada\u00bb.<\/p>\n\n\n\n<p class=\"wp-block-paragraph\">As\u00ed, el Gobierno decidi\u00f3 darle la extremaunci\u00f3n a esa ley: la friz\u00f3 por este a\u00f1o y apenas promete darle entidad nuevamente si Milei es reelecto,&nbsp;<strong>tal cual adelant\u00f3&nbsp;<em>El Destape<\/em>&nbsp;el s\u00e1bado pasado.<\/strong><\/p>\n\n\n\n<p class=\"wp-block-paragraph\">Tras esos dos traspi\u00e9s, los integrantes de la mesa pol\u00edtica enfurecieron. Y la abanderada fue Karina Milei. Se sum\u00f3 tambi\u00e9n Diego Santilli. Y los Menem.<strong>&nbsp;En privado afirman que el principal responsable fue Sturzenegger de la ca\u00edda de la ley y del error pol\u00edtico de darle impulso a una ley que no convenc\u00eda a casi nadie internamente<\/strong>. \u00abNi nosotros quer\u00edamos acompa\u00f1ar\u00bb, se sincer\u00f3 una fuente de Rosada a<strong>&nbsp;<em>El Destap<\/em>e.&nbsp;<\/strong><\/p>\n\n\n\n<p class=\"wp-block-paragraph\">En el Gobierno confirmaron a<strong>&nbsp;<\/strong><em><strong>El Destape&nbsp;<\/strong><\/em>que la ley de Sturzenegger, la denominada Inviolabilidad de la Propiedad Privada, no va a ir ya a Diputados. En la sesi\u00f3n del 26 de agosto en la c\u00e1mara baja no se tratar\u00e1: solo estar\u00e1n sobre la mesa Carta Org\u00e1nica del BCRA, Inocencia Fiscal y Zona Fr\u00eda.&nbsp;<\/p>\n\n\n\n<p class=\"wp-block-paragraph\"><strong>\u00abLo que pas\u00f3 en el Senado fue&nbsp;una advertencia de los gobernadores por&nbsp;la reforma electoral\u00bb, cont\u00f3&nbsp;un libertario que conoce la rosca con los mandatarios.&nbsp;<\/strong><\/p>\n\n\n\n<p class=\"wp-block-paragraph\">Milei necesita un camino de negociaciones de ac\u00e1 a diciembre con los gobernadores para llegar a su objetivo principal en este a\u00f1o: suspender las PASO de 2027.&nbsp;<\/p>\n\n\n\n<p class=\"wp-block-paragraph\"><strong>El Gobierno no quiere tener problemas graves con el d\u00f3lar durante el a\u00f1o pr\u00f3ximo y tambi\u00e9n ve la posibilidad factible de que si&nbsp;se suspenden las primarias en 2027 podr\u00eda romperse el peronismo.&nbsp;<\/strong>Dos cuestiones clave para intentar la reelecci\u00f3n de Milei en primera vuelta.&nbsp;<\/p>\n\n\n\n<p class=\"wp-block-paragraph\"><strong>Milei se sinti\u00f3 la semana pasada traicionado por los gobernadores<\/strong>&nbsp;y puso alerta sobre lo sucedido en el Senado. Karina Milei intenta cerrar acuerdos y los mandatarios piden se\u00f1ales. Los Menem juegan y podr\u00eda haber un ultim\u00e1tum: si se rebelan los caciques de las provincias, La Libertad Avanza juega solo como en 2025 y pone propios a disputarles territorio. Por ahora ese panorama es lejano pero posible.&nbsp;<\/p>\n\n\n\n<ul class=\"wp-block-list\">\n<li><a href=\"https:\/\/www.eldestapeweb.com\/tag\/casa-rosada\">Casa Rosada<\/a><\/li>\n\n\n\n<li><a href=\"https:\/\/www.eldestapeweb.com\/tag\/federico-sturzenegger\">Federico Sturzenegger<\/a><\/li>\n\n\n\n<li><a href=\"https:\/\/www.eldestapeweb.com\/tag\/javier-milei-presidente\">Javier Milei presidente<\/a><\/li>\n\n\n\n<li><a href=\"https:\/\/www.eldestapeweb.com\/tag\/ley-de-tierras\">Ley de Tierras<\/a><\/li>\n<\/ul>\n","protected":false},"excerpt":{"rendered":"<p>Minutos antes de las 13 apareci\u00f3 el ministro de Desregulaci\u00f3n y Transformaci\u00f3n del Estado en la Casa Rosada. En la previa, algunos integrantes de la mesa pol\u00edtica negaban su presencia por primera vez en esa reuni\u00f3n. Sucede tras las acusaciones por su responsabilidad en la ca\u00edda de la ley de tierras.\u00a0 Por Jonathan Heguier &#8211; [&hellip;]<\/p>\n","protected":false},"author":3,"featured_media":3047,"comment_status":"closed","ping_status":"closed","sticky":false,"template":"","format":"standard","meta":{"sync_status":"","episode_type":"","audio_file":"","castos_file_data":"","podmotor_file_id":"","cover_image":"","cover_image_id":"","duration":"","filesize":"","filesize_raw":"","date_recorded":"","explicit":"","block":"","footnotes":""},"categories":[24],"tags":[],"class_list":["post-3042","post","type-post","status-publish","format-standard","has-post-thumbnail","hentry","category-politica"],"_links":{"self":[{"href":"https:\/\/fmmural91.uno\/2024\/wp-json\/wp\/v2\/posts\/3042","targetHints":{"allow":["GET"]}}],"collection":[{"href":"https:\/\/fmmural91.uno\/2024\/wp-json\/wp\/v2\/posts"}],"about":[{"href":"https:\/\/fmmural91.uno\/2024\/wp-json\/wp\/v2\/types\/post"}],"author":[{"embeddable":true,"href":"https:\/\/fmmural91.uno\/2024\/wp-json\/wp\/v2\/users\/3"}],"replies":[{"embeddable":true,"href":"https:\/\/fmmural91.uno\/2024\/wp-json\/wp\/v2\/comments?post=3042"}],"version-history":[{"count":1,"href":"https:\/\/fmmural91.uno\/2024\/wp-json\/wp\/v2\/posts\/3042\/revisions"}],"predecessor-version":[{"id":3048,"href":"https:\/\/fmmural91.uno\/2024\/wp-json\/wp\/v2\/posts\/3042\/revisions\/3048"}],"wp:featuredmedia":[{"embeddable":true,"href":"https:\/\/fmmural91.uno\/2024\/wp-json\/wp\/v2\/media\/3047"}],"wp:attachment":[{"href":"https:\/\/fmmural91.uno\/2024\/wp-json\/wp\/v2\/media?parent=3042"}],"wp:term":[{"taxonomy":"category","embeddable":true,"href":"https:\/\/fmmural91.uno\/2024\/wp-json\/wp\/v2\/categories?post=3042"},{"taxonomy":"post_tag","embeddable":true,"href":"https:\/\/fmmural91.uno\/2024\/wp-json\/wp\/v2\/tags?post=3042"}],"curies":[{"name":"wp","href":"https:\/\/api.w.org\/{rel}","templated":true}]}}