{"id":3075,"date":"2026-08-13T09:05:28","date_gmt":"2026-08-13T12:05:28","guid":{"rendered":"https:\/\/fmmural91.uno\/2024\/?p=3075"},"modified":"2026-08-13T09:05:29","modified_gmt":"2026-08-13T12:05:29","slug":"el-gasto-de-los-hogares-cayo-12-interanual-en-julio-y-02-frente-a-junio-en-siete-meses-acumula-una-baja-de-15-segun-un-informe-de-la-universidad-de-palermo","status":"publish","type":"post","link":"https:\/\/fmmural91.uno\/2024\/el-gasto-de-los-hogares-cayo-12-interanual-en-julio-y-02-frente-a-junio-en-siete-meses-acumula-una-baja-de-15-segun-un-informe-de-la-universidad-de-palermo\/","title":{"rendered":"El gasto de los hogares cay\u00f3 1,2% interanual en julio y 0,2% frente a junio. En siete meses acumula una baja de 1,5%, seg\u00fan un informe de\u00a0la Universidad de Palermo."},"content":{"rendered":"\n<p class=\"wp-block-paragraph\">El gasto de los hogares cay\u00f3 1,2% interanual en julio y 0,2% frente a junio. En siete meses acumula una baja de 1,5%, seg\u00fan un informe de\u00a0la Universidad de Palermo.<\/p>\n\n\n\n<p class=\"wp-block-paragraph\">Por <a href=\"https:\/\/www.eldestapeweb.com\/perfil\/cristian-carrillo\">Cristian Carrillo<\/a>   &#8211;   Fuente: <a href=\"https:\/\/www.eldestapeweb.com\/\">https:\/\/www.eldestapeweb.com\/<\/a>  13 de agosto, 2026.<a href=\"https:\/\/www.eldestapeweb.com\/perfil\/cristian-carrillo\"><\/a><\/p>\n\n\n\n<p class=\"wp-block-paragraph\">El\u00a0<a href=\"https:\/\/www.eldestapeweb.com\/economia\/cae-consumo-casi-80-hogares-gana-debajo-promedio-202689194155\">consumo privado<\/a>\u00a0volvi\u00f3 a mostrar una contracci\u00f3n en julio y profundiz\u00f3 una tendencia que ya lleva ocho meses consecutivos.<strong>\u00a0El \u00cdndice de Consumo Privado de la Universidad de Palermo (ICP-UP) registr\u00f3 una ca\u00edda de 1,2 por ciento\u00a0interanual y de 0,2 por ciento\u00a0en la comparaci\u00f3n mensual desestacionalizada, mientras que en los primeros siete meses del a\u00f1o acumul\u00f3 una retracci\u00f3n de 1,5 por ciento\u00a0respecto del mismo per\u00edodo de 2025.<\/strong>\u00a0El dato muestra que el gasto de los hogares todav\u00eda no logra consolidar una recuperaci\u00f3n, pese a la mejora que algunos indicadores puntuales vienen mostrando en determinados segmentos del mercado.<\/p>\n\n\n\n<p class=\"wp-block-paragraph\">Seg\u00fan el informe de la Facultad de Negocios de la Universidad de Palermo, luego de la suba registrada el mes anterior,<strong>&nbsp;el \u00edndice volvi\u00f3 a retroceder en julio cuando se elimina el efecto de la estacionalidad<\/strong>. El comportamiento resulta relevante porque permite observar la evoluci\u00f3n del gasto m\u00e1s all\u00e1 de factores propios de cada per\u00edodo del a\u00f1o y muestra que la recuperaci\u00f3n del consumo contin\u00faa siendo irregular.&nbsp;El indicador interanual, adem\u00e1s, encaden\u00f3 su octava ca\u00edda consecutiva.<\/p>\n\n\n\n<p class=\"wp-block-paragraph\">La Universidad de Palermo aclara que el ICP-UP es un indicador de alta frecuencia construido para anticipar la evoluci\u00f3n del consumo privado que luego publica oficialmente el INDEC, debido a que el organismo estatal difunde ese dato con frecuencia trimestral y con rezago. Para elaborar su \u00edndice utiliza m\u00e1s de 30 indicadores mensuales vinculados con el gasto de los hogares y pondera cada serie de acuerdo con su participaci\u00f3n en el consumo.<\/p>\n\n\n\n<p class=\"wp-block-paragraph\">En el relevamiento se distinguen&nbsp;comportamientos muy diferentes entre los distintos tipos de bienes y servicios.&nbsp;<strong>Mientras los bienes semidurables registraron un crecimiento interanual de 12,9 por ciento y los durables aumentaron 3 por ciento, el consumo masivo, que representa aproximadamente la mitad del gasto de los hogares considerado por el \u00edndice, cay\u00f3 1,7 por ciento.<\/strong>&nbsp;Los servicios vinculados con recreaci\u00f3n y turismo, en tanto, permanecieron sin variaci\u00f3n interanual.<\/p>\n\n\n\n<h2 class=\"wp-block-heading\">El consumo cotidiano el m\u00e1s castigado<\/h2>\n\n\n\n<p class=\"wp-block-paragraph\"><strong>La ca\u00edda del consumo masivo constituye uno de los datos centrales del informe porque all\u00ed se concentran productos que los hogares compran con frecuencia, como alimentos, bebidas, art\u00edculos de limpieza y combustibles. Ese segmento representa aproximadamente el 50 por ciento del gasto total de los hogares utilizado como referencia para la construcci\u00f3n del \u00edndice y acumul\u00f3 una ca\u00edda interanual de 2,4 por ciento en los primeros siete meses del a\u00f1o.<\/strong><\/p>\n\n\n\n<p class=\"wp-block-paragraph\">La evoluci\u00f3n de los distintos componentes permite observar una diferencia entre la recuperaci\u00f3n de algunos consumos postergables y la situaci\u00f3n de aquellos gastos que forman parte del presupuesto cotidiano. Los bienes semidurables, por ejemplo, mostraron una suba interanual de 12,9 por ciento en julio y acumularon un crecimiento de 5 por ciento en el a\u00f1o. En ese grupo aparecen indumentaria, calzado y otros productos cuya reposici\u00f3n puede postergarse durante determinados per\u00edodos.<\/p>\n\n\n\n<p class=\"wp-block-paragraph\">En los bienes durables tambi\u00e9n hubo una expansi\u00f3n de 3 por ciento interanual en julio, aunque el propio informe registra comportamientos contrapuestos.&nbsp;<strong>El patentamiento de motos aument\u00f3 31,2 por ciento interanual en julio y acumul\u00f3 una suba de 43,1 por ciento en el a\u00f1o, mientras que el patentamiento de autom\u00f3viles cay\u00f3 31,2 por ciento en la comparaci\u00f3n interanua<\/strong>l. Esto se explica por la mayor demanda de dos ruedas para el uso de aplicaciones de reparto en un contexto de ca\u00edda del empleo formal y la sustituci\u00f3n por este tipo de actividades.<\/p>\n\n\n\n<figure class=\"wp-block-image size-full\"><a href=\"https:\/\/fmmural91.uno\/2024\/wp-content\/uploads\/2026\/08\/Captura-de-pantalla-2026-08-13-085813.png\"><img fetchpriority=\"high\" decoding=\"async\" width=\"831\" height=\"650\" src=\"https:\/\/fmmural91.uno\/2024\/wp-content\/uploads\/2026\/08\/Captura-de-pantalla-2026-08-13-085813.png\" alt=\"\" class=\"wp-image-3076\" srcset=\"https:\/\/fmmural91.uno\/2024\/wp-content\/uploads\/2026\/08\/Captura-de-pantalla-2026-08-13-085813.png 831w, https:\/\/fmmural91.uno\/2024\/wp-content\/uploads\/2026\/08\/Captura-de-pantalla-2026-08-13-085813-559x437.png 559w, https:\/\/fmmural91.uno\/2024\/wp-content\/uploads\/2026\/08\/Captura-de-pantalla-2026-08-13-085813-768x601.png 768w\" sizes=\"(max-width: 831px) 100vw, 831px\" \/><\/a><\/figure>\n\n\n\n<p class=\"wp-block-paragraph\">La Universidad de Palermo advierte que los \u00edndices por categor\u00eda son \u00abuna medida orientativa de la variaci\u00f3n del gasto por rubro, no como \u00edndices exhaustivos de cada categor\u00eda\u00bb.&nbsp;En otras palabras, que algunos bienes est\u00e9n mostrando aumentos de ventas no significa que exista una recuperaci\u00f3n generalizada del consumo. El \u00edndice agregado contin\u00faa en terreno negativo y, particularmente,&nbsp;<strong>el segmento de consumo masivo presenta una trayectoria que se encuentra por debajo del promedio general.<\/strong><\/p>\n\n\n\n<h2 class=\"wp-block-heading\">Tarjetas y pr\u00e9stamos al l\u00edmite<\/h2>\n\n\n\n<p class=\"wp-block-paragraph\">El comportamiento de los instrumentos de financiamiento anticipa un nuevo l\u00edmite a una posible recuperaci\u00f3n del consumo. Durante julio,&nbsp;<strong>las compras con tarjeta de cr\u00e9dito se contrajeron 4,6 por ciento interanual y los pr\u00e9stamos personales retrocedieron 4,9 por ciento, seg\u00fan el relevamiento de la Universidad de Palermo.<\/strong><\/p>\n\n\n\n<p class=\"wp-block-paragraph\">Por su parte, despu\u00e9s de seis meses consecutivos de ca\u00edda, la recaudaci\u00f3n del IVA medida en t\u00e9rminos reales mostr\u00f3 una recuperaci\u00f3n de 5,9 por ciento interanual.&nbsp;El IVA constituye un indicador indirecto del nivel de transacciones y su recuperaci\u00f3n real puede sugerir una mejora en determinados segmentos del gasto. Sin embargo, la contracci\u00f3n de los pr\u00e9stamos vinculados al consumo indica que el cr\u00e9dito no est\u00e1 acompa\u00f1ando de manera uniforme ese movimiento.&nbsp;La situaci\u00f3n del financiamiento resulta especialmente relevante porque una parte del consumo de los hogares depende de la posibilidad de distribuir el gasto en el tiempo.<\/p>\n\n\n\n<p class=\"wp-block-paragraph\">Cuando los ingresos corrientes no alcanzan para sostener determinados niveles de consumo, el cr\u00e9dito puede funcionar como un mecanismo para adelantar compras. Si, por el contrario, el acceso al financiamiento se reduce o las familias limitan el endeudamiento, la capacidad de sostener ese gasto tambi\u00e9n se restringe.&nbsp;<strong>Hay sectores y rubros donde aparecen se\u00f1ales de mayor actividad, pero no se observa una expansi\u00f3n homog\u00e9nea que permita hablar de un cambio de tendencia consolidado<\/strong>, seg\u00fan el informe.<\/p>\n\n\n\n<figure class=\"wp-block-image\"><img decoding=\"async\" src=\"https:\/\/cdn.eldestapeweb.com\/eldestape\/082026\/1786566626734.webp?cw=988&amp;ch=490&amp;extw=jpg\" alt=\"\"\/><\/figure>\n\n\n\n<p class=\"wp-block-paragraph\">Dentro del consumo masivo, el informe encuentra una se\u00f1al particularmente persistente en el comportamiento de la carne vacuna. El consumo de carne porcina y aviar registr\u00f3 en junio aumentos interanuales de 22,1 por ciento y 15,8 por ciento, respectivamente.&nbsp;<strong>La carne vacuna, en cambio, volvi\u00f3 a caer y acumul\u00f3 doce meses consecutivos de bajas, con una disminuci\u00f3n de 1,8 por ciento interanual en junio.<\/strong><\/p>\n\n\n\n<p class=\"wp-block-paragraph\">La sustituci\u00f3n entre distintos tipos de carne constituye uno de los indicadores que permiten observar c\u00f3mo los hogares adaptan sus decisiones de compra cuando determinados productos se vuelven menos accesibles. Una mayor demanda de alternativas m\u00e1s econ\u00f3micas puede sostener el consumo total de alimentos, pero tambi\u00e9n modifica la composici\u00f3n del gasto familiar.<\/p>\n\n\n\n<p class=\"wp-block-paragraph\">Por \u00faltimo, las ventas de combustible&nbsp;al p\u00fablico cayeron 1,9 por ciento interanual en junio. En este caso, la baja puede estar relacionada tanto con una menor utilizaci\u00f3n de veh\u00edculos como con la necesidad de reducir otros gastos asociados a la movilidad. El combustible no constituye \u00fanicamente un bien de consumo final, sino que tambi\u00e9n forma parte de los costos de transporte y log\u00edstica de la econom\u00eda.<\/p>\n\n\n\n<ul class=\"wp-block-list\">\n<li><a href=\"https:\/\/www.eldestapeweb.com\/tag\/recesion\">Recesi\u00f3n<\/a><\/li>\n\n\n\n<li><a href=\"https:\/\/www.eldestapeweb.com\/tag\/consumo\">Consumo<\/a><\/li>\n\n\n\n<li><a href=\"https:\/\/www.eldestapeweb.com\/tag\/alimentos\">Alimentos<\/a><\/li>\n\n\n\n<li><a href=\"https:\/\/www.eldestapeweb.com\/tag\/autos\">Autos<\/a><\/li>\n\n\n\n<li><a href=\"https:\/\/www.eldestapeweb.com\/tag\/motos\">Motos<\/a><\/li>\n\n\n\n<li><a href=\"https:\/\/www.eldestapeweb.com\/tag\/textiles\">TEXTILES<\/a><\/li>\n\n\n\n<li><a href=\"https:\/\/www.eldestapeweb.com\/tag\/calzado\">Calzado<\/a><\/li>\n<\/ul>\n","protected":false},"excerpt":{"rendered":"<p>El gasto de los hogares cay\u00f3 1,2% interanual en julio y 0,2% frente a junio. En siete meses acumula una baja de 1,5%, seg\u00fan un informe de\u00a0la Universidad de Palermo. Por Cristian Carrillo &#8211; Fuente: https:\/\/www.eldestapeweb.com\/ 13 de agosto, 2026. El\u00a0consumo privado\u00a0volvi\u00f3 a mostrar una contracci\u00f3n en julio y profundiz\u00f3 una tendencia que ya lleva [&hellip;]<\/p>\n","protected":false},"author":3,"featured_media":3077,"comment_status":"closed","ping_status":"closed","sticky":false,"template":"","format":"standard","meta":{"sync_status":"","episode_type":"","audio_file":"","castos_file_data":"","podmotor_file_id":"","cover_image":"","cover_image_id":"","duration":"","filesize":"","filesize_raw":"","date_recorded":"","explicit":"","block":"","footnotes":""},"categories":[21],"tags":[],"class_list":["post-3075","post","type-post","status-publish","format-standard","has-post-thumbnail","hentry","category-economia"],"_links":{"self":[{"href":"https:\/\/fmmural91.uno\/2024\/wp-json\/wp\/v2\/posts\/3075","targetHints":{"allow":["GET"]}}],"collection":[{"href":"https:\/\/fmmural91.uno\/2024\/wp-json\/wp\/v2\/posts"}],"about":[{"href":"https:\/\/fmmural91.uno\/2024\/wp-json\/wp\/v2\/types\/post"}],"author":[{"embeddable":true,"href":"https:\/\/fmmural91.uno\/2024\/wp-json\/wp\/v2\/users\/3"}],"replies":[{"embeddable":true,"href":"https:\/\/fmmural91.uno\/2024\/wp-json\/wp\/v2\/comments?post=3075"}],"version-history":[{"count":1,"href":"https:\/\/fmmural91.uno\/2024\/wp-json\/wp\/v2\/posts\/3075\/revisions"}],"predecessor-version":[{"id":3078,"href":"https:\/\/fmmural91.uno\/2024\/wp-json\/wp\/v2\/posts\/3075\/revisions\/3078"}],"wp:featuredmedia":[{"embeddable":true,"href":"https:\/\/fmmural91.uno\/2024\/wp-json\/wp\/v2\/media\/3077"}],"wp:attachment":[{"href":"https:\/\/fmmural91.uno\/2024\/wp-json\/wp\/v2\/media?parent=3075"}],"wp:term":[{"taxonomy":"category","embeddable":true,"href":"https:\/\/fmmural91.uno\/2024\/wp-json\/wp\/v2\/categories?post=3075"},{"taxonomy":"post_tag","embeddable":true,"href":"https:\/\/fmmural91.uno\/2024\/wp-json\/wp\/v2\/tags?post=3075"}],"curies":[{"name":"wp","href":"https:\/\/api.w.org\/{rel}","templated":true}]}}