{"id":3079,"date":"2026-08-13T09:28:47","date_gmt":"2026-08-13T12:28:47","guid":{"rendered":"https:\/\/fmmural91.uno\/2024\/?p=3079"},"modified":"2026-08-13T09:46:40","modified_gmt":"2026-08-13T12:46:40","slug":"mineria-el-gobierno-elimino-el-monitoreo-ambiental-y-participacion-ciudadana","status":"publish","type":"post","link":"https:\/\/fmmural91.uno\/2024\/mineria-el-gobierno-elimino-el-monitoreo-ambiental-y-participacion-ciudadana\/","title":{"rendered":"Miner\u00eda: el Gobierno elimin\u00f3 el monitoreo ambiental y participaci\u00f3n ciudadana"},"content":{"rendered":"\n<p class=\"wp-block-paragraph\">El Ejecutivo avanza en su agenda desregulatoria: suprimi\u00f3 programas de fiscalizaci\u00f3n ambiental, desarrollo minero y participaci\u00f3n social.<\/p>\n\n\n\n<p class=\"wp-block-paragraph\">Fuente: <a href=\"https:\/\/www.eldestapeweb.com\/\">https:\/\/www.eldestapeweb.com\/<\/a>   13 de agosto 2026.<\/p>\n\n\n\n<p class=\"wp-block-paragraph\"><a href=\"https:\/\/www.eldestapeweb.com\/politica\/san-juan-firmo-acuerdo-minera-recibira-usd-250-millones-obras-202686124940\">Con el amparo de la Ley de Bases<\/a>, el gobierno de\u00a0<strong>Javier Milei\u00a0<\/strong>profundiz\u00f3\u00a0el ajuste en las capacidades del Estado para mitigar el impacto ambiental de la industria minera. A trav\u00e9s de la Resoluci\u00f3n<em>\u00a064\/2026\u00a0<\/em>de la Secretar\u00eda de Miner\u00eda, el Gobierno avanz\u00f3 sobre programas de fiscalizaci\u00f3n bajo la premisa de alcanzar la \u00abreducci\u00f3n del sobredimensionamiento de las estructuras estatales\u00bb. Sin embargo,\u00a0<strong>la medida termina\u00a0por desmantelar programas t\u00e9cnicos y sociales de relevancia para territorios mineros.\u00a0<\/strong><\/p>\n\n\n\n<p class=\"wp-block-paragraph\">M\u00c1S INFO<\/p>\n\n\n\n<figure class=\"wp-block-image\"><img decoding=\"async\" src=\"https:\/\/cdn.eldestapeweb.com\/eldestape\/102020\/1603364668093\/proyecto-josemaria.webp?cw=375&amp;ch=211&amp;extw=jpg\" alt=\"San Juan firm\u00f3 un acuerdo con una minera y recibir\u00e1 USD 250 millones para obras\"\/><\/figure>\n\n\n\n<p class=\"wp-block-paragraph\"><a href=\"https:\/\/www.eldestapeweb.com\/politica\/san-juan-firmo-acuerdo-minera-recibira-usd-250-millones-obras-202686124940?utm_medium=internal&amp;utm_source=Notapropia&amp;utm_campaign=Nota_Propia\"><\/a><\/p>\n\n\n\n<p class=\"wp-block-paragraph\"><a href=\"https:\/\/www.eldestapeweb.com\/tag\/mineria\">Miner\u00eda<\/a><\/p>\n\n\n\n<p class=\"wp-block-paragraph\"><a href=\"https:\/\/www.eldestapeweb.com\/politica\/san-juan-firmo-acuerdo-minera-recibira-usd-250-millones-obras-202686124940?utm_medium=internal&amp;utm_source=Notapropia&amp;utm_campaign=Nota_Propia\">San Juan firm\u00f3 un acuerdo con una minera y recibir\u00e1 USD 250 millones para obras<\/a><\/p>\n\n\n\n<p class=\"wp-block-paragraph\">La mayor preocupaci\u00f3n recae sobre la preservaci\u00f3n de los recursos naturales en las econom\u00edas regionales. Espec\u00edficamente, la norma deroga el&nbsp;<strong>\u00abProyecto Federal de Fortalecimiento de Capacidades de Monitoreo de Variables Ambientales de la Miner\u00eda\u00bb<\/strong>, que hab\u00eda sido creado a trav\u00e9s de la Resoluci\u00f3n&nbsp;<em>53\/2022<\/em>. Este plan de alcance nacional ten\u00eda como misi\u00f3n fundamental \u00abpromover la cooperaci\u00f3n t\u00e9cnica y financiera con las provincias\u00bb para&nbsp;<strong>asegurar que los gobiernos locales contaran con las herramientas necesarias para supervisar y mitigar los efectos colaterales de la explotaci\u00f3n minera a gran escala.&nbsp;<\/strong><\/p>\n\n\n\n<p class=\"wp-block-paragraph\">La justificaci\u00f3n de la actual administraci\u00f3n para dar de baja esta herramienta t\u00e9cnica es que \u00abdebe ser reemplazada por mecanismos alternativos m\u00e1s eficientes\u00bb. Sin embargo,<strong>&nbsp;la resoluci\u00f3n incurre en una llamativa omisi\u00f3n al no precisar en ning\u00fan momento cu\u00e1les ser\u00e1n esos canales alternativos<\/strong>, qu\u00e9 organismos los coordinar\u00e1n ni de qu\u00e9 presupuesto dispondr\u00e1n, dejando el control ecol\u00f3gico en un peligroso limbo administrativo.<\/p>\n\n\n\n<h2 class=\"wp-block-heading\">El Estado se retira de las comunidades mineras<\/h2>\n\n\n\n<p class=\"wp-block-paragraph\">Esta desarticulaci\u00f3n no es un hecho aislado, sino que forma parte de un repliegue general del rol del Estado en las comunidades mineras. En la misma sinton\u00eda, la resoluci\u00f3n desactiva el&nbsp;<strong>\u00abPlan Estrat\u00e9gico para el Desarrollo Minero Argentino\u00bb<\/strong>, el<strong>&nbsp;\u00abPlan Nacional de Miner\u00eda Social\u00bb<\/strong>&nbsp;y la&nbsp;<strong>\u00abRed Federal de Mujeres Mineras Argentinas\u00bb<\/strong>. El argumento&nbsp;burocr\u00e1tico&nbsp;del Ejecutivo alega que estas estructuras perdieron \u201coperatividad\u00bb o que sus tareas deben ser \u00ababsorbidas por nuevas instancias de coordinaci\u00f3n\u00bb que tampoco son detalladas en el documento oficial.<\/p>\n\n\n\n<p class=\"wp-block-paragraph\">Pese a la eliminaci\u00f3n de estos organismos de protecci\u00f3n ecol\u00f3gica, el gobierno libertario&nbsp;no suprime el rigor fiscal, ya que la medida aclara de forma expl\u00edcita que la masiva ola de derogaciones&nbsp;<strong>\u00abno interrumpe, sustituye ni extingue el control de ejecuci\u00f3n y de rendici\u00f3n de cuentas\u00bb de los proyectos pasados<\/strong>. Esto garantiza que el Estado contin\u00fae persiguiendo las \u00abacciones de recupero\u00bb de fondos presupuestarios que hayan sido transferidos a provincias o municipios. De esta manera, la administraci\u00f3n nacional parece abdicar de su rol de tutor del desarrollo sostenible y el medio ambiente, pero conserva plenamente sus facultades de recaudaci\u00f3n financiera.<\/p>\n\n\n\n<ul class=\"wp-block-list\">\n<li><a href=\"https:\/\/www.eldestapeweb.com\/tag\/javier-milei-presidente\">Javier Milei presidente<\/a><\/li>\n\n\n\n<li><a href=\"https:\/\/www.eldestapeweb.com\/tag\/javier-milei\">Javier Milei<\/a><\/li>\n\n\n\n<li><a href=\"https:\/\/www.eldestapeweb.com\/tag\/mineria\">Miner\u00eda<\/a><\/li>\n\n\n\n<li><a href=\"https:\/\/www.eldestapeweb.com\/tag\/desregulacion\">DESREGULACI\u00d3N<\/a><\/li>\n<\/ul>\n","protected":false},"excerpt":{"rendered":"<p>El Ejecutivo avanza en su agenda desregulatoria: suprimi\u00f3 programas de fiscalizaci\u00f3n ambiental, desarrollo minero y participaci\u00f3n social. Fuente: https:\/\/www.eldestapeweb.com\/ 13 de agosto 2026. Con el amparo de la Ley de Bases, el gobierno de\u00a0Javier Milei\u00a0profundiz\u00f3\u00a0el ajuste en las capacidades del Estado para mitigar el impacto ambiental de la industria minera. A trav\u00e9s de la Resoluci\u00f3n\u00a064\/2026\u00a0de [&hellip;]<\/p>\n","protected":false},"author":3,"featured_media":3080,"comment_status":"closed","ping_status":"closed","sticky":false,"template":"","format":"standard","meta":{"sync_status":"","episode_type":"","audio_file":"","castos_file_data":"","podmotor_file_id":"","cover_image":"","cover_image_id":"","duration":"","filesize":"","filesize_raw":"","date_recorded":"","explicit":"","block":"","footnotes":""},"categories":[22,1],"tags":[],"class_list":["post-3079","post","type-post","status-publish","format-standard","has-post-thumbnail","hentry","category-energia","category-sin-categoria"],"_links":{"self":[{"href":"https:\/\/fmmural91.uno\/2024\/wp-json\/wp\/v2\/posts\/3079","targetHints":{"allow":["GET"]}}],"collection":[{"href":"https:\/\/fmmural91.uno\/2024\/wp-json\/wp\/v2\/posts"}],"about":[{"href":"https:\/\/fmmural91.uno\/2024\/wp-json\/wp\/v2\/types\/post"}],"author":[{"embeddable":true,"href":"https:\/\/fmmural91.uno\/2024\/wp-json\/wp\/v2\/users\/3"}],"replies":[{"embeddable":true,"href":"https:\/\/fmmural91.uno\/2024\/wp-json\/wp\/v2\/comments?post=3079"}],"version-history":[{"count":1,"href":"https:\/\/fmmural91.uno\/2024\/wp-json\/wp\/v2\/posts\/3079\/revisions"}],"predecessor-version":[{"id":3081,"href":"https:\/\/fmmural91.uno\/2024\/wp-json\/wp\/v2\/posts\/3079\/revisions\/3081"}],"wp:featuredmedia":[{"embeddable":true,"href":"https:\/\/fmmural91.uno\/2024\/wp-json\/wp\/v2\/media\/3080"}],"wp:attachment":[{"href":"https:\/\/fmmural91.uno\/2024\/wp-json\/wp\/v2\/media?parent=3079"}],"wp:term":[{"taxonomy":"category","embeddable":true,"href":"https:\/\/fmmural91.uno\/2024\/wp-json\/wp\/v2\/categories?post=3079"},{"taxonomy":"post_tag","embeddable":true,"href":"https:\/\/fmmural91.uno\/2024\/wp-json\/wp\/v2\/tags?post=3079"}],"curies":[{"name":"wp","href":"https:\/\/api.w.org\/{rel}","templated":true}]}}