{"id":3086,"date":"2026-08-13T10:14:04","date_gmt":"2026-08-13T13:14:04","guid":{"rendered":"https:\/\/fmmural91.uno\/2024\/?p=3086"},"modified":"2026-08-13T10:14:06","modified_gmt":"2026-08-13T13:14:06","slug":"karina-milei-y-mauricio-macri-mantuvieron-nuevas-conversaciones","status":"publish","type":"post","link":"https:\/\/fmmural91.uno\/2024\/karina-milei-y-mauricio-macri-mantuvieron-nuevas-conversaciones\/","title":{"rendered":"Karina Milei y Mauricio Macri mantuvieron nuevas conversaciones"},"content":{"rendered":"\n<h1 class=\"wp-block-heading\">En apuros electorales, libertarios y macristas abren la danza de los acuerdos<\/h1>\n\n\n\n<p class=\"wp-block-paragraph\">Con el cron\u00f3metro electoral en marcha, LLA y el PRO acercaron posiciones tanto a nivel nacional como para la provincia de Buenos Aires. Este jueves en la Rosada \u201cLule\u201d Menem y Santilli se reunir\u00e1n con Ritondo y De Andreis.<\/p>\n\n\n\n<p class=\"wp-block-paragraph\"><a href=\"https:\/\/www.pagina12.com.ar\/autores\/melisa-molina\">Por\u00a0Melisa Molina<\/a>   &#8211;   <a href=\"https:\/\/www.pagina12.com.ar\/\">https:\/\/www.pagina12.com.ar\/<\/a>   13 de agosto, 2026.<\/p>\n\n\n\n<p class=\"wp-block-paragraph\">El reloj de arena se dio vuelta y Karina Milei ya est\u00e1 trabajando de lleno para la reelecci\u00f3n de Javier Milei para el a\u00f1o pr\u00f3ximo. Por eso, entre otras cosas, decidi\u00f3 acelerar el di\u00e1logo con el PRO. Desde el entorno de&nbsp;<strong>Mauricio Macri filtraron este mi\u00e9rcoles que el expresidente mantiene conversaciones telef\u00f3nicas con Karina<\/strong>. Desde la Casa Rosada, no tardaron en confirmar la informaci\u00f3n. Adem\u00e1s, en Balcarce 50 aseguraron que \u201cpor orden de Karina\u201d, este jueves a las 11,&nbsp;<strong>el jefe de Gabinete Diego Santilli y Eduardo \u201cLule\u201d Menem recibir\u00e1n en la planta baja de la casa de gobierno a los diputados del partido amarillo, Cristian Ritondo y Fernando De Andreis.<\/strong><\/p>\n\n\n\n<p class=\"wp-block-paragraph\">M\u00e1s all\u00e1 de los acuerdos a nivel nacional, la secretaria general de la Presidencia -que act\u00faa como si ocupase el cargo de su hermano- tiene el foco puesto en la provincia de Buenos Aires. Por eso, esta semana se reuni\u00f3 en Casa Rosada con todos sus diputados y senadores provinciales.<strong>&nbsp;El objetivo: dise\u00f1ar c\u00f3mo ser\u00e1 la campa\u00f1a y empezar a dar los primeros pasos.<\/strong><\/p>\n\n\n\n<p class=\"wp-block-paragraph\">Sebasti\u00e1n Pareja, que no participar\u00e1 de la reuni\u00f3n del jueves, es otro de los encargados de tender los puentes necesarios con el PRO, pero tambi\u00e9n con la UCR a.. nivel provincial. Lo central es llegar al momento crucial con los acuerdos sellados.<\/p>\n\n\n\n<p class=\"wp-block-paragraph\">Por eso, tras la reuni\u00f3n en Casa Rosada del lunes,&nbsp;<strong>el armador de Karina se reuni\u00f3 con Cristian Ritondo y antes lo hizo con el senador radical Maximiliano Abad.<\/strong>&nbsp;El presidente del bloque de diputados del PRO public\u00f3 este mi\u00e9rcoles una foto junto a Pareja y adelant\u00f3 algunos de los que ser\u00e1n los ejes de la campa\u00f1a violeta en la Provincia de Buenos Aires.<\/p>\n\n\n\n<p class=\"wp-block-paragraph\">En el encuentro al inicio de la semana en la Rosada, la hermana del Presidente no habl\u00f3 con sus legisladores ni de candidaturas, ni del formato de la campa\u00f1a. Sin embargo,<strong>&nbsp;s\u00ed les mencion\u00f3 que hab\u00eda que ir \u201csembrando ideas\u201d<\/strong>. Una de esas \u201cideas\u201d, es la de la \u201creforma pol\u00edtica\u201d. Los \u201clibertarios\u201d hablan de eliminar el Senado provincial para \u201cahorrar dinero de la gente que se gasta en la pol\u00edtica\u201d.<\/p>\n\n\n\n<h3 class=\"wp-block-heading\"><strong>Ritondo spoile\u00f3 algunos ejes<\/strong><\/h3>\n\n\n\n<p class=\"wp-block-paragraph\">Tal como si fuese vocero del oficialismo, Ritondo poste\u00f3: \u201cnos reunimos con Sebasti\u00e1n Pareja para impulsar juntos, desde La Libertad Avanza y el PRO, dos reformas que van al hueso en la Provincia: menos privilegios y una pol\u00edtica de una vez por todas al servicio de la gente\u201d.<\/p>\n\n\n\n<p class=\"wp-block-paragraph\">Tambi\u00e9n mencion\u00f3 un proyecto para terminar con las reelecciones indefinidas y habl\u00f3 de poner \u201cun l\u00edmite de dos mandatos para los intendentes\u201d. En modo campa\u00f1a, trajo al gobernador Axel Kicillof al centro de la escena y lo acus\u00f3, junto a \u201cel kirchnerismo\u201d, de querer voltear el proyecto \u201cpara que los mismos de siempre se atornillen al poder\u201d.<\/p>\n\n\n\n<p class=\"wp-block-paragraph\">En segundo lugar, el diputado PRO confirm\u00f3 la idea con la que Pareja insisti\u00f3 durante las \u00faltimas semanas: la de cerrar el senado provincial para convertir la Legislatura provincial en unicameral. \u201cHoy Diputados y Senadores se eligen igual y hacen lo mismo. Doble estructura, doble gasto, cero beneficio para el vecino de la provincia\u201d, expres\u00f3 y volvi\u00f3 a la carga: \u201cbasta de despilfarro populista\u201d.<\/p>\n\n\n\n<p class=\"wp-block-paragraph\">Por \u00faltimo, para que no queden dudas de que \u00e9l est\u00e1 tan pintado de violeta como Santilli, puntualiz\u00f3:&nbsp;<strong>\u201ccuando trabajamos juntos, no hay populismo que nos frene\u201d.<\/strong><\/p>\n\n\n\n<h3 class=\"wp-block-heading\"><strong>Candidatos en danza<\/strong><\/h3>\n\n\n\n<p class=\"wp-block-paragraph\">Si bien en la Casa Rosada a\u00fan no se habla de candidaturas para la provincia de Buenos Aires, el jefe de Gabinete tiene la intenci\u00f3n de ser el candidato a gobernador. As\u00ed lo manifest\u00f3 en diversas entrevistas y tambi\u00e9n lo confirman desde La Libertad Avanza. Incluso, aseguran que \u00e9l podr\u00eda ser el candidato y Pareja su compa\u00f1ero de f\u00f3rmula.<\/p>\n\n\n\n<p class=\"wp-block-paragraph\">M\u00e1s all\u00e1 de esos comentarios, hay quienes opinan que Santilli ser\u00e1 candidato a jefe de Gobierno porte\u00f1o. En ese caso, quedar\u00eda vacante la candidatura a gobernador bonaerense. En los pasillos algunos se envalentonan con el nombre de la actual ministra de Capital Humano Sandra Pettovello, pero faltan largos meses para que se terminen de tomar esas definiciones.<\/p>\n\n\n\n<p class=\"wp-block-paragraph\">Karina Milei tambi\u00e9n mira de cerca los movimientos de la senadora Patricia Bullrich. Ella ya manifest\u00f3 que quer\u00eda ser presidenta, jefa de gobierno porte\u00f1o o, incluso, la compa\u00f1era de f\u00f3rmula de Milei. Milei dijo que ya hab\u00eda elegido a su compa\u00f1ero\/a de f\u00f3rmula y se especul\u00f3 con que podr\u00eda ser ella, pero eso tampoco est\u00e1 confirmado.<\/p>\n\n\n\n<h3 class=\"wp-block-heading\"><strong>Reforma electoral: los municipios \u201cganables\u201d<\/strong><\/h3>\n\n\n\n<p class=\"wp-block-paragraph\">La Casa Rosada tiene la consigna clara de avanzar en las pr\u00f3ximas semanas con la reforma electoral en el Congreso para eliminar o suspender las PASO a nivel nacional. El proyecto deber\u00eda ser aprobado antes de diciembre. Las PASO de la provincia de Buenos Aires, en tanto, podr\u00e1n seguir vigentes. Esa es una definici\u00f3n que deber\u00e1n tomar a nivel local. \u201c<strong>Viendo el quilombo que tiene el peronismo es dif\u00edcil que saquen las PASO<\/strong>\u201d, reflexionan cerca de Karina.<\/p>\n\n\n\n<p class=\"wp-block-paragraph\">En Balcarce 50 consideran que en las pr\u00f3ximas elecciones tienen chances de ganar en 67 municipios bonaerenses. Siempre y cuando, aclaran, sean capaces de llegar a un buen acuerdo con el PRO y con el Radicalismo. \u201cEsos son los municipios ganables y, en los que no son ganables, tenemos que mejorar nuestra performance\u201d, analizan.<\/p>\n\n\n\n<p class=\"wp-block-paragraph\">En esa l\u00ednea, consideran que deber\u00e1n poner como candidato en cada uno de los distritos \u201cal mejor\u201d de los tres partidos. \u201cPor ejemplo, en Vicente L\u00f3pez pareciera que no hay nadie que supere a Soledad Mart\u00ednez, entonces ah\u00ed no hay discusi\u00f3n\u201d, remarcan.<\/p>\n\n\n\n<p class=\"wp-block-paragraph\">En cambio, en otros distritos como Z\u00e1rate, agregan: \u201cMarcelo Matzkin tiene una gesti\u00f3n discutida, entonces ah\u00ed puede ir mejor un candidato como el exfutbolista de River Oscar Aumada, que se sum\u00f3 a La Libertad Avanza\u201d. \u201cAh\u00ed nos vamos a tener que sacar la careta con Cristian y Diego y charlar\u201d, adelantan de cara a la reuni\u00f3n que tendr\u00e1 lugar el jueves.<\/p>\n\n\n\n<p class=\"wp-block-paragraph\">Pareja, bajo las \u00f3rdenes de Karina, adem\u00e1s de reunirse con Ritondo tuvo un encuentro con el senador nacional de la UCR por la provincia de Buenos Aires, Maximiliano Abad. \u201cTengo un mandato de Milei que es el de ganar la provincia de Buenos Aires y vamos a hacer todo para lograrlo\u201d, lo escuchan decir sus asesores m\u00e1s cercanos, aunque sin aclarar si se refiere a Javier o Karina.<\/p>\n\n\n\n<h3 class=\"wp-block-heading\"><strong>La mira puesta en la juventud<\/strong><\/h3>\n\n\n\n<p class=\"wp-block-paragraph\">Uno de los objetivos que tiene la Libertad Avanza, tanto en la provincia de Buenos Aires, como en el resto del pa\u00eds, es el de volver a conquistar a los j\u00f3venes que, en las elecciones de 2024 eligieron a Milei y que hoy est\u00e1n en duda o arrepentidos.<\/p>\n\n\n\n<p class=\"wp-block-paragraph\">Ellos significan una parte importante del padr\u00f3n y, por eso, desde todos los partidos intentar\u00e1n conquistarlos. Movimiento al Futuro, el espacio que lidera el gobernador Axel Kicillof, por ejemplo, est\u00e1 terminando de organizar un acto de juventudes para el 22 de este mes.<\/p>\n\n\n\n<p class=\"wp-block-paragraph\">En la Libertad Avanza, con respecto a ese tema, volver\u00e1 a haber discusiones y quedar\u00e1, una vez m\u00e1s, expuesta la interna. Quienes se adjudican la representaci\u00f3n del sector \u201cj\u00f3ven\u201d son los miembros de las Fuerzas del Cielo. Los legisladores Agust\u00edn Romo y Nahuel Sotelo, entre otros, son referentes de esa \u201ctribu\u201d oficialista que comanda Santiago Caputo y estuvieron con Karina en la reuni\u00f3n del lunes.<\/p>\n\n\n\n<p class=\"wp-block-paragraph\">En las elecciones anteriores ellos quedaron fuera del armado de las listas en detrimento de Pareja y de los primos Menem. Esta vez pelear\u00e1n para que su espacio no quede afuera. Sin embargo, la correlaci\u00f3n de fuerzas no da indicios de haber cambiado.<\/p>\n","protected":false},"excerpt":{"rendered":"<p>En apuros electorales, libertarios y macristas abren la danza de los acuerdos Con el cron\u00f3metro electoral en marcha, LLA y el PRO acercaron posiciones tanto a nivel nacional como para la provincia de Buenos Aires. Este jueves en la Rosada \u201cLule\u201d Menem y Santilli se reunir\u00e1n con Ritondo y De Andreis. Por\u00a0Melisa Molina &#8211; https:\/\/www.pagina12.com.ar\/ [&hellip;]<\/p>\n","protected":false},"author":3,"featured_media":3087,"comment_status":"closed","ping_status":"closed","sticky":false,"template":"","format":"standard","meta":{"sync_status":"","episode_type":"","audio_file":"","castos_file_data":"","podmotor_file_id":"","cover_image":"","cover_image_id":"","duration":"","filesize":"","filesize_raw":"","date_recorded":"","explicit":"","block":"","footnotes":""},"categories":[24],"tags":[],"class_list":["post-3086","post","type-post","status-publish","format-standard","has-post-thumbnail","hentry","category-politica"],"_links":{"self":[{"href":"https:\/\/fmmural91.uno\/2024\/wp-json\/wp\/v2\/posts\/3086","targetHints":{"allow":["GET"]}}],"collection":[{"href":"https:\/\/fmmural91.uno\/2024\/wp-json\/wp\/v2\/posts"}],"about":[{"href":"https:\/\/fmmural91.uno\/2024\/wp-json\/wp\/v2\/types\/post"}],"author":[{"embeddable":true,"href":"https:\/\/fmmural91.uno\/2024\/wp-json\/wp\/v2\/users\/3"}],"replies":[{"embeddable":true,"href":"https:\/\/fmmural91.uno\/2024\/wp-json\/wp\/v2\/comments?post=3086"}],"version-history":[{"count":1,"href":"https:\/\/fmmural91.uno\/2024\/wp-json\/wp\/v2\/posts\/3086\/revisions"}],"predecessor-version":[{"id":3088,"href":"https:\/\/fmmural91.uno\/2024\/wp-json\/wp\/v2\/posts\/3086\/revisions\/3088"}],"wp:featuredmedia":[{"embeddable":true,"href":"https:\/\/fmmural91.uno\/2024\/wp-json\/wp\/v2\/media\/3087"}],"wp:attachment":[{"href":"https:\/\/fmmural91.uno\/2024\/wp-json\/wp\/v2\/media?parent=3086"}],"wp:term":[{"taxonomy":"category","embeddable":true,"href":"https:\/\/fmmural91.uno\/2024\/wp-json\/wp\/v2\/categories?post=3086"},{"taxonomy":"post_tag","embeddable":true,"href":"https:\/\/fmmural91.uno\/2024\/wp-json\/wp\/v2\/tags?post=3086"}],"curies":[{"name":"wp","href":"https:\/\/api.w.org\/{rel}","templated":true}]}}