{"id":3089,"date":"2026-08-13T10:28:38","date_gmt":"2026-08-13T13:28:38","guid":{"rendered":"https:\/\/fmmural91.uno\/2024\/?p=3089"},"modified":"2026-08-13T10:28:39","modified_gmt":"2026-08-13T13:28:39","slug":"la-comunidad-cientifica-se-movilizo-en-el-obelisco-y-en-varias-ciudades-del-pais","status":"publish","type":"post","link":"https:\/\/fmmural91.uno\/2024\/la-comunidad-cientifica-se-movilizo-en-el-obelisco-y-en-varias-ciudades-del-pais\/","title":{"rendered":"La comunidad cient\u00edfica se moviliz\u00f3 en el Obelisco y en varias ciudades del pa\u00eds"},"content":{"rendered":"\n<h1 class=\"wp-block-heading\">\u201cUsamos pipetas como armas y la palabra como \u00fanico escudo\u201d<\/h1>\n\n\n\n<p class=\"wp-block-paragraph\">Denunciaron el ataque al sector por parte del Gobierno, que destruye casi ocho empleos por d\u00eda. \u201cNo es un ajuste m\u00e1s. Nunca hubo una sa\u00f1a tan violenta y absurda\u201d, indicaron.<\/p>\n\n\n\n<p class=\"wp-block-paragraph\"><a href=\"https:\/\/www.pagina12.com.ar\/autores\/celeste-del-bianco\">Por\u00a0Celeste del Bianco<\/a>   &#8211;   Fuente: <a href=\"https:\/\/www.pagina12.com.ar\/\">https:\/\/www.pagina12.com.ar\/<\/a>  13 de agosto, 2026.<\/p>\n\n\n\n<p class=\"wp-block-paragraph\">Los supuestos terroristas estaban ah\u00ed, rodeando el Obelisco. Vest\u00edan camisetas de Argentina debajo de la ropa de abrigo, como simulando sus oscuros objetivos. Leyeron un comunicado y como cierre de su acto subversivo cantaron<em>&nbsp;a cappella&nbsp;<\/em>el himno nacional. \u201cUsamos pipetas, libros y tizas como armas, y la palabra y la expresi\u00f3n en la calle como \u00fanico escudo y protecci\u00f3n.&nbsp;<strong>No van a poder con nosotros. Aqu\u00ed estaremos defendiendo la patria siempre\u201d<\/strong>, sostuvieron quienes la semana pasada fueron catalogados por el presidente Javier Milei como&nbsp;<strong>\u201cterroristas disfrazados de estudiantes, terroristas disfrazados de profesores, terroristas disfrazados de investigadores<\/strong>\u201d.<\/p>\n\n\n\n<p class=\"wp-block-paragraph\">Miles de personas se movilizaron ayer en el centro porte\u00f1o y en varias ciudades del pa\u00eds para denunciar el desmantelamiento y la destrucci\u00f3n del sistema cient\u00edfico y tecnol\u00f3gico.&nbsp;<strong>\u201cNo es un ajuste m\u00e1s. Nunca hubo una sa\u00f1a tan violenta y absurda como la de este gobierno\u201d<\/strong>, sostuvieron en un comunicado. Es cierto. Los datos muestran que<strong>&nbsp;ni siquiera durante la \u201cfuga de cerebros\u201d que implement\u00f3 Carlos Menem el presupuesto para el sector estuvo tan bajo.&nbsp;<\/strong>Ni el entonces ministro de Econom\u00eda,<strong>&nbsp;Domingo Cavallo, se atrevi\u00f3 a tanto cuando mand\u00f3 a \u201clavar los platos\u201d a una investigadora del Conicet.<\/strong>&nbsp;<strong>En 2003, en el piso hist\u00f3rico, el porcentaje del PBI destinado a Ciencia y Tecnolog\u00eda fue del 0,17 por ciento. Hoy es del 0,14 por ciento, el m\u00e1s bajo de la historia.<\/strong><\/p>\n\n\n\n<h3 class=\"wp-block-heading\">Ni Cavallo se atrevi\u00f3 a tanto<\/h3>\n\n\n\n<p class=\"wp-block-paragraph\">En casi tres a\u00f1os,&nbsp;<strong>Milei redujo la inversi\u00f3n en la funci\u00f3n Ciencia y Tecnolog\u00eda en m\u00e1s del 50 por ciento<\/strong>: se pas\u00f3 del 0,30 por ciento del PBI en 2023 al 0,14 en lo que va del a\u00f1o. Un ataque transversal que no dej\u00f3 organismo a salvo de la motosierra libertaria. \u201cEn esa pol\u00edtica actual de entrega de recursos naturales de forma primarizada no se necesita gente pensando. Por eso somos un obst\u00e1culo, porque desde la ciencia podemos generar un modelo de desarrollo de un pa\u00eds aut\u00f3nomo, digno y que prospere. Esta entrega necesita que la gente no piense\u201d, dice&nbsp;<strong>Bibiana Vil\u00e1, bi\u00f3loga&nbsp;<\/strong>e investigadora superior del Conicet, que estudia a las vicu\u00f1as en Jujuy. \u201cSi no sab\u00e9s, si no gener\u00e1s conocimiento, cualquiera puede venir a&nbsp;<em>spoilear<\/em>\u201d, agrega la mujer que lleva un paraguas con los colores de Argentina y un dibujo hecho por una nena con la estrella de mar naranja que ya se volvi\u00f3 un \u00edcono.<\/p>\n\n\n\n<figure class=\"wp-block-image\"><img decoding=\"async\" src=\"https:\/\/www.pagina12.com.ar\/resizer\/v2\/ITKI4C3IGRAI7DU4IIQ77AQS7I.jpg?quality=75&amp;auth=08fd7a9b05dc027f7ecb5a147323f32cd81695a168db566d37db682ed5b62a35&amp;width=3333\" alt=\"20260812 protesta de cientificos\"\/><figcaption class=\"wp-element-caption\">Leandro Teysseire. Leandro Teysseire<\/figcaption><\/figure>\n\n\n\n<p class=\"wp-block-paragraph\">En un comunicado conjunto, investigadores e investigadoras de distintos organismos denunciaron el ataque letal al sector. El Gobierno disolvi\u00f3 o reestructur\u00f3 instituciones emblem\u00e1ticas como el Instituto Nacional del C\u00e1ncer, el Instituto Nacional de Semillas (INASE) o el Instituto Nacional del Agua (INA). Para&nbsp;<strong>Antonella Santin, becaria doctoral del Centro de Estudios Urbanos y Regionales<\/strong>, \u201cla producci\u00f3n de conocimiento est\u00e1 vinculada al bien com\u00fan\u201d y por eso hay que preservarla. \u201cNosotros no investigamos para nosotros mismos, en t\u00e9rminos individuales. Hay que colectivizar la lucha porque es una cuesti\u00f3n de soberan\u00eda; el ataque a la ciencia es un ajuste estructural que busca concentrar ganancias y redistribuir miseria\u201d, agrega.<\/p>\n\n\n\n<h3 class=\"wp-block-heading\">Un ajuste transversal<\/h3>\n\n\n\n<p class=\"wp-block-paragraph\">Hay un dato que es contundente: desde que Milei est\u00e1 en la Casa Rosada se pierden casi 8 puestos de trabajo vinculados a Ciencia y Tecnolog\u00eda por d\u00eda. Seg\u00fan un informe del Grupo Econom\u00eda, Pol\u00edtica y Ciencia, desde diciembre de 2023 hasta ahora&nbsp;<strong>se destruyeron 6400 empleos. El Conicet perdi\u00f3 2051 profesionales; el INTA, 884; el INTI, 861; y la Comisi\u00f3n Nacional de Energ\u00eda At\u00f3mica, 592<\/strong>. Adem\u00e1s, el Servicio Meteorol\u00f3gico Nacional dej\u00f3 afuera a 319 trabajadores y la Secretar\u00eda de Ciencia sufri\u00f3 una importante reorganizaci\u00f3n que incluy\u00f3 265 puestos eliminados.<strong>&nbsp;\u201cVivimos escenas que nos retrotraen a&nbsp;la Noche de los Bastones Largos.<\/strong>&nbsp;En la CNEA pasamos de so\u00f1ar con construir reactores nucleares nacionales a recibir palazos. Esto no es un pa\u00eds normal, no creamos que lo es\u201d, indicaron.<\/p>\n\n\n\n<p class=\"wp-block-paragraph\"><strong>Federico Lindenboim es becario de posdoctorado del Conicet<\/strong>&nbsp;en la Universidad de San Mart\u00edn y el 31 de julio qued\u00f3 en un limbo, al igual que otros 380 investigadores e investigadoras, cuando se le termin\u00f3 la beca porque el Gobierno a\u00fan no dio a conocer los resultados del concurso para el ingreso a la carrera. \u201cLos resultados van a estar en octubre de 2027 y hasta que nos den de alta pueden pasar tres a\u00f1os<strong>. Nos est\u00e1n expulsando tres a\u00f1os del sistema cient\u00edfico y creen que seguimos investigando y viviendo del aire\u201d<\/strong>, dice. Un investigador postdoctoral gana poco m\u00e1s de 1 400 000, lo que demuestra que el ajuste no responde a una raz\u00f3n presupuestaria.<\/p>\n\n\n\n<h3 class=\"wp-block-heading\">La pelea en el Congreso<\/h3>\n\n\n\n<p class=\"wp-block-paragraph\">D\u00edas atr\u00e1s, representantes del Conicet estuvieron en el Congreso y presentaron un proyecto para extender las becas. Si bien hay varias propuestas que buscan defender al sector, LLA frena cualquier debate. \u201cEllos no tratan los proyectos que no son de ellos, tenemos que quebrar esa mayor\u00eda, que fue construida por distintos medios, no solo por la convicci\u00f3n sino tambi\u00e9n por favores y prebendas\u201d, explic\u00f3&nbsp;<strong>el diputado de Uni\u00f3n por la Patria Jorge Taiana<\/strong>, que tambi\u00e9n estuvo en la movilizaci\u00f3n. \u201cNo podemos aceptar pasivamente que el Gobierno, con la complicidad de la mayor\u00eda legislativa, se dedique a destruir el sistema llev\u00e1ndonos a\u00f1os para atr\u00e1s, en un momento donde el mundo dice que el conocimiento es una de las grandes riquezas del siglo XXI\u201d, agreg\u00f3.<\/p>\n\n\n\n<p class=\"wp-block-paragraph\"><strong>Sheila Su\u00e1rez, de 27 a\u00f1os, tiene una beca doctoral en la Facultad de Psicolog\u00eda de la UBA y gana algo m\u00e1s de un mill\u00f3n de pesos<\/strong>. Paga un alquiler de 730 000 pesos y con el resto tiene que sobrevivir. Ella, que estudia la polarizaci\u00f3n de los discursos, cree que la violencia con la que el Presidente habla de la comunidad cient\u00edfica y universitaria \u201cresponde a un modelo de pa\u00eds\u201d. \u201cTodo lo que genera pensamiento cr\u00edtico en las personas es atacado por Milei. Quiere que puedan circular noticias falsas de manera r\u00e1pida y&nbsp;<strong>lo que hacen la ciencia y el periodismo, que es verificar la informaci\u00f3n, para \u00e9l son cosas del enemigo<\/strong>\u201d.<\/p>\n\n\n\n<p class=\"wp-block-paragraph\">Los representantes de las universidades p\u00fablicas tambi\u00e9n estuvieron; el ataque es a los salarios, a las becas y tambi\u00e9n a la producci\u00f3n de conocimiento. \u201cLa situaci\u00f3n es terminal\u201d, indicaron en el texto, porque all\u00ed investigan y ense\u00f1an el 80 por ciento de los investigadores del Conicet del pa\u00eds.&nbsp;<strong>\u201cEl Gobierno lleva casi 10 meses (296 d\u00edas) incumpliendo la Ley de Financiamiento Universitario\u201d<\/strong>, agregaron. Es por eso que tambi\u00e9n ayer se hizo un paro nacional en las casas de altos estudios, para reclamar el cumplimiento de la ley que la Justicia dispuso.<\/p>\n\n\n\n<h3 class=\"wp-block-heading\">Sue\u00f1os en suspenso<\/h3>\n\n\n\n<p class=\"wp-block-paragraph\"><strong>Camila tiene 20 a\u00f1os y estudia Matem\u00e1ticas en la Facultad de Ciencias Exactas de la UBA<\/strong>; est\u00e1 en segundo a\u00f1o. Da clases en el CBC como ayudante de segunda y cobra 180 000 pesos.&nbsp;<strong>Sue\u00f1a con alg\u00fan d\u00eda hacer un doctorado, pero sabe que si todo sigue as\u00ed, una de las opciones ser\u00e1 irse al exterior<\/strong>. Aunque no es lo que quiere, es algo que eval\u00faa. \u201cVengo a defender a los que pr\u00f3ximamente voy a ser yo. Pienso si podr\u00e9 o si me tendr\u00e9 que ir\u201d, dice, y manda un recordatorio al resto de la sociedad: \u201cla ciencia te llega de todos lados, incluso si no sos cient\u00edfico; es crucial para todo, sin ciencia no habr\u00eda electricidad\u201d.<\/p>\n\n\n\n<p class=\"wp-block-paragraph\">Junto a Camila&nbsp;<strong>est\u00e1 Gaspar, un estudiante franc\u00e9s de 22 a\u00f1os que est\u00e1 haciendo un intercambio en la UBA<\/strong>. Estudia Inform\u00e1tica y cree que es importante acompa\u00f1ar el reclamo.&nbsp;<strong>\u201cArgentina est\u00e1 bien considerada en el mundo<\/strong>. En el plano internacional tiene una recepci\u00f3n fuerte, pero es muy dif\u00edcil ahora ser cient\u00edfico sin dinero\u201d, cuenta.<\/p>\n\n\n\n<p class=\"wp-block-paragraph\"><strong>\u201cEstoy cansada de esta tristeza que estamos viviendo hace dos a\u00f1os y medio\u201d, dice la doctora en Ciencias Biol\u00f3gicas Constanza Ranieri.<\/strong>&nbsp;Tiene 45 a\u00f1os, es profesora de la Universidad de Luj\u00e1n y del Instituto de Ecolog\u00eda y Desarrollo Sustentable. Dice que tambi\u00e9n tiene esperanza, pero que es importante lograr un cambio de paradigma sobre la mirada que la sociedad tiene de los cient\u00edficos. \u201cHay gente que nos ve como \u00f1oquis o como que no hacemos cosas importantes. Tal vez falta m\u00e1s ver c\u00f3mo podemos ayudar. Tengo el compromiso de retribuir a la sociedad lo que invirtieron en nuestra formaci\u00f3n\u201d, agrega.<\/p>\n\n\n\n<p class=\"wp-block-paragraph\">En las banderas que cuelgan sobre las rejas que rodean al Obelisco se leen diferentes consignas, pero hay una huella que se replica en varias: la de la bandera de la Selecci\u00f3n que reclama que&nbsp;<strong>\u201cLas Malvinas son argentinas\u201d<\/strong>. Ese grito que cal\u00f3 hondo en la lucha contra la extranjerizaci\u00f3n de la tierra, se repite tambi\u00e9n ac\u00e1 y&nbsp;<strong>recuerda que la soberan\u00eda tambi\u00e9n est\u00e1 en la ciencia, en la investigaci\u00f3n, en el desarrollo de los recursos humanos<\/strong>. Y que un pa\u00eds libre de cualquier dominaci\u00f3n extranjera necesita generaci\u00f3n de conocimiento.<\/p>\n","protected":false},"excerpt":{"rendered":"<p>\u201cUsamos pipetas como armas y la palabra como \u00fanico escudo\u201d Denunciaron el ataque al sector por parte del Gobierno, que destruye casi ocho empleos por d\u00eda. \u201cNo es un ajuste m\u00e1s. Nunca hubo una sa\u00f1a tan violenta y absurda\u201d, indicaron. Por\u00a0Celeste del Bianco &#8211; Fuente: https:\/\/www.pagina12.com.ar\/ 13 de agosto, 2026. Los supuestos terroristas estaban ah\u00ed, [&hellip;]<\/p>\n","protected":false},"author":3,"featured_media":3090,"comment_status":"closed","ping_status":"closed","sticky":false,"template":"","format":"standard","meta":{"sync_status":"","episode_type":"","audio_file":"","castos_file_data":"","podmotor_file_id":"","cover_image":"","cover_image_id":"","duration":"","filesize":"","filesize_raw":"","date_recorded":"","explicit":"","block":"","footnotes":""},"categories":[24],"tags":[],"class_list":["post-3089","post","type-post","status-publish","format-standard","has-post-thumbnail","hentry","category-politica"],"_links":{"self":[{"href":"https:\/\/fmmural91.uno\/2024\/wp-json\/wp\/v2\/posts\/3089","targetHints":{"allow":["GET"]}}],"collection":[{"href":"https:\/\/fmmural91.uno\/2024\/wp-json\/wp\/v2\/posts"}],"about":[{"href":"https:\/\/fmmural91.uno\/2024\/wp-json\/wp\/v2\/types\/post"}],"author":[{"embeddable":true,"href":"https:\/\/fmmural91.uno\/2024\/wp-json\/wp\/v2\/users\/3"}],"replies":[{"embeddable":true,"href":"https:\/\/fmmural91.uno\/2024\/wp-json\/wp\/v2\/comments?post=3089"}],"version-history":[{"count":1,"href":"https:\/\/fmmural91.uno\/2024\/wp-json\/wp\/v2\/posts\/3089\/revisions"}],"predecessor-version":[{"id":3091,"href":"https:\/\/fmmural91.uno\/2024\/wp-json\/wp\/v2\/posts\/3089\/revisions\/3091"}],"wp:featuredmedia":[{"embeddable":true,"href":"https:\/\/fmmural91.uno\/2024\/wp-json\/wp\/v2\/media\/3090"}],"wp:attachment":[{"href":"https:\/\/fmmural91.uno\/2024\/wp-json\/wp\/v2\/media?parent=3089"}],"wp:term":[{"taxonomy":"category","embeddable":true,"href":"https:\/\/fmmural91.uno\/2024\/wp-json\/wp\/v2\/categories?post=3089"},{"taxonomy":"post_tag","embeddable":true,"href":"https:\/\/fmmural91.uno\/2024\/wp-json\/wp\/v2\/tags?post=3089"}],"curies":[{"name":"wp","href":"https:\/\/api.w.org\/{rel}","templated":true}]}}