{"id":3106,"date":"2026-08-14T08:45:56","date_gmt":"2026-08-14T11:45:56","guid":{"rendered":"https:\/\/fmmural91.uno\/2024\/?p=3106"},"modified":"2026-08-14T08:45:57","modified_gmt":"2026-08-14T11:45:57","slug":"el-acuerdo-entre-axel-kicillof-maximo-kirchner-y-sergio-massa","status":"publish","type":"post","link":"https:\/\/fmmural91.uno\/2024\/el-acuerdo-entre-axel-kicillof-maximo-kirchner-y-sergio-massa\/","title":{"rendered":"El acuerdo entre Axel Kicillof, M\u00e1ximo Kirchner y Sergio Massa"},"content":{"rendered":"\n<h1 class=\"wp-block-heading\">Cu\u00e1les son las bases y condiciones de la unidad peronista<\/h1>\n\n\n\n<p class=\"wp-block-paragraph\">En la cumbre de Retiro, delinearon la hoja de ruta hacia el 2027. Los amplios l\u00edmites de la coalici\u00f3n para enfrentar a Milei y la defensa de las PASO para dirimir las internas. El mensaje a los gobernadores, el debate por los desdoblamientos y la \u201csana competencia\u201d.<\/p>\n\n\n\n<p class=\"wp-block-paragraph\"><a href=\"https:\/\/www.pagina12.com.ar\/autores\/sebastian-cazon\">Por\u00a0Sebasti\u00e1n Caz\u00f3n<\/a>   &#8211;   Fuente: <a href=\"https:\/\/www.pagina12.com.ar\/\">https:\/\/www.pagina12.com.ar\/<\/a>  14 de agosto, 2026.<\/p>\n\n\n\n<p class=\"wp-block-paragraph\">La cumbre peronista del martes por la noche defini\u00f3 un m\u00e9todo para llegar competitivos al 2027. Tras casi cuatro horas de conversaci\u00f3n entre&nbsp;<strong>Axel Kicillof<\/strong>,&nbsp;<strong>M\u00e1ximo Kirchner<\/strong>,&nbsp;<strong>Sergio Massa<\/strong>&nbsp;y un grupo de gobernadores, hubo acuerdo en construir un espacio opositor lo m\u00e1s amplio posible, habilitar la participaci\u00f3n de todos los sectores con aspiraciones electorales y&nbsp;<strong>preservar las PASO como mecanismo para dirimir los eventuales enfrentamientos<\/strong>. Tambi\u00e9n hubo coincidencia en evitar los desdoblamientos provinciales para fortalecer la ofensiva nacional. El entendimiento traz\u00f3 una hoja de ruta y estableci\u00f3 un pacto de convivencia interna: \u201c<strong>Que haya una sana competencia<\/strong>\u201d. \u00bfLo respetar\u00e1n?<\/p>\n\n\n\n<p class=\"wp-block-paragraph\">\u201cEstamos dispuestos a trabajar todos juntos y ofrecer una alternativa muy distinta a la que tiene Milei\u201d, sintetiz\u00f3 el senador Jos\u00e9 Mayans, uno de los organizadores del c\u00f3nclave. En el peronismo entienden que la respuesta al proyecto libertario pasa por&nbsp;<strong>construir una coalici\u00f3n lo suficientemente amplia como para perforar los techos electorales<\/strong>. De ah\u00ed que no busquen limitar la participaci\u00f3n, sino poner en juego los distintos proyectos internos. Incluso mantienen abiertas las puertas para los gobernadores peronistas que, cada tanto, se pintan de violeta: el tucumano Osvaldo Jaldo, el salte\u00f1o Gustavo S\u00e1enz, el catamarque\u00f1o Ra\u00fal Jalil y el misionero Hugo Passalacqua, este \u00faltimo \u2013ahora\u2013 con un perfil m\u00e1s opositor. \u201cTengo la tarea de conversar con algunos compa\u00f1eros del norte argentino para que se puedan ir incorporando paulatinamente a este esquema donde ellos tienen que sentirse protagonistas\u201d, expres\u00f3 el riojano Ricardo Quintela, asistente de la cumbre y encargado de acercar posiciones.<\/p>\n\n\n\n<h2 class=\"wp-block-heading\">A construir el bloque<\/h2>\n\n\n\n<p class=\"wp-block-paragraph\">A estos cuatro mandatarios se les pide, principalmente, que no acompa\u00f1en la reforma pol\u00edtica de Javier Milei. La suspensi\u00f3n de las Primarias facilitar\u00eda la fragmentaci\u00f3n de la oferta opositora, le arrebatar\u00eda al peronismo un mecanismo esencial para dirimir su interna y allanar\u00eda el recorrido electoral de La Libertad Avanza. \u201c<strong>Los que apoyen a Milei en la eliminaci\u00f3n de las PASO van a tener que hacerse cargo de cuatro a\u00f1os m\u00e1s de sufrimiento de la gente<\/strong>\u201d, sentenciaron en la reuni\u00f3n. Las negociaciones para construir el bloqueo legislativo ya comenzaron. La intenci\u00f3n es emular la articulaci\u00f3n que se logr\u00f3 en el debate por la ley de Tierras. Jaldo, a priori, ya se manifest\u00f3 en contra. Jalil aceptar\u00eda removerlas, pero solo si hay un amplio consenso. El quiebre entre el exgobernador Carlos Rovira y Passalacqua puso en suspenso los votos de los senadores misioneros que Karina Milei contaba a su favor. El panorama, por lo tanto, est\u00e1 abierto.<\/p>\n\n\n\n<p class=\"wp-block-paragraph\">El consenso en torno a las Primarias supone una buena noticia para la estrategia de Kicillof. El bonaerense propone que cada sector del peronismo aproveche los pr\u00f3ximos meses para ganar m\u00fasculo y que sea el escenario electoral, llegado marzo, el que determine qui\u00e9n est\u00e1 en mejores condiciones de competir. Si no prospera una candidatura de unidad, y todo parece encaminarse en esa direcci\u00f3n, la disputa se trasladar\u00e1 a las urnas. En principio, la lista de posibles contendientes va desde Kicillof, Massa y Wado de Pedro hasta Quintela, U\u00f1ac y Gerardo Zamora. \u201cQue se presente el que quiera, el que se sienta con ganas. Eso se acord\u00f3\u201d, cont\u00f3 Mayans y llam\u00f3 a que cada propuesta sea considerada \u201cun aporte\u201d y no \u201cun enemigo\u201d. Amplitud hacia afuera, competencia hacia dentro.<\/p>\n\n\n\n<h2 class=\"wp-block-heading\">No sobra nada<\/h2>\n\n\n\n<p class=\"wp-block-paragraph\">La discusi\u00f3n sobre el calendario electoral tambi\u00e9n ocup\u00f3 un lugar central en el debate del hotel Emperador. Con Milei como principal adversario, hubo coincidencia en la necesidad de aunar esfuerzos y&nbsp;<strong>evitar el desdoblamiento de los comicios provinciales<\/strong>. El objetivo es que las elecciones locales puedan traccionar votos hacia la contienda nacional, bajo la premisa de que el margen es exiguo. El diagn\u00f3stico tiene un antecedente cercano: en 2023, Sergio Massa obtuvo 37 puntos y qued\u00f3 a apenas tres de derrotar a Milei en primera vuelta. En el peronismo entienden que, en un escenario de simultaneidad electoral, aquel resultado podr\u00eda haber sido diferente. Por eso sostienen que la unidad no debe limitarse a confluir en un mismo frente, sino tambi\u00e9n a articular campa\u00f1as y sincronizar fechas de sufragio.<\/p>\n\n\n\n<h2 class=\"wp-block-heading\">Primer paso<\/h2>\n\n\n\n<p class=\"wp-block-paragraph\">Despu\u00e9s de una larga etapa marcada por las peleas internas, el peronismo ensay\u00f3 una tregua. Tanto el kirchnerismo como el entorno de Kicillof destacaron el resultado del encuentro en Retiro. \u201c<strong>Iniciamos una din\u00e1mica de trabajo y eso es altamente positivo<\/strong>. Adem\u00e1s, que tenga esta l\u00f3gica de verse las caras. Porque la pol\u00edtica se hace cara a cara\u201d, resaltaron cerca de Cristina Kirchner. \u201cPoder concretar una reuni\u00f3n por un tema puntual, coincidir en el diagn\u00f3stico y tambi\u00e9n en los pasos a seguir es un avance importante.&nbsp;<strong>Por supuesto, quedan muchos otros asuntos por discutir<\/strong>\u201d, resumieron en la gobernaci\u00f3n.<\/p>\n\n\n\n<p class=\"wp-block-paragraph\">Fue, en definitiva, un primer paso. El peronismo todav\u00eda no resolvi\u00f3 la discusi\u00f3n por las candidaturas ni mucho menos las disputas por la conducci\u00f3n del espacio. Sin embargo, consigui\u00f3 algo que hasta hace poco tiempo parec\u00eda lejano: establecer las bases y condiciones para librar la batalla sin romper el frente interno.<\/p>\n","protected":false},"excerpt":{"rendered":"<p>Cu\u00e1les son las bases y condiciones de la unidad peronista En la cumbre de Retiro, delinearon la hoja de ruta hacia el 2027. Los amplios l\u00edmites de la coalici\u00f3n para enfrentar a Milei y la defensa de las PASO para dirimir las internas. El mensaje a los gobernadores, el debate por los desdoblamientos y la [&hellip;]<\/p>\n","protected":false},"author":3,"featured_media":3107,"comment_status":"closed","ping_status":"closed","sticky":false,"template":"","format":"standard","meta":{"sync_status":"","episode_type":"","audio_file":"","castos_file_data":"","podmotor_file_id":"","cover_image":"","cover_image_id":"","duration":"","filesize":"","filesize_raw":"","date_recorded":"","explicit":"","block":"","footnotes":""},"categories":[24],"tags":[],"class_list":["post-3106","post","type-post","status-publish","format-standard","has-post-thumbnail","hentry","category-politica"],"_links":{"self":[{"href":"https:\/\/fmmural91.uno\/2024\/wp-json\/wp\/v2\/posts\/3106","targetHints":{"allow":["GET"]}}],"collection":[{"href":"https:\/\/fmmural91.uno\/2024\/wp-json\/wp\/v2\/posts"}],"about":[{"href":"https:\/\/fmmural91.uno\/2024\/wp-json\/wp\/v2\/types\/post"}],"author":[{"embeddable":true,"href":"https:\/\/fmmural91.uno\/2024\/wp-json\/wp\/v2\/users\/3"}],"replies":[{"embeddable":true,"href":"https:\/\/fmmural91.uno\/2024\/wp-json\/wp\/v2\/comments?post=3106"}],"version-history":[{"count":1,"href":"https:\/\/fmmural91.uno\/2024\/wp-json\/wp\/v2\/posts\/3106\/revisions"}],"predecessor-version":[{"id":3108,"href":"https:\/\/fmmural91.uno\/2024\/wp-json\/wp\/v2\/posts\/3106\/revisions\/3108"}],"wp:featuredmedia":[{"embeddable":true,"href":"https:\/\/fmmural91.uno\/2024\/wp-json\/wp\/v2\/media\/3107"}],"wp:attachment":[{"href":"https:\/\/fmmural91.uno\/2024\/wp-json\/wp\/v2\/media?parent=3106"}],"wp:term":[{"taxonomy":"category","embeddable":true,"href":"https:\/\/fmmural91.uno\/2024\/wp-json\/wp\/v2\/categories?post=3106"},{"taxonomy":"post_tag","embeddable":true,"href":"https:\/\/fmmural91.uno\/2024\/wp-json\/wp\/v2\/tags?post=3106"}],"curies":[{"name":"wp","href":"https:\/\/api.w.org\/{rel}","templated":true}]}}