{"id":3109,"date":"2026-08-14T09:00:55","date_gmt":"2026-08-14T12:00:55","guid":{"rendered":"https:\/\/fmmural91.uno\/2024\/?p=3109"},"modified":"2026-08-14T09:00:56","modified_gmt":"2026-08-14T12:00:56","slug":"la-inflacion-volvio-a-traspasar-el-2-en-julio-y-la-inercia-complica-a-milei","status":"publish","type":"post","link":"https:\/\/fmmural91.uno\/2024\/la-inflacion-volvio-a-traspasar-el-2-en-julio-y-la-inercia-complica-a-milei\/","title":{"rendered":"La inflaci\u00f3n volvi\u00f3 a traspasar el 2% en julio y la inercia complica a Milei"},"content":{"rendered":"\n<p class=\"wp-block-paragraph\">Subi\u00f3 el mes pasado luego de un trimestre a la baja, mientras los n\u00fameros finos anticipan que es dif\u00edcil una marcada desaceleraci\u00f3n en el corto plazo.<\/p>\n\n\n\n<p class=\"wp-block-paragraph\"><a href=\"https:\/\/www.eldestapeweb.com\/perfil\/javier-slucki\">Por\u00a0Javier Slucki<\/a>   &#8211;   Fuente: <a href=\"https:\/\/www.eldestapeweb.com\/\">https:\/\/www.eldestapeweb.com\/<\/a>  14 de agosto: 2026.<\/p>\n\n\n\n<p class=\"wp-block-paragraph\"><a href=\"https:\/\/www.eldestapeweb.com\/economia\/inflacion-julio-volvio-ubicarse-encima-2-no-logra-romper-ese-piso-2026813161618\"><strong>La inflaci\u00f3n volvi\u00f3 a subir luego de tres meses<\/strong><\/a>\u00a0para traspasar el l\u00edmite del 2% en julio pasado, evidenciando la\u00a0<strong>persistencia de una inercia en la suba de precios<\/strong>\u00a0que complica los planes de\u00a0<strong>Javier Milei<\/strong>.<\/p>\n\n\n\n<p class=\"wp-block-paragraph\">Confirmando el pron\u00f3stico de la mayor\u00eda de las consultoras, el\u00a0<strong>Indec<\/strong>\u00a0mostr\u00f3\u00a0este jueves\u00a0que\u00a0<strong>la inflaci\u00f3n del s\u00e9ptimo mes del a\u00f1o fue del 2,1%<\/strong>. De este modo, volvi\u00f3 al nivel de mayo pasado y\u00a0<strong>cort\u00f3 con una racha de un trimestre (abril-junio) en desaceleraci\u00f3n<\/strong>, que a su vez hab\u00eda llegado tras diez meses al alza.<\/p>\n\n\n\n<p class=\"wp-block-paragraph\">Tambi\u00e9n&nbsp;<strong>volvi\u00f3 a crecer la inflaci\u00f3n interanual, que alcanz\u00f3 el 33,8%<\/strong>, tres d\u00e9cimas m\u00e1s que la registrada en junio. En lo que va del a\u00f1o, la suba de precios alcanza un 19,3%, un dato que complica el discurso del Gobierno sobre la baja inflacionaria, ya que en los primeros siete meses de 2025 la acumulada hab\u00eda sido del 17,3%, dos puntos menos.<\/p>\n\n\n\n<p class=\"wp-block-paragraph\">\u200b\u200b\u200b\u200b\u200b\u200bLa buena noticia para Milei es que&nbsp;<strong>el componente de mayor suba fue, por lejos, el de bienes estacionales<\/strong>, que creci\u00f3&nbsp;un 4,5% por fuertes alzas en las verduras y, especialmente, en los rubros vinculados a las&nbsp;<strong>vacaciones de invierno<\/strong>. De hecho, los dos&nbsp;de mayor suba fueron \u00abRecreaci\u00f3n y cultura\u00bb (5%) y \u00abRestaurantes y hoteles\u00bb (2,8%).<\/p>\n\n\n\n<p class=\"wp-block-paragraph\">Por esto y por el impacto del medio aguinaldo,&nbsp;<strong>julio suele ser un mes de aumento inflacionario<\/strong>. Al que, encima, este a\u00f1o se le sum\u00f3 la&nbsp;<strong>suba de un 6,4% en el d\u00f3lar<\/strong>, que puede haber influido en cierto traslado a precios, alert\u00f3 el&nbsp;<strong>CEPA<\/strong>. As\u00ed, es probable que la suba de precios vuelva a desacelerar en agosto, tal como esperan las consultoras.&nbsp;<\/p>\n\n\n\n<p class=\"wp-block-paragraph\">En este sentido, el Gobierno respira aliviado por el hecho de que&nbsp;<strong>la inflaci\u00f3n nacional fue bastante menor que la de CABA<\/strong>, que con un&nbsp;<strong>2,9%<\/strong>&nbsp;hab\u00eda generado alarma la semana pasada. Ello se debi\u00f3, sobre todo, a que el componente estacional del turismo fue m\u00e1s bajo a nivel pa\u00eds que en la Ciudad, explic\u00f3 la consultora&nbsp;<strong>LCG<\/strong>.<\/p>\n\n\n\n<h2 class=\"wp-block-heading\">Milei sigue sufriendo la inercia inflacionaria<\/h2>\n\n\n\n<p class=\"wp-block-paragraph\">\u200b\u200b\u200b\u200b\u200b\u200bSin embargo, el problema para<strong>&nbsp;Javier Milei<\/strong>&nbsp;respecto al&nbsp;<strong>IPC<\/strong>&nbsp;no es tanto el techo&nbsp;sino el piso, ya que&nbsp;<strong>la inercia inflacionaria indica que dif\u00edcilmente la cifra se acerque al 1% en los pr\u00f3ximos meses.<\/strong><\/p>\n\n\n\n<p class=\"wp-block-paragraph\">\u200b\u200b\u200b\u200b\u200b\u200bEsto se ve en que la&nbsp;<strong>inflaci\u00f3n n\u00facleo<\/strong>&nbsp;(que excluye a los precios estacionales y los regulados)&nbsp;<strong>fue del 1,8% en julio<\/strong>. Aunque es m\u00e1s baja que la general, la cifra implica&nbsp;<strong>una suba de dos d\u00e9cimas&nbsp;<\/strong>frente al 1,6% que la n\u00facleo hab\u00eda presentado en junio. B\u00e1sicamente, esto quiere decir que&nbsp;<strong>empresas y comercios siguen remarcando por defecto ante la expectativa de una suba general en los costos<\/strong>.<\/p>\n\n\n\n<p class=\"wp-block-paragraph\">\u200b\u200b\u200b\u200b\u200b\u200bPor supuesto, esto quiere decir que&nbsp;<strong>es virtualmente imposible que el IPC de agosto comience con un cero adelante<\/strong>, tal como hab\u00eda ponosticado el Presidente en diciembre pasado. Para el mes corriente, las consultoras y bancos esperan un 1,8%, seg\u00fan el promedio del REM recopilado por el Banco Central.<\/p>\n\n\n\n<p class=\"wp-block-paragraph\">\u200b\u200b\u200b\u200b\u200b\u200b\u200b\u200b\u200b\u200b\u200b\u200b\u00bbCon todo, esperamos que la inflaci\u00f3n se estabilice apenas por debajo de la zona del 2% mensual. Los aumentos postergados en regulados (b\u00e1sicamente combustibles y tarifas) sostendr\u00e1n la presi\u00f3n y parece dif\u00edcil esperar una convergencia muy marcada a la baja\u00bb, advirti\u00f3&nbsp;<strong>LCG&nbsp;<\/strong>al respecto.<\/p>\n\n\n\n<p class=\"wp-block-paragraph\">\u200b\u200b\u200b\u200b\u200b\u200bPara peor, hay dos rubros clave con aumentos importantes. Por un lado, el de&nbsp;<strong>\u00abAlimentos y bebidas\u00bb<\/strong>, que subi\u00f3 un 2%, menos que la inflaci\u00f3n general pero siete d\u00e9cimas por encima de su marca de 1,3% el mes previo. Por el otro, el de&nbsp;<strong>\u00abVivienda\u00bb<\/strong>, que incluye los servicios de luz, gas y agua y aument\u00f3 un 2,2%, m\u00e1s que el IPC total.<\/p>\n\n\n\n<p class=\"wp-block-paragraph\">\u200b\u200b\u200b\u200b\u200b\u200bEste \u00faltimo explica, en buena medida, que la categor\u00eda de&nbsp;<strong>los precios regulados hayan aumentado un 2,1%<\/strong>. Es decir, sin contribuir a una desaceleraci\u00f3n debido a la voluntad del Gobierno de indexar tarifas o subirlas por sobre la inflaci\u00f3n para \u00absincerar\u00bb precios.<\/p>\n\n\n\n<p class=\"wp-block-paragraph\">\u200b\u200b\u200b\u200b\u200b\u200bUn \u00faltimo dato incomoda a Milei y Caputo. De haberse avanzado en febrero pasado con la&nbsp;<strong>aplicaci\u00f3n del nuevo IPC<\/strong>&nbsp;basado en la canasta de la ENGHo 2017\/2018,&nbsp;<strong>la inflaci\u00f3n de julio hubiera sido de 2,5%<\/strong>, cuatro d\u00e9cimas mayor.<\/p>\n\n\n\n<ul class=\"wp-block-list\">\n<li><a href=\"https:\/\/www.eldestapeweb.com\/tag\/indec\">Indec<\/a><\/li>\n\n\n\n<li><a href=\"https:\/\/www.eldestapeweb.com\/tag\/inflacion\">Inflaci\u00f3n<\/a><\/li>\n\n\n\n<li><a href=\"https:\/\/www.eldestapeweb.com\/tag\/ipc\">IPC<\/a><\/li>\n\n\n\n<li><a href=\"https:\/\/www.eldestapeweb.com\/tag\/precios\">Precios<\/a><\/li>\n\n\n\n<li><a href=\"https:\/\/www.eldestapeweb.com\/tag\/originales\">Originales<\/a><\/li>\n\n\n\n<li><a href=\"https:\/\/www.eldestapeweb.com\/tag\/javier-milei-presidente\">Javier Milei presidente<\/a><\/li>\n<\/ul>\n","protected":false},"excerpt":{"rendered":"<p>Subi\u00f3 el mes pasado luego de un trimestre a la baja, mientras los n\u00fameros finos anticipan que es dif\u00edcil una marcada desaceleraci\u00f3n en el corto plazo. Por\u00a0Javier Slucki &#8211; Fuente: https:\/\/www.eldestapeweb.com\/ 14 de agosto: 2026. La inflaci\u00f3n volvi\u00f3 a subir luego de tres meses\u00a0para traspasar el l\u00edmite del 2% en julio pasado, evidenciando la\u00a0persistencia de [&hellip;]<\/p>\n","protected":false},"author":3,"featured_media":3110,"comment_status":"closed","ping_status":"closed","sticky":false,"template":"","format":"standard","meta":{"sync_status":"","episode_type":"","audio_file":"","castos_file_data":"","podmotor_file_id":"","cover_image":"","cover_image_id":"","duration":"","filesize":"","filesize_raw":"","date_recorded":"","explicit":"","block":"","footnotes":""},"categories":[21],"tags":[],"class_list":["post-3109","post","type-post","status-publish","format-standard","has-post-thumbnail","hentry","category-economia"],"_links":{"self":[{"href":"https:\/\/fmmural91.uno\/2024\/wp-json\/wp\/v2\/posts\/3109","targetHints":{"allow":["GET"]}}],"collection":[{"href":"https:\/\/fmmural91.uno\/2024\/wp-json\/wp\/v2\/posts"}],"about":[{"href":"https:\/\/fmmural91.uno\/2024\/wp-json\/wp\/v2\/types\/post"}],"author":[{"embeddable":true,"href":"https:\/\/fmmural91.uno\/2024\/wp-json\/wp\/v2\/users\/3"}],"replies":[{"embeddable":true,"href":"https:\/\/fmmural91.uno\/2024\/wp-json\/wp\/v2\/comments?post=3109"}],"version-history":[{"count":1,"href":"https:\/\/fmmural91.uno\/2024\/wp-json\/wp\/v2\/posts\/3109\/revisions"}],"predecessor-version":[{"id":3111,"href":"https:\/\/fmmural91.uno\/2024\/wp-json\/wp\/v2\/posts\/3109\/revisions\/3111"}],"wp:featuredmedia":[{"embeddable":true,"href":"https:\/\/fmmural91.uno\/2024\/wp-json\/wp\/v2\/media\/3110"}],"wp:attachment":[{"href":"https:\/\/fmmural91.uno\/2024\/wp-json\/wp\/v2\/media?parent=3109"}],"wp:term":[{"taxonomy":"category","embeddable":true,"href":"https:\/\/fmmural91.uno\/2024\/wp-json\/wp\/v2\/categories?post=3109"},{"taxonomy":"post_tag","embeddable":true,"href":"https:\/\/fmmural91.uno\/2024\/wp-json\/wp\/v2\/tags?post=3109"}],"curies":[{"name":"wp","href":"https:\/\/api.w.org\/{rel}","templated":true}]}}