{"id":3112,"date":"2026-08-14T09:13:24","date_gmt":"2026-08-14T12:13:24","guid":{"rendered":"https:\/\/fmmural91.uno\/2024\/?p=3112"},"modified":"2026-08-14T09:13:25","modified_gmt":"2026-08-14T12:13:25","slug":"colombia-a-72-horas-del-terremoto-pasa-la-ventana-dorada-para-los-rescates","status":"publish","type":"post","link":"https:\/\/fmmural91.uno\/2024\/colombia-a-72-horas-del-terremoto-pasa-la-ventana-dorada-para-los-rescates\/","title":{"rendered":"Colombia: a 72 horas del terremoto, pasa la \u00abventana dorada\u00bb para los rescates"},"content":{"rendered":"\n<p class=\"wp-block-paragraph\">El gobierno colombiano inform\u00f3 que ya murieron 273 personas por el terremoto, mientras que hay m\u00e1s de 3.800 heridos. Adem\u00e1s, 377 personas est\u00e1n desaparecidas.\u00a0<\/p>\n\n\n\n<p class=\"wp-block-paragraph\">Fuente: <a href=\"https:\/\/www.eldestapeweb.com\/\">https:\/\/www.eldestapeweb.com\/<\/a>   &#8211;   14 de agosto, 2026.<\/p>\n\n\n\n<p class=\"wp-block-paragraph\">Mientras la cifra oficial de personas fallecidas por el terremoto registrado el lunes en&nbsp;<a target=\"_blank\" href=\"https:\/\/www.eldestapeweb.com\/internacionales\/colombia---sheinbaum-aclara-que-colombia-ha-denegado-el-despliegue-de-rescatistas-mexicanos-para-ayudar-tras-el-seismo-2026813123946\" rel=\"noreferrer noopener\"><strong>Colombia<\/strong><\/a>&nbsp;ya se elev\u00f3 a 273,&nbsp;<strong>las labores de b\u00fasqueda y rescate siguen sin parar cuando este jueves&nbsp;se cumplen 72 horas<\/strong>&nbsp;para hallar personas vivas bajo los escombros de viviendas derrumbadas<\/p>\n\n\n\n<p class=\"wp-block-paragraph\">El&nbsp;<strong>per\u00edodo de 48 a 72 horas&nbsp;<\/strong>es considerado hist\u00f3ricamente como<strong>&nbsp;la \u00abventana dorada\u00bb<\/strong>&nbsp;o el lapso con m\u00e1s probabilidades para encontrar sobrevivientes. Despu\u00e9s de ese per\u00edodo,&nbsp;<strong>las probabilidades de supervivencia sin una fuente de agua disminuyen<\/strong>. Sin embargo, algunos estudios indican que muchos rescates de supervivientes a\u00fan pueden tener lugar durante los primeros cinco o seis d\u00edas posteriores a un siniestro.<\/p>\n\n\n\n<p class=\"wp-block-paragraph\">El ejemplo m\u00e1s cercano de esto es el caso del&nbsp;<strong>venezolano Hern\u00e1n Gil, quien en julio fue rescatado tras permanecer sepultado bajo los escombros m\u00e1s de siete d\u00edas despu\u00e9s del doble terremoto que azot\u00f3 Venezuela<\/strong>. La supervivencia de Gil fue posible gracias a que los rescatistas, luego de localizarlo con vida, pudieron llegar hasta su ubicaci\u00f3n y suministrarle l\u00edquidos mediante una manguera y una jeringa mientras avanzaban con su rescate.<\/p>\n\n\n\n<p class=\"wp-block-paragraph\">En tanto, la cifra de personas fallecidas por el fuerte sismo que el lunes se registr\u00f3 en&nbsp;<strong>Colombia subi\u00f3 a 273<\/strong>, inform\u00f3 este jueves&nbsp;<strong>David Santiago Tamayo, director de la Unidad Nacional para la Gesti\u00f3n del Riesgo de Desastres (UNGRD)<\/strong>, en conferencia de prensa. El n\u00famero de heridos lleg\u00f3 a 3.824, mientras que las personas desaparecidas contabilizadas son 377, de acuerdo con la cifra oficial de la Fiscal\u00eda General de Colombia, dijo el funcionario.<\/p>\n\n\n\n<p class=\"wp-block-paragraph\">Hasta el momento, en Colombia son 40.773 familias afectadas y 97.515 personas tras el sismo de magnitud 7,4 ocurrido en&nbsp;<strong>San Jos\u00e9 del Palmar, Choc\u00f3, a unos 240 kil\u00f3metros al oeste de Bogot\u00e1<\/strong>. En cuanto a los da\u00f1os materiales, el director de la&nbsp;<strong>UNGRD&nbsp;<\/strong>dijo que hay&nbsp;<strong>12.584 viviendas destruidas, otras 74.873 averiadas, 172 edificios colapsados, 2.198 centros educativos afectados, al igual que m\u00e1s de 800 centros comunitarios y 216 centros de salud.<\/strong><\/p>\n\n\n\n<figure class=\"wp-block-image size-full\"><a href=\"https:\/\/fmmural91.uno\/2024\/wp-content\/uploads\/2026\/08\/Captura-de-pantalla-2026-08-14-090938.png\"><img fetchpriority=\"high\" decoding=\"async\" width=\"827\" height=\"480\" src=\"https:\/\/fmmural91.uno\/2024\/wp-content\/uploads\/2026\/08\/Captura-de-pantalla-2026-08-14-090938.png\" alt=\"\" class=\"wp-image-3113\" srcset=\"https:\/\/fmmural91.uno\/2024\/wp-content\/uploads\/2026\/08\/Captura-de-pantalla-2026-08-14-090938.png 827w, https:\/\/fmmural91.uno\/2024\/wp-content\/uploads\/2026\/08\/Captura-de-pantalla-2026-08-14-090938-559x324.png 559w, https:\/\/fmmural91.uno\/2024\/wp-content\/uploads\/2026\/08\/Captura-de-pantalla-2026-08-14-090938-768x446.png 768w\" sizes=\"(max-width: 827px) 100vw, 827px\" \/><\/a><\/figure>\n\n\n\n<h2 class=\"wp-block-heading\">El Gobierno mantiene el monitoreo del volc\u00e1n Purac\u00e9 en alerta naranja<\/h2>\n\n\n\n<p class=\"wp-block-paragraph\">Aunque el terremoto constituye la prioridad nacional,&nbsp;<strong>Tamayo precis\u00f3 que la UNGRD<\/strong>&nbsp;mantiene la atenci\u00f3n sobre otras situaciones cr\u00edticas que permanecen activas en el territorio. La entidad trabaja de manera simult\u00e1nea frente al sismo, la actividad volc\u00e1nica y los incendios forestales.<\/p>\n\n\n\n<p class=\"wp-block-paragraph\">En el caso del volc\u00e1n&nbsp;<strong>Purac\u00e9<\/strong>, que contin\u00faa en alerta naranja, una<strong>&nbsp;comisi\u00f3n t\u00e9cnica de la UNGRD permanece en la zona desde el pasado fin de semana para evaluar su actividad<\/strong>. \u00abEsta operaci\u00f3n va para largo\u00bb, explic\u00f3 el&nbsp;director adjunto para las Am\u00e9ricas de la Cruz Roja,&nbsp;Cristian Torres.<\/p>\n\n\n\n<ul class=\"wp-block-list\">\n<li><a href=\"https:\/\/www.eldestapeweb.com\/tag\/colombia\">Colombia<\/a><\/li>\n\n\n\n<li><a href=\"https:\/\/www.eldestapeweb.com\/tag\/terremoto\">Terremoto<\/a><\/li>\n\n\n\n<li><a href=\"https:\/\/www.eldestapeweb.com\/tag\/rescates\">RESCATES<\/a><\/li>\n<\/ul>\n","protected":false},"excerpt":{"rendered":"<p>El gobierno colombiano inform\u00f3 que ya murieron 273 personas por el terremoto, mientras que hay m\u00e1s de 3.800 heridos. Adem\u00e1s, 377 personas est\u00e1n desaparecidas.\u00a0 Fuente: https:\/\/www.eldestapeweb.com\/ &#8211; 14 de agosto, 2026. Mientras la cifra oficial de personas fallecidas por el terremoto registrado el lunes en&nbsp;Colombia&nbsp;ya se elev\u00f3 a 273,&nbsp;las labores de b\u00fasqueda y rescate siguen [&hellip;]<\/p>\n","protected":false},"author":3,"featured_media":3114,"comment_status":"closed","ping_status":"closed","sticky":false,"template":"","format":"standard","meta":{"sync_status":"","episode_type":"","audio_file":"","castos_file_data":"","podmotor_file_id":"","cover_image":"","cover_image_id":"","duration":"","filesize":"","filesize_raw":"","date_recorded":"","explicit":"","block":"","footnotes":""},"categories":[19],"tags":[],"class_list":["post-3112","post","type-post","status-publish","format-standard","has-post-thumbnail","hentry","category-internacionales"],"_links":{"self":[{"href":"https:\/\/fmmural91.uno\/2024\/wp-json\/wp\/v2\/posts\/3112","targetHints":{"allow":["GET"]}}],"collection":[{"href":"https:\/\/fmmural91.uno\/2024\/wp-json\/wp\/v2\/posts"}],"about":[{"href":"https:\/\/fmmural91.uno\/2024\/wp-json\/wp\/v2\/types\/post"}],"author":[{"embeddable":true,"href":"https:\/\/fmmural91.uno\/2024\/wp-json\/wp\/v2\/users\/3"}],"replies":[{"embeddable":true,"href":"https:\/\/fmmural91.uno\/2024\/wp-json\/wp\/v2\/comments?post=3112"}],"version-history":[{"count":1,"href":"https:\/\/fmmural91.uno\/2024\/wp-json\/wp\/v2\/posts\/3112\/revisions"}],"predecessor-version":[{"id":3115,"href":"https:\/\/fmmural91.uno\/2024\/wp-json\/wp\/v2\/posts\/3112\/revisions\/3115"}],"wp:featuredmedia":[{"embeddable":true,"href":"https:\/\/fmmural91.uno\/2024\/wp-json\/wp\/v2\/media\/3114"}],"wp:attachment":[{"href":"https:\/\/fmmural91.uno\/2024\/wp-json\/wp\/v2\/media?parent=3112"}],"wp:term":[{"taxonomy":"category","embeddable":true,"href":"https:\/\/fmmural91.uno\/2024\/wp-json\/wp\/v2\/categories?post=3112"},{"taxonomy":"post_tag","embeddable":true,"href":"https:\/\/fmmural91.uno\/2024\/wp-json\/wp\/v2\/tags?post=3112"}],"curies":[{"name":"wp","href":"https:\/\/api.w.org\/{rel}","templated":true}]}}