{"id":3130,"date":"2026-08-16T10:46:38","date_gmt":"2026-08-16T13:46:38","guid":{"rendered":"https:\/\/fmmural91.uno\/2024\/?p=3130"},"modified":"2026-08-16T10:46:39","modified_gmt":"2026-08-16T13:46:39","slug":"homenaje-por-los-50-anos-de-la-nieta-chicha-mariani","status":"publish","type":"post","link":"https:\/\/fmmural91.uno\/2024\/homenaje-por-los-50-anos-de-la-nieta-chicha-mariani\/","title":{"rendered":"Homenaje por los 50 a\u00f1os de la nieta Chicha Mariani"},"content":{"rendered":"\n<h1 class=\"wp-block-heading\">Un acto por el cumplea\u00f1os de Clara Anah\u00ed Mariani y para reafirmar la \u201cb\u00fasqueda incansable\u201d<\/h1>\n\n\n\n<p class=\"wp-block-paragraph\">Cientos de personas se reunieron en la casa en la que fue secuestrada la beb\u00e9 de tres meses y reafirmaron el compromiso con la memoria, la verdad y la justicia.<\/p>\n\n\n\n<p class=\"wp-block-paragraph\">Informe:  <em>\u00a0Thiago Buglione<\/em>                    fuente:<a href=\"https:\/\/www.pagina12.com.ar\/\">https:\/\/www.pagina12.com.ar\/<\/a>        16  de agosto, 2026<\/p>\n\n\n\n<p class=\"wp-block-paragraph\"><strong>Aunque ella a\u00fan no lo sepa, cientos de platenses se congregaron para conmemorar su cumplea\u00f1os n\u00famero 50<\/strong>. A Clara Anah\u00ed Mariani la piensan cada a\u00f1o, cada d\u00eda. La reuni\u00f3n fue en la misma casa en la que ella fue secuestrada y en la que asesinaron a su madre, Diana Teruggi. Medio siglo despu\u00e9s, referentes de la lucha de derechos humanos, exdetenidos desaparecidos, j\u00f3venes estudiantes, artistas y vecinos del barrio dijeron presente en la propiedad que hoy funciona como el Sitio de Memoria de la Asociaci\u00f3n Anah\u00ed y que todav\u00eda conserva los escalofriantes vestigios de aquel fat\u00eddico 24 de noviembre de 1976. Se hizo una charla abierta de la que participaron el juez Alejo Ramos Padilla y la Abuela de Plaza de Mayo Elsa Pav\u00f3n, junto a su nieta Paula Logares. Durante toda la jornada, el legado y la b\u00fasqueda de Chicha Mariani, abuela de Clara Anah\u00ed, fue recordado incansablemente por todos los presentes.<\/p>\n\n\n\n<p class=\"wp-block-paragraph\">Durante los a\u00f1os 70 y hasta el d\u00eda de la masacre, Diana Esmeralda Teruggi y su pareja Daniel Enrique Mariani vivieron en una casa en la calle 30 entre 55 y 56 de la capital bonaerense, La Plata. All\u00ed funcionaba la imprenta de la revista&nbsp;<em>Evita Montonera<\/em>, la cual camuflaban bajo la fachada de un criadero de conejos, de ah\u00ed el nombre con el que fue conocida posteriormente.<\/p>\n\n\n\n<figure class=\"wp-block-image\"><img decoding=\"async\" src=\"https:\/\/www.pagina12.com.ar\/resizer\/v2\/FAGGIHGKHJBJXLTLUBLHIKBGPE.JPG?quality=75&amp;auth=2a7b5756ea8b0af39285a139ea8b3209e68eba46be13747ce208386db4a56d65&amp;width=8075\" alt=\"50 a\u00f1os de Clara Anah\u00ed Mariani\"\/><figcaption class=\"wp-element-caption\"><strong>50 a\u00f1os de Clara Anah\u00ed Mariani&nbsp;<\/strong>15-8-2026 La Plata. Cumplea\u00f1os 50 de Clara Anah\u00ed , en ausencia. En las fotos hablan, Elsa Pav\u00f3n, Abuela de Plaza de Mayo,el juez Alejo Ramos Padilla y Paula Logares, nieta de Elsa , primera nieta recuperada. Foto Enrique Garcia Medina&nbsp;ENRIQUE GARCIA MEDINA<\/figcaption><\/figure>\n\n\n\n<p class=\"wp-block-paragraph\">Hoy, la \u201ccasa de los conejos\u201d permanece en pie, a pesar de los numerosos tiros que impactaron en las paredes, incluso un boquete gigante producto de un ataque con armamento militar pesado, que atraves\u00f3 dos cuartos contiguos, cuando una patota de fuerzas conjuntas invadi\u00f3 la casa y asesin\u00f3 a Diana Teruggi y a cuatro personas m\u00e1s, siendo la peque\u00f1a Clara Anah\u00ed la \u00fanica sobreviviente, con apenas 104 d\u00edas de vida. Ese fue el \u00faltimo d\u00eda que se supo algo de ella.<\/p>\n\n\n\n<p class=\"wp-block-paragraph\">Durante el nublado s\u00e1bado platense, la cuadra fue cortada y copada por los vecinos e invitados que se acercaron a seguir dici\u00e9ndole a Clara Anah\u00ed que la seguir\u00e1n buscando&nbsp;<strong>\u201chasta encontrarte\u201d;<\/strong>&nbsp;as\u00ed lo sentenci\u00f3 una de las pintadas en la calle, a los pies de quienes compartieron la mesa de di\u00e1logo abierto. El escenario fue completado con juegos interactivos para los ni\u00f1os que asistieron en gran cantidad, mariposas de papel colgadas en los postes, intervenciones gr\u00e1ficas tambi\u00e9n en las alturas con la consigna \u201ccumplea\u00f1os 50 de Clara Anah\u00ed\u201d y una suelta de globos final.<\/p>\n\n\n\n<p class=\"wp-block-paragraph\">El acto lo dio por inaugurado Amelia, una joven de 14 a\u00f1os que integra el centro de estudiantes del Liceo V\u00edctor Mercante de La Plata, al cual decidieron ponerle el nombre de Diana Teruggi, que fue alumna de la instituci\u00f3n. \u201cAnah\u00ed, el mi\u00e9rcoles pasado, 12 de agosto, fue tu cumplea\u00f1os. Vos llev\u00e1s otro nombre y, probablemente, no sepas qui\u00e9n fue tu pap\u00e1 ni qui\u00e9n fue tu mam\u00e1. Tampoco cu\u00e1l fue su historia. Te contamos que nuestras historias est\u00e1n entrelazadas. Chicha, tu abuela, fue profesora y jefa de departamento del Departamento de Artes\u201d, comenz\u00f3 la joven para cerrar recordando que \u201cnos reunimos todes en un nuevo aniversario para que sepas que te seguimos buscando incansablemente\u201d.<\/p>\n\n\n\n<p class=\"wp-block-paragraph\">Acto seguido, se escuch\u00f3 a Elsa Pav\u00f3n, \u00edntima amiga y compa\u00f1era de lucha de Mar\u00eda Isabel Chorobik de Mariani \u2014aunque nadie en toda la tarde la llam\u00f3 as\u00ed, sino Chicha\u2014. \u201cNo es l\u00f3gico que hable yo de ella\u201d, advirti\u00f3 Elsa, siempre acompa\u00f1ada de Paula, la primera nieta recuperada por Abuelas.&nbsp;<strong>\u201cPorque para m\u00ed Chicha era, no s\u00e9 si hermana, mi madre o mi amiga, no lo s\u00e9. Para m\u00ed fue todo, sobre todas las cosas, mi gu\u00eda\u201d,<\/strong>&nbsp;record\u00f3 y resalt\u00f3 su vocaci\u00f3n: \u201cla docencia circulaba por su sangre y sal\u00eda por sus ojos\u201d.<\/p>\n\n\n\n<p class=\"wp-block-paragraph\">El juez Ramos Padilla, quien supo ser abogado de Chicha en la Asociaci\u00f3n Anah\u00ed, cuando ella abandon\u00f3 Abuelas y se centr\u00f3 en la b\u00fasqueda de su nieta, asegur\u00f3 que Chicha \u201cse transforma en abuela el 12 de agosto (cuando naci\u00f3 Clara Anah\u00ed), pero se transforma en Abuela argentina en busca de sus nietitos desaparecidos ese 24 de noviembre, cuando se produce este ataque y secuestran a su nieta\u201d.<\/p>\n\n\n\n<p class=\"wp-block-paragraph\">En esa l\u00ednea, remarc\u00f3 la incansable labor de Chicha en la lucha por los cientos de nietos restituidos. \u201cNo hab\u00eda mecanismos ni leyes en el mundo que preservaran el derecho a la identidad.<strong>&nbsp;Ella decide recorrer el mundo, hablar con Mary-Claire King, con los m\u00e9dicos para el avance de la ciencia, que les pide que generen un \u00edndice de abuelidad, el HLA,<\/strong>&nbsp;para poder encontrar a sus nietos. Crean el Banco Nacional de Datos Gen\u00e9ticos y lo transforman en una instituci\u00f3n mundialmente reconocida\u201d, valor\u00f3&nbsp;<strong>Ramos Padilla.<\/strong><\/p>\n\n\n\n<p class=\"wp-block-paragraph\">Paula Logares, por su parte, record\u00f3 aquellas tardes en las que acompa\u00f1aba a su abuela Elsa a la casa de su amiga en City Bell y jugaba con los \u201cchiches\u201d que la due\u00f1a de casa le tra\u00eda de sus viajes por el mundo en representaci\u00f3n de Abuelas. Adem\u00e1s, revel\u00f3 que la viajera tambi\u00e9n compraba una mu\u00f1eca en cada lugar que visitaba, con el objetivo de regal\u00e1rselas a Clara Anah\u00ed el d\u00eda que la encontrara. \u201cChicha ten\u00eda esta manera de darle amor a su nieta. Y era algo que desde chica me pas\u00f3, esto de pensar \u2018qu\u00e9 bueno ser\u00eda para Clara Anah\u00ed saber qui\u00e9n es su abuela, encontrarse con ella\u2019. Una mujer enorme, hermosa, con mucho cari\u00f1o para dar, con mucha entereza, muy dulce\u201d, cont\u00f3 Paula.<\/p>\n\n\n\n<p class=\"wp-block-paragraph\">Fue una de esas tardes la que eligi\u00f3 recordar Elsa Pav\u00f3n.&nbsp;<strong>\u201cNuestro sue\u00f1o era estar en su casa, nosotras tomando el t\u00e9 y las chicas (Paula y Clara Anah\u00ed) jugando en el jard\u00edn con las mu\u00f1ecas y todo lo que hab\u00eda tra\u00eddo\u201d,<\/strong>&nbsp;narr\u00f3 la Abuela y provoc\u00f3 la emoci\u00f3n del p\u00fablico. \u201cEn una de las charlas me dice: \u2018Vos sab\u00e9s que yo nunca pens\u00e9 que \u00edbamos a encontrar a Paula, nunca te lo dije porque no quer\u00eda destruirte, pero yo nunca pens\u00e9 que la \u00edbamos a encontrar\u2019\u201d, rememor\u00f3, con Paula siempre firme a su lado.<\/p>\n","protected":false},"excerpt":{"rendered":"<p>Un acto por el cumplea\u00f1os de Clara Anah\u00ed Mariani y para reafirmar la \u201cb\u00fasqueda incansable\u201d Cientos de personas se reunieron en la casa en la que fue secuestrada la beb\u00e9 de tres meses y reafirmaron el compromiso con la memoria, la verdad y la justicia. Informe: \u00a0Thiago Buglione fuente:https:\/\/www.pagina12.com.ar\/ 16 de agosto, 2026 Aunque ella [&hellip;]<\/p>\n","protected":false},"author":3,"featured_media":0,"comment_status":"closed","ping_status":"closed","sticky":false,"template":"","format":"standard","meta":{"sync_status":"","episode_type":"","audio_file":"","castos_file_data":"","podmotor_file_id":"","cover_image":"","cover_image_id":"","duration":"","filesize":"","filesize_raw":"","date_recorded":"","explicit":"","block":"","footnotes":""},"categories":[116],"tags":[],"class_list":["post-3130","post","type-post","status-publish","format-standard","hentry","category-sociedad"],"_links":{"self":[{"href":"https:\/\/fmmural91.uno\/2024\/wp-json\/wp\/v2\/posts\/3130","targetHints":{"allow":["GET"]}}],"collection":[{"href":"https:\/\/fmmural91.uno\/2024\/wp-json\/wp\/v2\/posts"}],"about":[{"href":"https:\/\/fmmural91.uno\/2024\/wp-json\/wp\/v2\/types\/post"}],"author":[{"embeddable":true,"href":"https:\/\/fmmural91.uno\/2024\/wp-json\/wp\/v2\/users\/3"}],"replies":[{"embeddable":true,"href":"https:\/\/fmmural91.uno\/2024\/wp-json\/wp\/v2\/comments?post=3130"}],"version-history":[{"count":1,"href":"https:\/\/fmmural91.uno\/2024\/wp-json\/wp\/v2\/posts\/3130\/revisions"}],"predecessor-version":[{"id":3131,"href":"https:\/\/fmmural91.uno\/2024\/wp-json\/wp\/v2\/posts\/3130\/revisions\/3131"}],"wp:attachment":[{"href":"https:\/\/fmmural91.uno\/2024\/wp-json\/wp\/v2\/media?parent=3130"}],"wp:term":[{"taxonomy":"category","embeddable":true,"href":"https:\/\/fmmural91.uno\/2024\/wp-json\/wp\/v2\/categories?post=3130"},{"taxonomy":"post_tag","embeddable":true,"href":"https:\/\/fmmural91.uno\/2024\/wp-json\/wp\/v2\/tags?post=3130"}],"curies":[{"name":"wp","href":"https:\/\/api.w.org\/{rel}","templated":true}]}}