{"id":3132,"date":"2026-08-18T09:08:46","date_gmt":"2026-08-18T12:08:46","guid":{"rendered":"https:\/\/fmmural91.uno\/2024\/?p=3132"},"modified":"2026-08-18T09:08:47","modified_gmt":"2026-08-18T12:08:47","slug":"el-lobby-mundial-para-prohibir-el-aborto-legal-intenta-avanzar","status":"publish","type":"post","link":"https:\/\/fmmural91.uno\/2024\/el-lobby-mundial-para-prohibir-el-aborto-legal-intenta-avanzar\/","title":{"rendered":"El lobby mundial para prohibir el aborto legal intenta avanzar"},"content":{"rendered":"\n<h1 class=\"wp-block-heading\">Argentina se adhiri\u00f3 a una red global antiderechos<\/h1>\n\n\n\n<p class=\"wp-block-paragraph\">El pa\u00eds se sum\u00f3 a una organizaci\u00f3n internacional antiderechos, mientras en la Legislatura se organizan encuentros con financiamiento externo para torcer consensos sobre la igualdad y derechos sexuales.<\/p>\n\n\n\n<p class=\"wp-block-paragraph\"><a href=\"https:\/\/www.pagina12.com.ar\/autores\/dolores-curia\">Por\u00a0Dolores Curia<\/a>   &#8211;   Fuente: <a href=\"https:\/\/www.pagina12.com.ar\/\">https:\/\/www.pagina12.com.ar\/<\/a>   18 de agosto, 2026.<\/p>\n\n\n\n<p class=\"wp-block-paragraph\">Uno de los principales<em><strong>&nbsp;think tanks<\/strong><\/em>&nbsp;contra los&nbsp;<strong>derechos de las mujeres y la comunidad LGBTI&nbsp;<\/strong>fue recibido con loas por La Libertad Avanza y el PRO. La organizaci\u00f3n internacional Political Network for Values -Red Pol\u00edtica por los Valores (PNFV)- organiz\u00f3 en alianza con funcionarios nacionales y del Gobierno de la Ciudad de Buenos Aires, un encuentro con el objetivo manifiesto de promover la \u201cfamilia tradicional\u201d y rechazar la ESI y el aborto legal.<\/p>\n\n\n\n<p class=\"wp-block-paragraph\">El objetivo a largo plazo es&nbsp;<strong>seguir organizando redes territoriales para eliminar derechos y desmantelar pol\u00edticas p\u00fablicas<\/strong>. Y el objetivo profundo es generar cambios en los consensos, en torno a temas como<strong>&nbsp;igualdad, justicia social y derechos&nbsp;<\/strong>que, en Argentina, a pesar de las acciones y narrativas del libertarismo, subsisten y siguen generando un apoyo bastante expandido, seg\u00fan&nbsp;<strong>encuestas recientes de la sociedad civil.<\/strong><\/p>\n\n\n\n<p class=\"wp-block-paragraph\">En esa l\u00ednea debe leerse la noticia de los \u00faltimos d\u00edas sobre la&nbsp;<strong>adhesi\u00f3n de Argentina a la Declaraci\u00f3n del Consenso de Ginebra<\/strong>, una organizaci\u00f3n internacional antiderechos impulsada por Donald Trump, que busca generar&nbsp;<strong>incidencia en los organismos multilaterales para rechazar la legalizaci\u00f3n del aborto<\/strong>.<\/p>\n\n\n\n<p class=\"wp-block-paragraph\">A principios de esta semana, el canciller&nbsp;<strong>Pablo Quirno&nbsp;<\/strong>y el embajador&nbsp;<strong>Peter Lamelas<\/strong>&nbsp;firmaron el documento mediante el cual Argentina adhiere a esta organizaci\u00f3n. Esto fue&nbsp;<strong>el lunes 10 de agosto.&nbsp;<\/strong>Pero el Gobierno reci\u00e9n public\u00f3 el anuncio tres d\u00edas despu\u00e9s, a partir de que la informaci\u00f3n trascendiera en la&nbsp;<strong>prensa estadounidense.<\/strong><\/p>\n\n\n\n<p class=\"wp-block-paragraph\">En junio,&nbsp;<strong>Estados Unidos<\/strong>&nbsp;pas\u00f3 a ocupar la secretar\u00eda de la Declaraci\u00f3n de Consenso de Ginebra sobre la Promoci\u00f3n de la Salud de la Mujer y el Fortalecimiento de la Familia, funci\u00f3n que hasta entonces estaba en manos de&nbsp;<strong>Hungr\u00eda<\/strong>. Aunque se trata de un instrumento no vinculante y su adhesi\u00f3n no supone que los miembros act\u00faen en bloque en los \u00e1mbitos internacionales.<\/p>\n\n\n\n<p class=\"wp-block-paragraph\">En julio, el think tank ultraconservador Political Network for Values (PNFV) organiz\u00f3 en Buenos Aires una serie de actividades que tuvieron al canciller como uno de sus principales invitados.<\/p>\n\n\n\n<p class=\"wp-block-paragraph\">La jornada, denominada \u201cLibertad para el Futuro: una agenda pol\u00edtica por la natalidad y la protecci\u00f3n de la infancia\u201d, se realiz\u00f3 el 23 de julio con la Legislatura de la Ciudad de Buenos Aires como sede principal y fue organizada por la&nbsp;<strong>PNFV en alianza con organizaciones vinculadas a la denominada \u201cbatalla cultural\u201d libertaria.<\/strong><\/p>\n\n\n\n<p class=\"wp-block-paragraph\">El encuentro del 23 de julio se llam\u00f3<strong>&nbsp;\u201cLibertad para el futuro: una agenda pol\u00edtica por la libertad y la protecci\u00f3n de la infancia\u201d<\/strong>. Y estuvo rodeado de una semana con coloquios y capacitaciones para j\u00f3venes, de la&nbsp;<strong>Fundaci\u00f3n Faro<\/strong>, que dirige Agust\u00edn Laje, en el&nbsp;<strong>C\u00edrculo Militar y<\/strong>&nbsp;la&nbsp;<strong>Facultad de Derecho de la UBA<\/strong>.<\/p>\n\n\n\n<p class=\"wp-block-paragraph\">El encuentro en la Legislatura, orientado a defender lo que sea que se entienda hoy como \u2018familia tradicional\u2019, fue impulsado por los legisladores oficialistas&nbsp;<strong>Nahuel Sotelo<\/strong>, Santiago Santurio, Joaqu\u00edn Ojeda y Nicol\u00e1s Mayoraz. Tambi\u00e9n, funcionarios de Jorge Macri y legisladores provinciales. Estuvieron presentes la exvicepresidenta&nbsp;<strong>Gabriela Michetti<\/strong>&nbsp;y la senadora del PRO,&nbsp;<strong>Carmen \u00c1lvarez Rivero<\/strong>, el ministro de Desarrollo Humano de CABA, el pastor evang\u00e9lico&nbsp;<strong>Gabriel Mraida<\/strong>,<strong>&nbsp;Cinthya Hotton<\/strong>.<\/p>\n\n\n\n<p class=\"wp-block-paragraph\">Political Network for Values (PNFV) es una&nbsp;<strong>plataforma transnacional ultraconservadora<\/strong>&nbsp;creada por Jaime Mayor Oreja, exdiputado del Partido Popular de Espa\u00f1a. Entre 2022 y 2024, la PNFV fue liderada por el presidente de Chile,&nbsp;<strong>Jos\u00e9 Antonio Katz<\/strong>, quien dej\u00f3 su lugar a actual directora,&nbsp;<strong>Lola Velarde<\/strong>, una referente ultraconservadora ligada a Vox.<\/p>\n\n\n\n<p class=\"wp-block-paragraph\">En su origen, una fuente de financiamiento de la PNFV proven\u00eda de&nbsp;<strong>Viktor Orb\u00e1n<\/strong>, ex presidente de Hungr\u00eda. La PNFV ya ten\u00eda muchos contactos con Argentina y en los \u00faltimos a\u00f1os esas conexiones se hicieron m\u00e1s visibles a trav\u00e9s de las acciones de la vicejefa del Gobierno de CABA&nbsp;<strong>Clara Muzzi<\/strong>. Desde la red PNFV dicen que&nbsp;<strong>no buscan incidir pol\u00edticamente hacia el interior de los pa\u00edses<\/strong>, sino que \u201csolo buscan&nbsp;<strong>generar condiciones para que sus valores se vuelvan hegem\u00f3nicos<\/strong>\u201d.<\/p>\n\n\n\n<p class=\"wp-block-paragraph\">En el caso de Argentina, la intervenci\u00f3n de la Red en alianza con LLA y el PRO tiene como principal blanco al aborto:<strong>&nbsp;har\u00e1n todo lo posible para que la IVE deje de ser concebida como un derecho<\/strong>.<\/p>\n\n\n\n<p class=\"wp-block-paragraph\">\u201cEst\u00e1n todos los proyectos, hasta la m\u00e1xima de dar vuelta la ley del aborto\u201d, dijo despu\u00e9s del encuentro<strong>&nbsp;\u00c1lvarez Rivero<\/strong>, senadora cordobesa cercana a Patricia Bullrich. La legisladora asegur\u00f3 que existe una agenda para<strong>&nbsp;modificar pol\u00edticas aprobadas durante las \u00faltimas dos d\u00e9cadas<\/strong>, pero que la derogaci\u00f3n de la ley del aborto no depende solo del Congreso. \u201cPara que esto se d\u00e9, se necesita que la sociedad lo trabaje y lo pida\u201d, se\u00f1al\u00f3.<\/p>\n\n\n\n<p class=\"wp-block-paragraph\">Es decir, se necesitar\u00eda que la calle y la opini\u00f3n p\u00fablica acompa\u00f1en una regresi\u00f3n de este tipo. Lo cual no parece f\u00e1cil. Al menos por ahora, los consensos en torno a<strong>&nbsp;los derechos que los feminismos supieron instalar en Argentina, siguen en pie<\/strong>. De eso dan cuenta encuestas que vienen indagando los alcances y limitaciones de lo que el Gobierno llama&nbsp;<strong>batalla cultural<\/strong>. Por ejemplo Pulsar, el observatorio de opini\u00f3n p\u00fablica de la UBA,&nbsp;<strong>muestra que 7 de cada 10 argentinos siguen apoyando la existencia del matrimonio igualitario.&nbsp;<\/strong>M\u00e1s de siete de cada diez personas consideran que aun&nbsp;<strong>falta trabajar en la igualdad de g\u00e9nero.<\/strong>&nbsp;\u201cEn estos temas, la sociedad argentina se muestra culturalmente progresista y estable\u201d, dice la encuesta.<\/p>\n\n\n\n<p class=\"wp-block-paragraph\">En el estudio&nbsp;<strong>\u201cPuntos de vista sobre g\u00e9nero y derechos sexuales y reproductivos en Argentina\u201d,&nbsp;<\/strong>del Centro de Estudios de Estado y Sociedad (CEDES), se ofrecen datos que desmontan la idea de que la sociedad argentina se volvi\u00f3 masivamente \u201c<strong>antig\u00e9nero<\/strong>\u201d. El<strong>&nbsp;23%<\/strong>&nbsp;cree que la violencia de g\u00e9nero sigue siendo vista como el principal problema de las mujeres. Le siguen los abusos sexuales con otro 23%. Otros problemas son la violencia de g\u00e9nero en la pareja \u201426%\u2014 y los abusos y la violencia sexual con un 31%.<\/p>\n\n\n\n<p class=\"wp-block-paragraph\">El acceso a&nbsp;<strong>anticonceptivos&nbsp;<\/strong>para prevenir embarazos no deseados re\u00fane niveles de acuerdo superiores al<strong>&nbsp;80%<\/strong>. Adem\u00e1s,&nbsp;<strong>casi la mitad de las personas conoce a alguien que abort\u00f3<\/strong>. Cuando se consult\u00f3 cu\u00e1nto dinero deber\u00eda invertir el Estado en asistencia a mujeres v\u00edctimas de violencia de g\u00e9nero,&nbsp;<strong>casi la mitad de la poblaci\u00f3n (49%)&nbsp;<\/strong>respondi\u00f3 que deber\u00eda invertir \u201cmucho\u201d. Estos n\u00fameros indicar\u00edan que sigue habiendo apoyos altos a pol\u00edticas asociadas a derechos sexuales e igualdad.<\/p>\n","protected":false},"excerpt":{"rendered":"<p>Argentina se adhiri\u00f3 a una red global antiderechos El pa\u00eds se sum\u00f3 a una organizaci\u00f3n internacional antiderechos, mientras en la Legislatura se organizan encuentros con financiamiento externo para torcer consensos sobre la igualdad y derechos sexuales. Por\u00a0Dolores Curia &#8211; Fuente: https:\/\/www.pagina12.com.ar\/ 18 de agosto, 2026. Uno de los principales&nbsp;think tanks&nbsp;contra los&nbsp;derechos de las mujeres y [&hellip;]<\/p>\n","protected":false},"author":3,"featured_media":3133,"comment_status":"closed","ping_status":"closed","sticky":false,"template":"","format":"standard","meta":{"sync_status":"","episode_type":"","audio_file":"","castos_file_data":"","podmotor_file_id":"","cover_image":"","cover_image_id":"","duration":"","filesize":"","filesize_raw":"","date_recorded":"","explicit":"","block":"","footnotes":""},"categories":[24],"tags":[],"class_list":["post-3132","post","type-post","status-publish","format-standard","has-post-thumbnail","hentry","category-politica"],"_links":{"self":[{"href":"https:\/\/fmmural91.uno\/2024\/wp-json\/wp\/v2\/posts\/3132","targetHints":{"allow":["GET"]}}],"collection":[{"href":"https:\/\/fmmural91.uno\/2024\/wp-json\/wp\/v2\/posts"}],"about":[{"href":"https:\/\/fmmural91.uno\/2024\/wp-json\/wp\/v2\/types\/post"}],"author":[{"embeddable":true,"href":"https:\/\/fmmural91.uno\/2024\/wp-json\/wp\/v2\/users\/3"}],"replies":[{"embeddable":true,"href":"https:\/\/fmmural91.uno\/2024\/wp-json\/wp\/v2\/comments?post=3132"}],"version-history":[{"count":1,"href":"https:\/\/fmmural91.uno\/2024\/wp-json\/wp\/v2\/posts\/3132\/revisions"}],"predecessor-version":[{"id":3134,"href":"https:\/\/fmmural91.uno\/2024\/wp-json\/wp\/v2\/posts\/3132\/revisions\/3134"}],"wp:featuredmedia":[{"embeddable":true,"href":"https:\/\/fmmural91.uno\/2024\/wp-json\/wp\/v2\/media\/3133"}],"wp:attachment":[{"href":"https:\/\/fmmural91.uno\/2024\/wp-json\/wp\/v2\/media?parent=3132"}],"wp:term":[{"taxonomy":"category","embeddable":true,"href":"https:\/\/fmmural91.uno\/2024\/wp-json\/wp\/v2\/categories?post=3132"},{"taxonomy":"post_tag","embeddable":true,"href":"https:\/\/fmmural91.uno\/2024\/wp-json\/wp\/v2\/tags?post=3132"}],"curies":[{"name":"wp","href":"https:\/\/api.w.org\/{rel}","templated":true}]}}