{"id":3135,"date":"2026-08-18T09:18:30","date_gmt":"2026-08-18T12:18:30","guid":{"rendered":"https:\/\/fmmural91.uno\/2024\/?p=3135"},"modified":"2026-08-18T09:18:31","modified_gmt":"2026-08-18T12:18:31","slug":"el-reclamo-por-el-financiamiento-universitario","status":"publish","type":"post","link":"https:\/\/fmmural91.uno\/2024\/el-reclamo-por-el-financiamiento-universitario\/","title":{"rendered":"El reclamo por el financiamiento universitario"},"content":{"rendered":"\n<h1 class=\"wp-block-heading\">300 d\u00edas sin cumplir la ley<\/h1>\n\n\n\n<p class=\"wp-block-paragraph\">Un paro esta semana, una movilizaci\u00f3n el mi\u00e9rcoles y acciones en todo el pa\u00eds para denunciar la asfixia que atraviesan las casas de estudio y los hospitales.<\/p>\n\n\n\n<p class=\"wp-block-paragraph\">Fuente: <a href=\"https:\/\/www.pagina12.com.ar\/\">https:\/\/www.pagina12.com.ar\/<\/a>   18 de agosto, 2026.<\/p>\n\n\n\n<p class=\"wp-block-paragraph\">El Ministerio de Capital Humano insiste con que el gobierno de Javier Milei no est\u00e1 incumpliendo la Ley de Financiamiento Universitario, pero en las casas de estudio se evidencia otra realidad. Hace ya 300 d\u00edas se public\u00f3 en el Bolet\u00edn Oficial la norma que garantiza los fondos para el funcionamiento y los sueldos docentes y no docentes, y la comunidad acad\u00e9mica denuncia una estrategia del Poder Ejecutivo para eludir su obligaci\u00f3n. Esta semana habr\u00e1 paro desde hoy hasta el s\u00e1bado, de la Conadu Hist\u00f3rica, y una concentraci\u00f3n frente al Palacio Pizzurno, el mi\u00e9rcoles a las 11, entre otras acciones en todo el pa\u00eds (<em>ver nota aparte<\/em>).<\/p>\n\n\n\n<p class=\"wp-block-paragraph\">\u201cA\u00fan con el aumento que hubo en junio,&nbsp;<strong>los salarios siguen retrasados<\/strong>&nbsp;y ni siquiera han recuperado poder adquisitivo por encima de la inflaci\u00f3n\u201d, advierte en di\u00e1logo con&nbsp;<strong>P\u00e1gina\/12<\/strong>&nbsp;la vicedecana de la Facultad de Filosof\u00eda y Letras de la UBA,&nbsp;<strong>Graciela Morgade<\/strong>.<\/p>\n\n\n\n<p class=\"wp-block-paragraph\">En octubre pasado el Congreso ratific\u00f3 la Ley N\u00b0 27.795, tras rechazar el veto presidencial, pero desde entonces el oficialismo libertario contin\u00faa con diversas estrategias legales para dilatar su cumplimiento. Con recursos y salarios insuficientes, los gremios denuncian que el funcionamiento universitario no puede seguir bajo estas condiciones.<\/p>\n\n\n\n<p class=\"wp-block-paragraph\">\u201cLa situaci\u00f3n persiste en un declive pronunciado que no es un error ni un mal c\u00e1lculo de un funcionario de turno, sino un plan sistem\u00e1tico de destrucci\u00f3n de las capacidades de producci\u00f3n de conocimiento soberanas de la Argentina\u201d, sostuvo a este diario el profesor de la UBA y referente gremial de docentes universitarios,&nbsp;<strong>Federico Montero<\/strong>.<\/p>\n\n\n\n<p class=\"wp-block-paragraph\">El Gobierno se escuda tras el acta paritaria firmada en junio con el Consejo Interuniversitario Nacional (CIN), concebida en su momento como un primer paso para destrabar el conflicto. Aquel acuerdo otorg\u00f3 un aumento salarial del 24,33%, muy lejos del 55% necesario para la recuperaci\u00f3n del poder adquisitivo perdido desde diciembre del 2023. Con ese paliativo, el oficialismo hace o\u00eddos sordos a las \u00f3rdenes de la Justicia Federal y a\u00fan no paga lo que debe.<\/p>\n\n\n\n<p class=\"wp-block-paragraph\">Por su parte, la doctora en Ciencias Sociales y decana de la Facultad de Ciencias Sociales de la UBA,&nbsp;<strong>Ana Arias<\/strong>, explic\u00f3 que el Poder Ejecutivo dirigido por Javier Milei incumple lo planteado por los Poderes Legislativo y Judicial, y esto implica \u201cun importante deterioro para la democracia misma, para el funcionamiento de la Rep\u00fablica\u201d.<\/p>\n\n\n\n<p class=\"wp-block-paragraph\">Para Arias, antes del 2023 las universidades p\u00fablicas de Argentina, \u201csi bien ten\u00edan much\u00edsimas cuestiones para mejorar, eran una joya del pueblo argentino\u201d, con prestigio internacional y formaci\u00f3n de personas de todas las edades y todos los or\u00edgenes geogr\u00e1ficos y econ\u00f3micos. Hoy, el profundo recorte libertario deteriora el sistema. Los reclamos ni siquiera son en t\u00e9rminos de crecimiento sino de continuidad, supervivencia.<\/p>\n\n\n\n<p class=\"wp-block-paragraph\">Para la vicedecana Morgade, \u201cdesde el punto de vista estrictamente jur\u00eddico, debe haber alguna parte del Poder Judicial que asesore al Gobierno con artilugios, estrategias para eludir el cumplimiento de la ley\u201d. Adem\u00e1s determin\u00f3 que el no cumplimiento de la ley es un tema centralmente pol\u00edtico, en el sentido de \u201cqui\u00e9n dar\u00e1 el brazo a torcer\u201d. Las multitudinarias marchas nacionales han demostrado que, para la poblaci\u00f3n, est\u00e1 claro que las universidades p\u00fablicas no son negociables.<\/p>\n\n\n\n<p class=\"wp-block-paragraph\">Mientras tanto, el sistema se sostiene gracias al esfuerzo de trabajadores que, en gran medida,&nbsp;<strong>perciben ingresos por debajo de la l\u00ednea de pobreza<\/strong>. Seg\u00fan el CIN, desde que asumi\u00f3 la presidencia Javier Milei&nbsp;<strong>m\u00e1s de diez mil docentes e investigadores renunciaron<\/strong>&nbsp;a sus cargos en universidades nacionales. Solo en la Facultad de Ciencias Exactas hubo 438 renuncias, y en la UTN m\u00e1s de 1000.<\/p>\n\n\n\n<p class=\"wp-block-paragraph\">El vaciamiento es evidente: aumenta el pluriempleo, se pierde personal altamente capacitado y se descartan como basura l\u00edneas enteras de investigaci\u00f3n. \u201cDe estas pol\u00edticas de recorte se desprenden algunos efectos que no son inmediatos, pero tambi\u00e9n hay que nombrarlos\u201d, sostuvo Morgade, quien se\u00f1al\u00f3 la relaci\u00f3n entre el estado actual de las universidades, con la formaci\u00f3n de profesionales y el futuro de la juventud que hoy peligra.<\/p>\n\n\n\n<p class=\"wp-block-paragraph\">Bajo este panorama, la Federaci\u00f3n Universitaria Argentina (FUA) convoc\u00f3 a una movilizaci\u00f3n este mi\u00e9rcoles 19 de agosto, frente al Palacio Pizzurno, para exigir el cumplimiento de la ley. El presidente de la FUA,&nbsp;<strong>Joaqu\u00edn Carvalho<\/strong>, expres\u00f3 que \u201cuna ley no es una sugerencia ni una simple carta de intenciones: es un mandato obligatorio del Estado.\u201d Y resalt\u00f3 que \u201cya han pasado 300 d\u00edas, 42 semanas, casi 10 meses, 7.200 horas y 432.000 minutos sin que el Presidente se digne a cumplir con su deber\u201d.<\/p>\n\n\n\n<p class=\"wp-block-paragraph\">El CIN denunci\u00f3 en un comunicado que en estos 300 d\u00edas \u201cla red de hospitales escuelas y facultades de Ciencias M\u00e9dicas de las universidades nacionales atiende a m\u00e1s de 1,5 millones de pacientes, realiza cirug\u00edas de alta complejidad y forma a las y los futuros profesionales del pa\u00eds. La medicina y el compromiso social salvan vidas en cada rinc\u00f3n de la Argentina\u201d. Por lo que \u201cdejar sin financiamiento a quienes nos cuidan no tiene justificaci\u00f3n\u201d.<\/p>\n\n\n\n<p class=\"wp-block-paragraph\">La decana de la UBA record\u00f3 que el gobierno se jacta de odiar las ciencias sociales, pero desfinancia todo tipo de ciencias que tengan base y desarrollo nacional. \u201cLe han llamado cientificidio porque estamos viviendo efectivamente ese proceso, y no queda otra que seguir insistiendo como pueblo en que el gobierno cumpla la Ley\u201d, determin\u00f3 Arias.<\/p>\n\n\n\n<p class=\"wp-block-paragraph\">Desde las redes de la Federaci\u00f3n Nacional de Docentes Universitarixs (Conadu), expresaron que \u201cnos dicen terroristas, pero el \u00fanico que atenta contra la ley es el gobierno nacional\u201d. Este mes, durante una entrevista televisiva, el Presidente calific\u00f3 de \u201cterroristas disfrazados\u201d a estudiantes, docentes e investigadores del pa\u00eds. Para Conadu este no es un exabrupto casual, \u201cporque la universidad p\u00fablica representa todo lo que este Gobierno teme: un pueblo que piensa\u201d.<\/p>\n","protected":false},"excerpt":{"rendered":"<p>300 d\u00edas sin cumplir la ley Un paro esta semana, una movilizaci\u00f3n el mi\u00e9rcoles y acciones en todo el pa\u00eds para denunciar la asfixia que atraviesan las casas de estudio y los hospitales. Fuente: https:\/\/www.pagina12.com.ar\/ 18 de agosto, 2026. El Ministerio de Capital Humano insiste con que el gobierno de Javier Milei no est\u00e1 incumpliendo [&hellip;]<\/p>\n","protected":false},"author":3,"featured_media":3136,"comment_status":"closed","ping_status":"closed","sticky":false,"template":"","format":"standard","meta":{"sync_status":"","episode_type":"","audio_file":"","castos_file_data":"","podmotor_file_id":"","cover_image":"","cover_image_id":"","duration":"","filesize":"","filesize_raw":"","date_recorded":"","explicit":"","block":"","footnotes":""},"categories":[24],"tags":[],"class_list":["post-3135","post","type-post","status-publish","format-standard","has-post-thumbnail","hentry","category-politica"],"_links":{"self":[{"href":"https:\/\/fmmural91.uno\/2024\/wp-json\/wp\/v2\/posts\/3135","targetHints":{"allow":["GET"]}}],"collection":[{"href":"https:\/\/fmmural91.uno\/2024\/wp-json\/wp\/v2\/posts"}],"about":[{"href":"https:\/\/fmmural91.uno\/2024\/wp-json\/wp\/v2\/types\/post"}],"author":[{"embeddable":true,"href":"https:\/\/fmmural91.uno\/2024\/wp-json\/wp\/v2\/users\/3"}],"replies":[{"embeddable":true,"href":"https:\/\/fmmural91.uno\/2024\/wp-json\/wp\/v2\/comments?post=3135"}],"version-history":[{"count":1,"href":"https:\/\/fmmural91.uno\/2024\/wp-json\/wp\/v2\/posts\/3135\/revisions"}],"predecessor-version":[{"id":3137,"href":"https:\/\/fmmural91.uno\/2024\/wp-json\/wp\/v2\/posts\/3135\/revisions\/3137"}],"wp:featuredmedia":[{"embeddable":true,"href":"https:\/\/fmmural91.uno\/2024\/wp-json\/wp\/v2\/media\/3136"}],"wp:attachment":[{"href":"https:\/\/fmmural91.uno\/2024\/wp-json\/wp\/v2\/media?parent=3135"}],"wp:term":[{"taxonomy":"category","embeddable":true,"href":"https:\/\/fmmural91.uno\/2024\/wp-json\/wp\/v2\/categories?post=3135"},{"taxonomy":"post_tag","embeddable":true,"href":"https:\/\/fmmural91.uno\/2024\/wp-json\/wp\/v2\/tags?post=3135"}],"curies":[{"name":"wp","href":"https:\/\/api.w.org\/{rel}","templated":true}]}}