{"id":3138,"date":"2026-08-18T09:31:00","date_gmt":"2026-08-18T12:31:00","guid":{"rendered":"https:\/\/fmmural91.uno\/2024\/?p=3138"},"modified":"2026-08-18T09:31:01","modified_gmt":"2026-08-18T12:31:01","slug":"las-centrales-obreras-endedudados-pymes-universitarios-y-jubilados-salen-a-la-calle","status":"publish","type":"post","link":"https:\/\/fmmural91.uno\/2024\/las-centrales-obreras-endedudados-pymes-universitarios-y-jubilados-salen-a-la-calle\/","title":{"rendered":"Las centrales obreras, endedudados, pymes, universitarios y jubilados salen a la calle."},"content":{"rendered":"\n<h1 class=\"wp-block-heading\">Semana de protestas por el ajuste libertario<\/h1>\n\n\n\n<p class=\"wp-block-paragraph\">Distintas movilizaciones reflejar\u00e1n c\u00f3mo impacta un modelo que afecta a todos los sectores, desde los jubilados hasta los productores, y que cre\u00f3 un nuevo actor social, los endeudados.<\/p>\n\n\n\n<p class=\"wp-block-paragraph\"><a href=\"https:\/\/www.pagina12.com.ar\/autores\/karina-micheletto\">Por\u00a0Karina Micheletto<\/a>   &#8211;   Fuente: <a href=\"https:\/\/www.pagina12.com.ar\/\">https:\/\/www.pagina12.com.ar\/<\/a>   18 de agosto, 2026.<\/p>\n\n\n\n<p class=\"wp-block-paragraph\"><strong>\u201cNo se banca m\u00e1s\u201d<\/strong>. La frase aparece expresada de diferentes maneras en los testimonios recogidos por&nbsp;<strong>P\u00e1gina\/12<\/strong>. Junto a otra comprobaci\u00f3n:&nbsp;<strong>\u201cNo hay plata en la calle\u201d<\/strong>. Esta ser\u00e1 una semana en la que distintos grupos sociales golpeados por el ajuste libertario saldr\u00e1n a la calle a expresar estos reclamos. A la marcha de&nbsp;<strong>jubilados<\/strong>&nbsp;de los mi\u00e9rcoles se sumar\u00e1n los<strong>&nbsp;universitarios<\/strong>, que con diversas medidas exigen el cumplimiento de su ley de financimiento (<em>ver nota aparte<\/em>). Tambi\u00e9n los&nbsp;<strong>empresarios PyMEs<\/strong>, que denuncian un \u201cindustricidio\u201d. Y&nbsp;<strong>un nuevo actor social&nbsp;<\/strong>surgido de las pol\u00edticas actuales, aunque negado como tal y reducido a \u201cproblema entre privados\u201d por el Presidente y su ministro de Econom\u00eda: las y los&nbsp;<strong>endeduados<\/strong>. Es el sector que ser\u00e1 representado en la continuidad del plan de lucha trazado por la CGT, junto las dos CTA y movimientos sociales.<\/p>\n\n\n\n<p class=\"wp-block-paragraph\"><strong>Con la soga a cuello<\/strong><\/p>\n\n\n\n<p class=\"wp-block-paragraph\">El&nbsp;<strong>jueves&nbsp;<\/strong>concentrar\u00e1 el malestar de la producci\u00f3n y la asfixia del consumo dom\u00e9stico. Por la tarde, desde las 14, la&nbsp;<strong>CGT<\/strong>, la&nbsp;<strong>CTA&nbsp;<\/strong>y la&nbsp;<strong>UTEP, junto a organizaciones sociales,&nbsp;<\/strong>marchar\u00e1n hacia el&nbsp;<strong>Ministerio de Econom\u00eda<\/strong>. Denuncian un \u201cahogo cotidiano\u201d que afecta a 5,8 millones de personas que tuvieron que tomar deudas para los consumos m\u00e1s b\u00e1sicos de supermercado, para hacer frente al alquiler y pagar los servicios.<\/p>\n\n\n\n<p class=\"wp-block-paragraph\">Por la ma\u00f1ana, desde las 9, representantes de las peque\u00f1as y medianas empresas argentinas se concentrar\u00e1n frente a la Casa Rosada. En el D\u00eda del Empresario Nacional se declarar\u00e1n \u201cen peligro de extinci\u00f3n\u201d.<\/p>\n\n\n\n<p class=\"wp-block-paragraph\"><strong>Endeudados<\/strong><\/p>\n\n\n\n<p class=\"wp-block-paragraph\"><a href=\"https:\/\/www.pagina12.com.ar\/2026\/08\/17\/jubilados-olvidados-trabajamos-o-no-comemos\/\">Como reflej\u00f3&nbsp;<strong>P\u00e1gina\/12&nbsp;<\/strong>en su tapa de ayer<\/a>, el drama de los endeudados atraviesa distintos grupos sociales particularmente golpeados, incluidos los jubilados. Se trata de un problema social creciente: seg\u00fan datos del Banco Central, hay 5,8 millones de personas con cr\u00e9ditos impagos o atrasos graves, una cifra que no contempla otra porci\u00f3n de deudas impagas en crecimiento, la de la econom\u00eda informal.<\/p>\n\n\n\n<p class=\"wp-block-paragraph\">Fue el sector social elegido esta vez por la CGT para visibilizar, en una escalada planificada que por el momento no lleg\u00f3 al paro general reclamado desde varios sectores. Un&nbsp;<strong>esquema \u201ca la francesa\u201d<\/strong>&nbsp;que busca una sucesi\u00f3n de demostraciones de fuerza sectoriales y focalizadas, y que muestra m\u00fascul propio al sumar la fuerza de las dos CTAs y la UTEP, en representaci\u00f3n de las econom\u00e1is informales .<\/p>\n\n\n\n<p class=\"wp-block-paragraph\">\u201c<strong>Las familias argentinas se endeudan<\/strong>&nbsp;para poder vivir, para pagar el alquiler, comprar comida, afrontar la luz, el gas o sostener los gastos b\u00e1sicos del hogar\u201d, denuncia la CGT en su convocatoria a la marcha. Y contra el discurso oficial, denuncia que \u201cdesde que gobierna Milei, el costo de vida se dispar\u00f3 mientras los ingresos quedaron cada vez m\u00e1s lejos de las necesidades reales. Por eso no es un problema individual, sino que hay un modelo que empuja a las familias a endeudarse\u201d.<\/p>\n\n\n\n<p class=\"wp-block-paragraph\"><strong>Hugo Yasky<\/strong>, secretario general de la CTA, denunci\u00f3 que la falta de regulaci\u00f3n sobre las fintech y financieras permite un endeudamiento familiar insostenible, alertando que \u201cuna de cada cuatro horas de trabajo hoy se destina \u00fanicamente a pagar intereses\u201d. Y alert\u00f3 sobre la&nbsp;<strong>\u201cbola de nieve\u201d&nbsp;<\/strong>que hoy asfixia el consumo y la econom\u00eda familiar.<\/p>\n\n\n\n<p class=\"wp-block-paragraph\">La movilizaci\u00f3n ser\u00e1 el jueves desde las 14, y tendr\u00e1 como escenario las puertas del ministerio de Econom\u00eda. A la convocatoria de la Confederaci\u00f3n General del Trabajo junto las dos CTA y movimientos sociales, se sumaron sectores autoconvocados como Endeudadxs Organizadxs.<\/p>\n\n\n\n<p class=\"wp-block-paragraph\">El esquema de reclamos escalados de la CGT seguir\u00e1 en agosto en el Consejo del Salario M\u00ednimo y con la participaci\u00f3n en la Semana Social de la Iglesia; el 2 de septiembre con la movilizaci\u00f3n multisectorial por el D\u00eda de la Industria; en noviembre en el acompa\u00f1amiento ante la visita del papa Le\u00f3n XIV a la Argentina, con una movilizaci\u00f3n hacia la Bas\u00edlica de Luj\u00e1n. Mientras los sectores m\u00e1s combativos presionan para que esta secuencia desemboque en un quinto paro general, con movilizaci\u00f3n masiva.<\/p>\n\n\n\n<p class=\"wp-block-paragraph\"><strong>Contra el industricidio<\/strong><\/p>\n\n\n\n<p class=\"wp-block-paragraph\">Convocados por&nbsp;<strong>Enac<\/strong>&nbsp;(la Asociaci\u00f3n de Empresarios Nacionales) y&nbsp;<strong>Apyme&nbsp;<\/strong>(Asamblea de Peque\u00f1os y Medianos Empresarios), denuncian un \u201cindustricidio\u201d: la desaparici\u00f3n de unas 30.000 unidades productivas por el desplome del mercado interno. Y piden por una Ley de Emergencia Pyme que frene los cierres de empresas, que ya contabilizan 29.000.<\/p>\n\n\n\n<p class=\"wp-block-paragraph\"><strong>\u201cEstamos en una coyuntura de tierra arrasada, porque todo est\u00e1 mal. No hay un sector que est\u00e9 bien\u201d<\/strong>, sintentiza Diego Ojeda, presidente de Enac, confrontando con otras c\u00e1maras empresarias que no oponen reclamos al rumbo econ\u00f3mico.&nbsp;<strong>\u201cNosotros nos quejamos del capital de trabajo y el trabajador est\u00e1 tomando cr\u00e9ditos para poder comer a tasas del 120% en las fintech\u201d<\/strong>, describe la situaci\u00f3n actual.<\/p>\n\n\n\n<p class=\"wp-block-paragraph\">\u201cLas pymes hoy estamos en peligro de extinci\u00f3n\u201d, es la imagen que elige&nbsp;<strong>Juli\u00e1n Moreno<\/strong>, presidente de Apyme. Llama a participar de la movilizaci\u00f3n del jueves enfatizando que \u201cdesde el Poder Ejecutivo nunca hubo escucha\u201d ante la crisis que atraviesa su sector.<\/p>\n\n\n\n<p class=\"wp-block-paragraph\">Y cuestion\u00f3 que la posici\u00f3n de otras c\u00e1maras empresarias all\u00ed presentes:<strong>\u201c\u00bfC\u00f3mo puede ser que en esta reuni\u00f3n nadie haya dicho que se cerraron 29.000 pymes?\u201d<\/strong>.<\/p>\n\n\n\n<p class=\"wp-block-paragraph\"><strong>Un reclamo de 300 d\u00edas<\/strong><\/p>\n\n\n\n<p class=\"wp-block-paragraph\">El reclamo universitario suma esta semana un nuevo cap\u00edtulo con paros, carpas y actividades de visibilizaci\u00f3n del reclamo. Las federaciones docentes, con la&nbsp;<strong>Conadu Hist\u00f3rica<\/strong>&nbsp;a la cabeza, confirmaron un&nbsp;<strong>paro nacional de actividades, desde hoy y hasta el s\u00e1bado<\/strong>. El eje del reclamo es el cumplimiento efectivo de la&nbsp;<strong>Ley de Financiamiento Universitario<\/strong>, una norma ratificada por la Justicia pero que el Ejecutivo intenta licuar. Al cumplirse 300 d\u00edas de su inclumplimiento, la Federaci\u00f3n Universitaria Argentina (FUA) llama a una movilizaci\u00f3n frente al Palacio Pizzurno, el mi\u00e9rcoles a las 11, entre otras acciones en todo el pa\u00eds (<em>ver nota aparte<\/em>).<\/p>\n\n\n\n<p class=\"wp-block-paragraph\">Los universitarios exigen una&nbsp;<strong>recomposici\u00f3n salarial urgente del 31,2%<\/strong>, el pago de los retroactivos adeudados y partidas presupuestarias genuinas para hospitales universitarios y becas. En la UBA, la Asociaci\u00f3n Gremial de Docentes (<strong>AGD-UBA<\/strong>) empuja la medida.<\/p>\n\n\n\n<p class=\"wp-block-paragraph\"><strong>Los mi\u00e9rcoles, jubilados<\/strong><\/p>\n\n\n\n<p class=\"wp-block-paragraph\">Como cada&nbsp;<strong>mi\u00e9rcoles<\/strong>, la Plaza de los Dos Congresos volver\u00e1 a convertirse en el epicentro de la resistencia previsional.&nbsp;<strong>Jubilados y pensionados<\/strong>, acompa\u00f1adas por movimientos sociales, volver\u00e1n a concentrarse y a intentar dar su vuelta al palacio legislativo, eso que la polic\u00eda suele buscar impedir a los palos.<\/p>\n\n\n\n<p class=\"wp-block-paragraph\">Casi naturalizados, la convocatoria y la represi\u00f3n policial contra los viejos sigue dejando su reclamo urgente: \u201cEste gobierno nos est\u00e1 matando. Nos hace elegir entre comer o comprar remedios. \u00bfY qui\u00e9n puede pagar el alquiler con una jubilaci\u00f3n m\u00ednima?\u201c, plantean desde&nbsp;<em>Jubilados Insurgentes<\/em>.<\/p>\n\n\n\n<p class=\"wp-block-paragraph\">Esta semana la calle ser\u00e1 escenario de reclamos multisectorial. Reflejar\u00e1 un ajuste que ha penetrado en todos los sectores, desde los jubilados hasta los productores, y que ha provocado un drama social de \u00e9poca, el de las y los endedeudados.<\/p>\n","protected":false},"excerpt":{"rendered":"<p>Semana de protestas por el ajuste libertario Distintas movilizaciones reflejar\u00e1n c\u00f3mo impacta un modelo que afecta a todos los sectores, desde los jubilados hasta los productores, y que cre\u00f3 un nuevo actor social, los endeudados. Por\u00a0Karina Micheletto &#8211; Fuente: https:\/\/www.pagina12.com.ar\/ 18 de agosto, 2026. \u201cNo se banca m\u00e1s\u201d. La frase aparece expresada de diferentes maneras [&hellip;]<\/p>\n","protected":false},"author":3,"featured_media":3139,"comment_status":"closed","ping_status":"closed","sticky":false,"template":"","format":"standard","meta":{"sync_status":"","episode_type":"","audio_file":"","castos_file_data":"","podmotor_file_id":"","cover_image":"","cover_image_id":"","duration":"","filesize":"","filesize_raw":"","date_recorded":"","explicit":"","block":"","footnotes":""},"categories":[21],"tags":[],"class_list":["post-3138","post","type-post","status-publish","format-standard","has-post-thumbnail","hentry","category-economia"],"_links":{"self":[{"href":"https:\/\/fmmural91.uno\/2024\/wp-json\/wp\/v2\/posts\/3138","targetHints":{"allow":["GET"]}}],"collection":[{"href":"https:\/\/fmmural91.uno\/2024\/wp-json\/wp\/v2\/posts"}],"about":[{"href":"https:\/\/fmmural91.uno\/2024\/wp-json\/wp\/v2\/types\/post"}],"author":[{"embeddable":true,"href":"https:\/\/fmmural91.uno\/2024\/wp-json\/wp\/v2\/users\/3"}],"replies":[{"embeddable":true,"href":"https:\/\/fmmural91.uno\/2024\/wp-json\/wp\/v2\/comments?post=3138"}],"version-history":[{"count":1,"href":"https:\/\/fmmural91.uno\/2024\/wp-json\/wp\/v2\/posts\/3138\/revisions"}],"predecessor-version":[{"id":3140,"href":"https:\/\/fmmural91.uno\/2024\/wp-json\/wp\/v2\/posts\/3138\/revisions\/3140"}],"wp:featuredmedia":[{"embeddable":true,"href":"https:\/\/fmmural91.uno\/2024\/wp-json\/wp\/v2\/media\/3139"}],"wp:attachment":[{"href":"https:\/\/fmmural91.uno\/2024\/wp-json\/wp\/v2\/media?parent=3138"}],"wp:term":[{"taxonomy":"category","embeddable":true,"href":"https:\/\/fmmural91.uno\/2024\/wp-json\/wp\/v2\/categories?post=3138"},{"taxonomy":"post_tag","embeddable":true,"href":"https:\/\/fmmural91.uno\/2024\/wp-json\/wp\/v2\/tags?post=3138"}],"curies":[{"name":"wp","href":"https:\/\/api.w.org\/{rel}","templated":true}]}}