{"id":3144,"date":"2026-08-18T10:10:30","date_gmt":"2026-08-18T13:10:30","guid":{"rendered":"https:\/\/fmmural91.uno\/2024\/?p=3144"},"modified":"2026-08-18T10:10:31","modified_gmt":"2026-08-18T13:10:31","slug":"cambio-en-la-red-sube-el-tarifazo-oculto-de-15-para-millones-de-bonaerenses","status":"publish","type":"post","link":"https:\/\/fmmural91.uno\/2024\/cambio-en-la-red-sube-el-tarifazo-oculto-de-15-para-millones-de-bonaerenses\/","title":{"rendered":"Cambio en la Red SUBE: el tarifazo oculto de 15% para millones de bonaerenses"},"content":{"rendered":"\n<p class=\"wp-block-paragraph\">La Red SUBE profundiz\u00f3 su sentido discriminatorio contra los bonaerenses, que ahora deber\u00e1n gastar casi 15 mil pesos m\u00e1s solo para viajar a su trabajo.<\/p>\n\n\n\n<p class=\"wp-block-paragraph\">Por <a href=\"https:\/\/www.eldestapeweb.com\/perfil\/rodrigo-nunez\">Rodrigo N\u00fa\u00f1ez<\/a>   &#8211;   <a href=\"https:\/\/www.eldestapeweb.com\/\">https:\/\/www.eldestapeweb.com\/<\/a>   18 de agosto, 2026.<\/p>\n\n\n\n<p class=\"wp-block-paragraph\">Los cambios discriminatorios anunciados&nbsp;en el&nbsp;<a href=\"https:\/\/www.eldestapeweb.com\/sociedad\/aumento-transporte-quienes-combinan-colectivo-subte-20268108028\">sistema&nbsp;Red SUBE<\/a>&nbsp;dispar\u00f3 casi un 15% el costo&nbsp;que debe afrontar un trabajador que vive en el conurbano bonaerense y debe trasladarse a la Ciudad de Buenos Aires solanente para llegar a su puesto de trabajo.&nbsp;<strong>Se trata de una diferencia de 15 mil pesos que cargar\u00e1n quienes m\u00e1s sufren la crisis de ingresos y que en algunos casos tienen que&nbsp;desembolsar m\u00e1s de 130 mil pesos por mes.<\/strong><\/p>\n\n\n\n<p class=\"wp-block-paragraph\">Desde la semana pasada, la Red SUBE incorpor\u00f3 un cambio que afecta especialmente a los pasajeros que llegan a la Ciudad de Buenos Aires en tren y contin\u00faan su recorrido en subte. En esos casos,&nbsp;<strong>dej\u00f3 de aplicarse el descuento del 50% sobre el segundo viaje<\/strong>. La modificaci\u00f3n alter\u00f3 el esquema de integraci\u00f3n tarifaria del AMBA y encareci\u00f3 el traslado para miles de usuarios que combinan distintos medios de transporte. En concreto, se trata de un acto de diferenciaci\u00f3n contra los bonaerenses, que ya hab\u00edan sido v\u00edctimas de la quita del sistema de descuentos para las l\u00edneas de colectivos&nbsp;locales.<\/p>\n\n\n\n<p class=\"wp-block-paragraph\">La modificaci\u00f3n m\u00e1s importante alcanza a quienes utilizan&nbsp;<strong>el tren como primer medio de transporte y el subte como segundo<\/strong>. Hasta julio, ese segundo tramo ten\u00eda una bonificaci\u00f3n del 50% siempre que la combinaci\u00f3n se realizara dentro de la ventana establecida por la Red SUBE. Desde agosto, esa integraci\u00f3n dej\u00f3 de estar contemplada: el pasajero debe pagar el tren y luego abonar&nbsp;<strong>la tarifa completa del subte<\/strong>.<\/p>\n\n\n\n<p class=\"wp-block-paragraph\">La medida alcanza a quienes ingresan a la Ciudad desde distintos ramales ferroviarios metropolitanos, entre ellos Sarmiento, Roca, Mitre, San Mart\u00edn, Belgrano Norte, Belgrano Sur y Urquiza. El cambio tambi\u00e9n se produjo en un contexto de aumento de las tarifas. Desde agosto, el boleto general del subte con SUBE registrada pas\u00f3 a&nbsp;<strong>$ 1.684<\/strong>&nbsp;para quienes realizan entre uno y 20 viajes mensuales.<\/p>\n\n\n\n<h2 class=\"wp-block-heading\">Cu\u00e1nto cuesta viajar hasta el trabajo si&nbsp;vivo en el Conurbano tras la restricci\u00f3n de la Red&nbsp;SUBE<\/h2>\n\n\n\n<p class=\"wp-block-paragraph\"><em><strong>El Destape<\/strong><\/em>&nbsp;simul\u00f3 tres&nbsp;posibles escenarios de viajes realizados desde el conurbano bonaerense para explicar el peso que tiene el transporte p\u00fablico sobre el poder adquisitivo y la diferencia entre el costo que representaba el sistema previo de la<a href=\"https:\/\/www.eldestapeweb.com\/sociedad\/cuales-lineas-colectivo-aumentaron-agosto-2026-decision-gobierno-milei-2026811153741\">&nbsp;Red SUBE<\/a>&nbsp;y el inaugurado hace algunos d\u00edas. El c\u00e1lculo se basa&nbsp;en&nbsp;la combinaci\u00f3n de un colectivo local (desde la primera o segunda secci\u00f3n) que llegue a una estaci\u00f3n de tren, el boleto de ferrocarril desde distintas secciones y la tarifa de subte.<\/p>\n\n\n\n<p class=\"wp-block-paragraph\">Con la nueva modalidad impuesta,<strong>&nbsp;la diferencia de gastos es de $ 14.856,2\u202c o 14,1% para un trabajador&nbsp;que se transporta de esta manera<\/strong>. Cabe destacar que se eligieron las opciones que acorten el tiempo de viaje, suponiendo que un trabajador no deber\u00eda insumir mayor cantidad de horas o minutos para movilizarse.<\/p>\n\n\n\n<figure class=\"wp-block-image size-full\"><a href=\"https:\/\/fmmural91.uno\/2024\/wp-content\/uploads\/2026\/08\/Captura-de-pantalla-2026-08-18-100627.png\"><img fetchpriority=\"high\" decoding=\"async\" width=\"860\" height=\"653\" src=\"https:\/\/fmmural91.uno\/2024\/wp-content\/uploads\/2026\/08\/Captura-de-pantalla-2026-08-18-100627.png\" alt=\"\" class=\"wp-image-3145\" srcset=\"https:\/\/fmmural91.uno\/2024\/wp-content\/uploads\/2026\/08\/Captura-de-pantalla-2026-08-18-100627.png 860w, https:\/\/fmmural91.uno\/2024\/wp-content\/uploads\/2026\/08\/Captura-de-pantalla-2026-08-18-100627-559x424.png 559w, https:\/\/fmmural91.uno\/2024\/wp-content\/uploads\/2026\/08\/Captura-de-pantalla-2026-08-18-100627-768x583.png 768w\" sizes=\"(max-width: 860px) 100vw, 860px\" \/><\/a><\/figure>\n\n\n\n<h3 class=\"wp-block-heading\">Escenario 1<\/h3>\n\n\n\n<p class=\"wp-block-paragraph\">Bajo el sistema que reg\u00eda hasta hace algunas semanas y con un viaje que se componga de un un colectivo que realice un tramo de 0 a 3 kil\u00f3metros, partiendo&nbsp;desde la primera secci\u00f3n del Conurbano hacia la estaci\u00f3n cabecera y combinando con subte,&nbsp;la canasta de transporte equival\u00eda&nbsp;a $ 105.351,4 por mes. Esto aplica a personas que vivan en Remedios de Escalada o&nbsp;Lan\u00fas, por ejemplo. Si el boleto del colectivo es para un tramo de 3 a 6 kil\u00f3metros, el costo final ascend\u00eda&nbsp;a $ 110.907.<\/p>\n\n\n\n<p class=\"wp-block-paragraph\">Ahora, con la discriminaci\u00f3n impuesta en la combinaci\u00f3n con el subte,&nbsp;<strong>el costo final se dispar\u00f3&nbsp;a los $ 120.207,6 para el tramo decolectivo de&nbsp; 0 a 3 km y $ 125.763,2 para el de 3 a 6 km.<\/strong><\/p>\n\n\n\n<h3 class=\"wp-block-heading\">Escenario 2<\/h3>\n\n\n\n<p class=\"wp-block-paragraph\">Con el sistema previo y un viaje que parte desde la segunda secci\u00f3n del Conurbano con un colectivo que realice un tramo de 0 a 3 kil\u00f3metros: al mes, la canasta de transporte equival\u00eda&nbsp;a $ 108.751,4\u202c. Esto aplica a personas que vivan en Mor\u00f3n, Temperley o Burzaco, por ejemplo. Si el boleto del colectivo es para un tramo de 3 a 6 kil\u00f3metros, el costo final ascend\u00eda&nbsp;a $&nbsp; 114.307\u202c.<\/p>\n\n\n\n<p class=\"wp-block-paragraph\">Bajo la nueva modalidad y sin posibilidad de recibir un descuento a la hora de usar el subte, el costo final es de&nbsp;$ 123.607,6\u202c&nbsp;para el tramo de colectivo de&nbsp; 0 a 3 km y $&nbsp;129.163,2 para el de 3 a 6 km.<\/p>\n\n\n\n<h3 class=\"wp-block-heading\">Escenario 3<\/h3>\n\n\n\n<p class=\"wp-block-paragraph\">Con el sistema anterior y con un viaje que parte desde la tercera secci\u00f3n del Conurbano con un colectivo que realice un tramo de 0 a 3 kil\u00f3metros,&nbsp;la canasta de transporte era&nbsp;de&nbsp;$ 111.551,4 por mes. Esto aplica a personas que vivan en Merlo, Alejandro Korn o Ezeiza. Si el boleto del colectivo es para un tramo de 3 a 6 kil\u00f3metros, el costo final asciende a $ 117.107\u202c.<\/p>\n\n\n\n<p class=\"wp-block-paragraph\">Ahora,<strong>&nbsp;el costo final salt\u00f3&nbsp;a $ 126.407,6\u202c\u202c&nbsp;para el tramo de colectivo de&nbsp; 0 a 3 km y $&nbsp;131.963,2\u202c para el de 3 a 6 km.<\/strong><\/p>\n\n\n\n<p class=\"wp-block-paragraph\">El tarifazo encubierto detr\u00e1s de los cambios anunciados en la red de descuentos expone a\u00fan m\u00e1s el estado cr\u00edtico de quienes empeoran su calidad de vida por insumir mayor cantidad de ingresos que solventen viajes cada vez m\u00e1s extensos en&nbsp;un servicio que, encima, ni siquiera mejora.<\/p>\n","protected":false},"excerpt":{"rendered":"<p>La Red SUBE profundiz\u00f3 su sentido discriminatorio contra los bonaerenses, que ahora deber\u00e1n gastar casi 15 mil pesos m\u00e1s solo para viajar a su trabajo. Por Rodrigo N\u00fa\u00f1ez &#8211; https:\/\/www.eldestapeweb.com\/ 18 de agosto, 2026. Los cambios discriminatorios anunciados&nbsp;en el&nbsp;sistema&nbsp;Red SUBE&nbsp;dispar\u00f3 casi un 15% el costo&nbsp;que debe afrontar un trabajador que vive en el conurbano bonaerense [&hellip;]<\/p>\n","protected":false},"author":3,"featured_media":3146,"comment_status":"closed","ping_status":"closed","sticky":false,"template":"","format":"standard","meta":{"sync_status":"","episode_type":"","audio_file":"","castos_file_data":"","podmotor_file_id":"","cover_image":"","cover_image_id":"","duration":"","filesize":"","filesize_raw":"","date_recorded":"","explicit":"","block":"","footnotes":""},"categories":[116],"tags":[],"class_list":["post-3144","post","type-post","status-publish","format-standard","has-post-thumbnail","hentry","category-sociedad"],"_links":{"self":[{"href":"https:\/\/fmmural91.uno\/2024\/wp-json\/wp\/v2\/posts\/3144","targetHints":{"allow":["GET"]}}],"collection":[{"href":"https:\/\/fmmural91.uno\/2024\/wp-json\/wp\/v2\/posts"}],"about":[{"href":"https:\/\/fmmural91.uno\/2024\/wp-json\/wp\/v2\/types\/post"}],"author":[{"embeddable":true,"href":"https:\/\/fmmural91.uno\/2024\/wp-json\/wp\/v2\/users\/3"}],"replies":[{"embeddable":true,"href":"https:\/\/fmmural91.uno\/2024\/wp-json\/wp\/v2\/comments?post=3144"}],"version-history":[{"count":1,"href":"https:\/\/fmmural91.uno\/2024\/wp-json\/wp\/v2\/posts\/3144\/revisions"}],"predecessor-version":[{"id":3147,"href":"https:\/\/fmmural91.uno\/2024\/wp-json\/wp\/v2\/posts\/3144\/revisions\/3147"}],"wp:featuredmedia":[{"embeddable":true,"href":"https:\/\/fmmural91.uno\/2024\/wp-json\/wp\/v2\/media\/3146"}],"wp:attachment":[{"href":"https:\/\/fmmural91.uno\/2024\/wp-json\/wp\/v2\/media?parent=3144"}],"wp:term":[{"taxonomy":"category","embeddable":true,"href":"https:\/\/fmmural91.uno\/2024\/wp-json\/wp\/v2\/categories?post=3144"},{"taxonomy":"post_tag","embeddable":true,"href":"https:\/\/fmmural91.uno\/2024\/wp-json\/wp\/v2\/tags?post=3144"}],"curies":[{"name":"wp","href":"https:\/\/api.w.org\/{rel}","templated":true}]}}