{"id":3148,"date":"2026-08-18T10:25:53","date_gmt":"2026-08-18T13:25:53","guid":{"rendered":"https:\/\/fmmural91.uno\/2024\/?p=3148"},"modified":"2026-08-18T10:25:54","modified_gmt":"2026-08-18T13:25:54","slug":"para-6-de-cada-10-argentinos-el-sueldo-se-agota-antes-del-dia-20","status":"publish","type":"post","link":"https:\/\/fmmural91.uno\/2024\/para-6-de-cada-10-argentinos-el-sueldo-se-agota-antes-del-dia-20\/","title":{"rendered":"Para 6 de cada 10 argentinos el sueldo se agota antes del d\u00eda 20"},"content":{"rendered":"\n<p class=\"wp-block-paragraph\">Los salarios rinden cada vez menos menos y casi la mitad de los trabajadores busca un segundo empleo.<\/p>\n\n\n\n<p class=\"wp-block-paragraph\">Fuente: <a href=\"https:\/\/www.eldestapeweb.com\/\">https:\/\/www.eldestapeweb.com\/<\/a>   18 de agosto, 2026.<\/p>\n\n\n\n<p class=\"wp-block-paragraph\"><strong>El\u00a0<a href=\"https:\/\/www.eldestapeweb.com\/economia\/economia-enclave-bajos-ingresos-siquiera-sectores-ganadores-mejoro-salario-2026811143542\">deterioro del ingreso real<\/a>\u00a0se ubica\u00a0en el centro de las preocupaciones econ\u00f3micas de los hogares en la Argentina<\/strong>. La falta de margen financiero para afrontar gastos esenciales antes del cierre de cada mes afecta a la mayor\u00eda de la poblaci\u00f3n, en un contexto donde los aumentos nominales de sueldos no logran compensar la p\u00e9rdida acumulada frente a la inflaci\u00f3n.<\/p>\n\n\n\n<p class=\"wp-block-paragraph\">Un relevamiento elaborado por la consultora Zentrix expuso que&nbsp;<strong>el 61% de los encuestados liquida sus ingresos disponibles para gastos corrientes como m\u00e1ximo al llegar al d\u00eda 20 del mes<\/strong>. A esta porci\u00f3n se suma un 24,3% que logra alcanzar el cierre mensual pero sin capacidad de ahorro, mientras que solo un 13% afirma cubrir sus obligaciones y guardar un excedente.<\/p>\n\n\n\n<p class=\"wp-block-paragraph\">Asimismo,&nbsp;<strong>el 86,1% de los consultados considera que sus haberes avanzan por detr\u00e1s de la evoluci\u00f3n de los precios<\/strong>. Ante este escenario, desde sectores comerciales advierten un fen\u00f3meno creciente.<\/p>\n\n\n\n<figure class=\"wp-block-image size-full\"><a href=\"https:\/\/fmmural91.uno\/2024\/wp-content\/uploads\/2026\/08\/Captura-de-pantalla-2026-08-18-102107.png\"><img fetchpriority=\"high\" decoding=\"async\" width=\"832\" height=\"478\" src=\"https:\/\/fmmural91.uno\/2024\/wp-content\/uploads\/2026\/08\/Captura-de-pantalla-2026-08-18-102107.png\" alt=\"\" class=\"wp-image-3149\" srcset=\"https:\/\/fmmural91.uno\/2024\/wp-content\/uploads\/2026\/08\/Captura-de-pantalla-2026-08-18-102107.png 832w, https:\/\/fmmural91.uno\/2024\/wp-content\/uploads\/2026\/08\/Captura-de-pantalla-2026-08-18-102107-559x321.png 559w, https:\/\/fmmural91.uno\/2024\/wp-content\/uploads\/2026\/08\/Captura-de-pantalla-2026-08-18-102107-768x441.png 768w\" sizes=\"(max-width: 832px) 100vw, 832px\" \/><\/a><\/figure>\n\n\n\n<h2 class=\"wp-block-heading\">Brecha salarial: aumentos nominales vs. p\u00e9rdida real<\/h2>\n\n\n\n<p class=\"wp-block-paragraph\">La dificultad para sostener el consumo responde a una recomposici\u00f3n incompleta del poder de compra. En mayo, mientras el \u00cdndice de Precios al Consumidor (INDEC) registr\u00f3 una suba del 2,1%, los salarios del sector privado registrado avanzaron un 2%, los p\u00fablicos nacionales un 1,9% y los provinciales un 1,4%.<\/p>\n\n\n\n<p class=\"wp-block-paragraph\">Aunque las diferencias mensuales parecen acotadas, la perspectiva interanual expone el rezago:<\/p>\n\n\n\n<ul class=\"wp-block-list\">\n<li><strong>Sector privado registrado:<\/strong>\u00a0Retroceso real del 2,9% entre mayo de 2025 y mayo de 2026.<\/li>\n\n\n\n<li><strong>Empleados p\u00fablicos provinciales:<\/strong>\u00a0Cobre una ca\u00edda interanual del 3,2%.<\/li>\n\n\n\n<li><strong>Empleados p\u00fablicos nacionales:<\/strong>\u00a0Acumulan una baja real del 7,3% en el \u00faltimo a\u00f1o.<\/li>\n<\/ul>\n\n\n\n<p class=\"wp-block-paragraph\">Al tomar como punto de comparaci\u00f3n noviembre de 2023, la brecha negativa en el sector p\u00fablico nacional alcanza el 36,5%, en los estatales provinciales el 9,8% y en los privados formales el 3,6%.<\/p>\n\n\n\n<h3 class=\"wp-block-heading\">Los sectores m\u00e1s golpeados por la erosi\u00f3n del ingreso<\/h3>\n\n\n\n<p class=\"wp-block-paragraph\">Un an\u00e1lisis del Instituto Argentino de An\u00e1lisis Fiscal (IARAF), firmado por Nadin Arga\u00f1araz sobre datos del INDEC, midi\u00f3 la p\u00e9rdida acumulada desde 2017 hasta comienzos de 2026. El estudio concluy\u00f3&nbsp;que<strong>&nbsp;los trabajadores privados formales resignaron el equivalente a 16,2 salarios mensuales de poder de compra<\/strong>, mientras que en el sector p\u00fablico la p\u00e9rdida equivale a 21,8 sueldos en 98 meses.<code><\/code><\/p>\n\n\n\n<p class=\"wp-block-paragraph\">Esta din\u00e1mica coincide con un recorte en la estructura estatal. Seg\u00fan datos del Centro de Econom\u00eda Pol\u00edtica Argentina (CEPA), la n\u00f3mina de empleados p\u00fablicos nacionales registr\u00f3 una reducci\u00f3n de 71.661 puestos entre diciembre de 2023 y junio de 2026, lo que representa una contracci\u00f3n del 21% bajo la administraci\u00f3n de Javier Milei.<\/p>\n\n\n\n<ul class=\"wp-block-list\">\n<li><a href=\"https:\/\/www.eldestapeweb.com\/tag\/crisis-economica\">Crisis Econ\u00f3mica<\/a><\/li>\n\n\n\n<li><a href=\"https:\/\/www.eldestapeweb.com\/tag\/salarios\">Salarios<\/a><\/li>\n\n\n\n<li><a href=\"https:\/\/www.eldestapeweb.com\/tag\/inflacion\">Inflaci\u00f3n<\/a><\/li>\n<\/ul>\n","protected":false},"excerpt":{"rendered":"<p>Los salarios rinden cada vez menos menos y casi la mitad de los trabajadores busca un segundo empleo. Fuente: https:\/\/www.eldestapeweb.com\/ 18 de agosto, 2026. El\u00a0deterioro del ingreso real\u00a0se ubica\u00a0en el centro de las preocupaciones econ\u00f3micas de los hogares en la Argentina. La falta de margen financiero para afrontar gastos esenciales antes del cierre de cada [&hellip;]<\/p>\n","protected":false},"author":3,"featured_media":3150,"comment_status":"closed","ping_status":"closed","sticky":false,"template":"","format":"standard","meta":{"sync_status":"","episode_type":"","audio_file":"","castos_file_data":"","podmotor_file_id":"","cover_image":"","cover_image_id":"","duration":"","filesize":"","filesize_raw":"","date_recorded":"","explicit":"","block":"","footnotes":""},"categories":[21],"tags":[],"class_list":["post-3148","post","type-post","status-publish","format-standard","has-post-thumbnail","hentry","category-economia"],"_links":{"self":[{"href":"https:\/\/fmmural91.uno\/2024\/wp-json\/wp\/v2\/posts\/3148","targetHints":{"allow":["GET"]}}],"collection":[{"href":"https:\/\/fmmural91.uno\/2024\/wp-json\/wp\/v2\/posts"}],"about":[{"href":"https:\/\/fmmural91.uno\/2024\/wp-json\/wp\/v2\/types\/post"}],"author":[{"embeddable":true,"href":"https:\/\/fmmural91.uno\/2024\/wp-json\/wp\/v2\/users\/3"}],"replies":[{"embeddable":true,"href":"https:\/\/fmmural91.uno\/2024\/wp-json\/wp\/v2\/comments?post=3148"}],"version-history":[{"count":1,"href":"https:\/\/fmmural91.uno\/2024\/wp-json\/wp\/v2\/posts\/3148\/revisions"}],"predecessor-version":[{"id":3151,"href":"https:\/\/fmmural91.uno\/2024\/wp-json\/wp\/v2\/posts\/3148\/revisions\/3151"}],"wp:featuredmedia":[{"embeddable":true,"href":"https:\/\/fmmural91.uno\/2024\/wp-json\/wp\/v2\/media\/3150"}],"wp:attachment":[{"href":"https:\/\/fmmural91.uno\/2024\/wp-json\/wp\/v2\/media?parent=3148"}],"wp:term":[{"taxonomy":"category","embeddable":true,"href":"https:\/\/fmmural91.uno\/2024\/wp-json\/wp\/v2\/categories?post=3148"},{"taxonomy":"post_tag","embeddable":true,"href":"https:\/\/fmmural91.uno\/2024\/wp-json\/wp\/v2\/tags?post=3148"}],"curies":[{"name":"wp","href":"https:\/\/api.w.org\/{rel}","templated":true}]}}