{"id":3152,"date":"2026-08-18T10:40:06","date_gmt":"2026-08-18T13:40:06","guid":{"rendered":"https:\/\/fmmural91.uno\/2024\/?p=3152"},"modified":"2026-08-18T10:40:07","modified_gmt":"2026-08-18T13:40:07","slug":"se-registraron-200-reclamos-por-las-tasas-abusivas-de-bancos-y-fintech","status":"publish","type":"post","link":"https:\/\/fmmural91.uno\/2024\/se-registraron-200-reclamos-por-las-tasas-abusivas-de-bancos-y-fintech\/","title":{"rendered":"Se registraron 200 reclamos por las tasas abusivas de bancos y fintech"},"content":{"rendered":"\n<p class=\"wp-block-paragraph\">El dato se desprende de un informe de la\u00a0subsecretar\u00eda de Defensa del Consumidor. Hoy casi seis millones de personas se encuentra en situaci\u00f3n de morosidad.<\/p>\n\n\n\n<p class=\"wp-block-paragraph\">Fuente: <a href=\"https:\/\/www.eldestapeweb.com\/\">https:\/\/www.eldestapeweb.com\/<\/a>   18 de agosto: 2026.<\/p>\n\n\n\n<p class=\"wp-block-paragraph\"><strong>Durante el primer semestre del 2026 se registraron&nbsp;200 reclamos por&nbsp;<a href=\"https:\/\/www.eldestapeweb.com\/politica\/familias-jovenes-rojo-sobreendeudadas-recurren-banco-provincia-cifra-record-mes-2026814142340\">las tasas abusivas de bancos y fintech,<\/a><\/strong>&nbsp;seg\u00fan un relevamiento sobre servicios financieros realizados por&nbsp;la subsecretar\u00eda de Defensa al Consumidor y Lealtad Comercial, que se encuentra bajo la \u00f3rbita del Ministerio de Econom\u00eda.<\/p>\n\n\n\n<p class=\"wp-block-paragraph\"><strong>La cantidad de reclamos representa un aumento del 92% de las demandas que en igual periodo del a\u00f1o pasado.&nbsp;<\/strong>Estas denuncias contra billeteras virtuales y bancos se vieron impulsadas por&nbsp;<strong>el precio de los pr\u00e9stamos o las tasas excesivas&nbsp;(+394% interanual), el hostigamiento, maltrato o acoso a los usuarios (+360%) y la falta de informaci\u00f3n relevante (+131%).<\/strong><\/p>\n\n\n\n<p class=\"wp-block-paragraph\">El relevamiento indica que no se inform\u00f3 la tasa de inter\u00e9s o el Costo Financiero Total (CFT) al momento de la contrataci\u00f3n de los pr\u00e9stamos, al que recurren cada vez m\u00e1s los argentinos para paliar los efectos del modelo econ\u00f3micos del gobierno de Javier Milei,\u00a0<strong>la informaci\u00f3n brindada fue confusa, incompleta o no se brind\u00f3 por escrito.\u00a0<\/strong>De esta manera,\u00a0se omiti\u00f3 deliberadamente el CFT (incumpliendo con los\u00a0art\u00edculos 4 y 36 de la Ley de Defensa del Consumidor) y no se entreg\u00f3 a los usuarios el\u00a0contrato ni la documentaci\u00f3n con las condiciones financieras.<\/p>\n\n\n\n<h2 class=\"wp-block-heading\">Aumento de la morosidad<\/h2>\n\n\n\n<p class=\"wp-block-paragraph\"><strong>Hoy casi seis millones de personas se encuentran en situaci\u00f3n de morosidad,&nbsp;<\/strong>la cual se agrav\u00f3 tras la expansi\u00f3n del art\u00edculos 4 y 36 de la Ley de Defensa del Consumidor.<\/p>\n\n\n\n<p class=\"wp-block-paragraph\"><strong>La cantidad de personas en mora lleg\u00f3 en mayo de 2026 a 5,8 millones, lo que representa cerca del 28% de los 20,8 millones de adultos que mantienen alg\u00fan tipo de deuda en la Argentina,&nbsp;<\/strong>de acuerdo con un informe de la consultora Equilibra elaborado sobre la base de datos del Banco Central y el INDEC.<\/p>\n\n\n\n<p class=\"wp-block-paragraph\"><strong>El universo de personas endeudadas equivale, a su vez, a alrededor del 60% de la poblaci\u00f3n mayor de edad, estimada en 34,7 millones.<\/strong>&nbsp;Esto implica que aproximadamente uno de cada seis adultos registra actualmente atrasos en el pago de alguna obligaci\u00f3n financiera o no financiera.<\/p>\n\n\n\n<figure class=\"wp-block-image size-full\"><a href=\"https:\/\/fmmural91.uno\/2024\/wp-content\/uploads\/2026\/08\/Captura-de-pantalla-2026-08-18-103648.png\"><img fetchpriority=\"high\" decoding=\"async\" width=\"840\" height=\"473\" src=\"https:\/\/fmmural91.uno\/2024\/wp-content\/uploads\/2026\/08\/Captura-de-pantalla-2026-08-18-103648.png\" alt=\"\" class=\"wp-image-3153\" srcset=\"https:\/\/fmmural91.uno\/2024\/wp-content\/uploads\/2026\/08\/Captura-de-pantalla-2026-08-18-103648.png 840w, https:\/\/fmmural91.uno\/2024\/wp-content\/uploads\/2026\/08\/Captura-de-pantalla-2026-08-18-103648-559x315.png 559w, https:\/\/fmmural91.uno\/2024\/wp-content\/uploads\/2026\/08\/Captura-de-pantalla-2026-08-18-103648-768x432.png 768w\" sizes=\"(max-width: 840px) 100vw, 840px\" \/><\/a><\/figure>\n\n\n\n<p class=\"wp-block-paragraph\">Hoy,&nbsp;la Tasa Nominal Anual (TNA) de un pr\u00e9stamo personal en un banco puede llegar&nbsp;hasta el 142% y el costo financiero total efectivo anual (CFTEA) hasta el 400%.&nbsp;<strong>Mercado Pago,&nbsp;<\/strong>una de las principales plataformas de pago en la Argentina,&nbsp;<strong>ofrece cr\u00e9ditos personales con una tasa nominal anual de entre&nbsp;<\/strong>el 48% y el 249% y un costo financiero total de hasta 1375%.&nbsp;<\/p>\n\n\n\n<h3 class=\"wp-block-heading\">El Gobierno culp\u00f3 a la gente por la morosidad: \u00abNo saben manejar sus ingresos\u00bb<\/h3>\n\n\n\n<p class=\"wp-block-paragraph\"><strong>En un alarmante intento por justificar el crecimiento de la morosidad que asfixia a miles de hogares, el vocero presidencial Adri\u00e1n Ravier responsabiliz\u00f3 directamente a los usuarios de tarjetas y cr\u00e9ditos por su situaci\u00f3n financiera.<\/strong><\/p>\n\n\n\n<p class=\"wp-block-paragraph\"><strong>\u00abA veces la gente misma se expone a riesgos de impago por no saber manejar sus propios ingresos y obligaciones\u00bb,<\/strong>&nbsp;sentenci\u00f3 el portavoz, desligando por completo al rumbo econ\u00f3mico oficial del estrangulamiento que sufren las familias ante el desplome del poder adquisitivo y el incremento del costo de vida.<\/p>\n\n\n\n<p class=\"wp-block-paragraph\"><strong>La declaraci\u00f3n del funcionario choca de frente con la realidad de una clase media golpeada por las tarifas, los despidos y la destrucci\u00f3n del salario, que en muchos casos se vio obligada a \u00abtarjetear\u00bb comida o financiar saldos m\u00ednimos para llegar a fin de me<\/strong>s.<\/p>\n\n\n\n<p class=\"wp-block-paragraph\">Frente al tendal de deudores, Ravier intent\u00f3 matizar el impacto al se\u00f1alar que la situaci\u00f3n \u00abpreocupa, pero hay cantidad de iniciativas de los bancos de refinanciar\u00bb, y pronostic\u00f3 que \u00abcon el correr del tiempo y la baja de tasas esto se va a ir facilitando\u00bb; una respuesta de tono voluntarista que, lejos de calmar las aguas, traslada la soluci\u00f3n al sector financiero.<\/p>\n\n\n\n<ul class=\"wp-block-list\">\n<li><a href=\"https:\/\/www.eldestapeweb.com\/tag\/deudas\">Deudas<\/a><\/li>\n\n\n\n<li><a href=\"https:\/\/www.eldestapeweb.com\/tag\/creditos\">Cr\u00e9ditos<\/a><\/li>\n\n\n\n<li><a href=\"https:\/\/www.eldestapeweb.com\/tag\/morosidad\">morosidad<\/a><\/li>\n<\/ul>\n","protected":false},"excerpt":{"rendered":"<p>El dato se desprende de un informe de la\u00a0subsecretar\u00eda de Defensa del Consumidor. Hoy casi seis millones de personas se encuentra en situaci\u00f3n de morosidad. Fuente: https:\/\/www.eldestapeweb.com\/ 18 de agosto: 2026. Durante el primer semestre del 2026 se registraron&nbsp;200 reclamos por&nbsp;las tasas abusivas de bancos y fintech,&nbsp;seg\u00fan un relevamiento sobre servicios financieros realizados por&nbsp;la subsecretar\u00eda [&hellip;]<\/p>\n","protected":false},"author":3,"featured_media":3154,"comment_status":"closed","ping_status":"closed","sticky":false,"template":"","format":"standard","meta":{"sync_status":"","episode_type":"","audio_file":"","castos_file_data":"","podmotor_file_id":"","cover_image":"","cover_image_id":"","duration":"","filesize":"","filesize_raw":"","date_recorded":"","explicit":"","block":"","footnotes":""},"categories":[21],"tags":[],"class_list":["post-3152","post","type-post","status-publish","format-standard","has-post-thumbnail","hentry","category-economia"],"_links":{"self":[{"href":"https:\/\/fmmural91.uno\/2024\/wp-json\/wp\/v2\/posts\/3152","targetHints":{"allow":["GET"]}}],"collection":[{"href":"https:\/\/fmmural91.uno\/2024\/wp-json\/wp\/v2\/posts"}],"about":[{"href":"https:\/\/fmmural91.uno\/2024\/wp-json\/wp\/v2\/types\/post"}],"author":[{"embeddable":true,"href":"https:\/\/fmmural91.uno\/2024\/wp-json\/wp\/v2\/users\/3"}],"replies":[{"embeddable":true,"href":"https:\/\/fmmural91.uno\/2024\/wp-json\/wp\/v2\/comments?post=3152"}],"version-history":[{"count":1,"href":"https:\/\/fmmural91.uno\/2024\/wp-json\/wp\/v2\/posts\/3152\/revisions"}],"predecessor-version":[{"id":3155,"href":"https:\/\/fmmural91.uno\/2024\/wp-json\/wp\/v2\/posts\/3152\/revisions\/3155"}],"wp:featuredmedia":[{"embeddable":true,"href":"https:\/\/fmmural91.uno\/2024\/wp-json\/wp\/v2\/media\/3154"}],"wp:attachment":[{"href":"https:\/\/fmmural91.uno\/2024\/wp-json\/wp\/v2\/media?parent=3152"}],"wp:term":[{"taxonomy":"category","embeddable":true,"href":"https:\/\/fmmural91.uno\/2024\/wp-json\/wp\/v2\/categories?post=3152"},{"taxonomy":"post_tag","embeddable":true,"href":"https:\/\/fmmural91.uno\/2024\/wp-json\/wp\/v2\/tags?post=3152"}],"curies":[{"name":"wp","href":"https:\/\/api.w.org\/{rel}","templated":true}]}}