{"id":3162,"date":"2026-08-19T08:34:27","date_gmt":"2026-08-19T11:34:27","guid":{"rendered":"https:\/\/fmmural91.uno\/2024\/?p=3162"},"modified":"2026-08-19T08:34:29","modified_gmt":"2026-08-19T11:34:29","slug":"los-fondos-internacionales-dejan-de-apostar-por-milei-y-el-riesgo-pais-otra-vez-supera-los-500-puntos","status":"publish","type":"post","link":"https:\/\/fmmural91.uno\/2024\/los-fondos-internacionales-dejan-de-apostar-por-milei-y-el-riesgo-pais-otra-vez-supera-los-500-puntos\/","title":{"rendered":"Los fondos internacionales dejan de apostar por Milei y el Riesgo Pa\u00eds otra vez supera los 500 puntos"},"content":{"rendered":"\n<p class=\"wp-block-paragraph\">Los fondos de inversi\u00f3n aceleran la salida de Argentina, en un contexto de debilitamiento de la imagen del presidente Javier Milei que pone en duda su aspiraci\u00f3n a la reelecci\u00f3n, y complican la pol\u00edtica de atraso cambiario generando una mayor expectativa de devaluaci\u00f3n.<\/p>\n\n\n\n<p class=\"wp-block-paragraph\">Por <a href=\"https:\/\/www.eldestapeweb.com\/perfil\/fernando-alonso\">Fernando Alonso<\/a>   &#8211;   Fuente: <a href=\"https:\/\/www.eldestapeweb.com\/\">https:\/\/www.eldestapeweb.com\/<\/a>   19 de agosto, 2026.<\/p>\n\n\n\n<p class=\"wp-block-paragraph\">El&nbsp;<strong>Riesgo Pa\u00eds<\/strong>&nbsp;se dispar\u00f3 otra vez&nbsp;<strong>arriba de los 500 puntos<\/strong>&nbsp;como reflejo de la decisi\u00f3n de los principales fondos de inversi\u00f3n de acelerar la salida de los activos financieros argentinos en un contexto de p\u00e9rdida de respaldo social al programa econ\u00f3mico del&nbsp;<strong>presidente libertario&nbsp;<a target=\"_blank\" href=\"https:\/\/www.eldestapeweb.com\/politica\/milei-amplio-secreto-militar-salida-armamento-militar-20268189319\" rel=\"noreferrer noopener\">Javier Milei<\/a><\/strong>&nbsp;que pone en duda la capacidad de&nbsp;<strong>sostener el esquema cambiario y genera una mayor expectativa de devaluaci\u00f3n<\/strong>.<\/p>\n\n\n\n<p class=\"wp-block-paragraph\">La&nbsp;<strong>salida de capitales<\/strong>&nbsp;se extendi\u00f3 a&nbsp;<strong>los activos privados y los ADR<\/strong>, las acciones de empresas argentinas que cotizan en&nbsp;<strong>Wall Street<\/strong>, registraron p\u00e9rdidas generalizadas del&nbsp;<strong>orden del 3% y 4% con especial<\/strong>&nbsp;castigo a los bancos por el temor a que la flexibilizaci\u00f3n dispuesta por el Gobierno y el Banco Central de la Rep\u00fablica Argentina para que otorguen cr\u00e9ditos en d\u00f3lares puede poner en riesgo la solvencia del sistema.<\/p>\n\n\n\n<p class=\"wp-block-paragraph\">La presi\u00f3n tambi\u00e9n se reflej\u00f3 en la suba de la tasa de inter\u00e9s en operaciones de cauci\u00f3n a un d\u00eda, que&nbsp;<strong>super\u00f3 30% de TNA a un d\u00eda por la falta de liquidez en el sistema<\/strong>. El&nbsp;<strong>Gobierno&nbsp;<\/strong>quiere que las empresas se financien en d\u00f3lares para no pagar esa tasa, lo que puede provocar que la ruptura de la cadena de pagos en pesos se traslade a las operaciones en d\u00f3lares poniendo en riesgo los dep\u00f3sitos de ahorristas.<\/p>\n\n\n\n<p class=\"wp-block-paragraph\">Ese clima externo negativo se traslad\u00f3 a las operaciones en el mercado local, donde&nbsp;<strong>el \u00edndice Merval de las principales empresas se desplom\u00f3 en d\u00f3lares 2,3% y la comisi\u00f3n para sacar divisas del pa\u00eds se elev\u00f3 a 3,9%<\/strong>&nbsp;como reflejo de la suba de&nbsp;<strong>0,2% del d\u00f3lar MEP<\/strong>&nbsp;que se acredita en cuentas locales y de&nbsp;<strong>0,5% del d\u00f3lar CCL<\/strong>&nbsp;que se acredita en cuentas del exterior.<\/p>\n\n\n\n<p class=\"wp-block-paragraph\">El pesimismo que se instal\u00f3 sobre los activos financieros argentinos se agrav\u00f3 por un contexto internacional menos favorable, con la tasa de los bonos del&nbsp;<strong>Tesoro de Estados Unidos, Treasury<\/strong>,&nbsp;<strong>a 30 a\u00f1os alcanz\u00f3 su nivel m\u00e1s alto desde 2007<\/strong>, y la tasa<strong>&nbsp;a 10 a\u00f1os en 4,75%<\/strong>, \u00abuna zona que hist\u00f3ricamente empieza a generar mayor sensibilidad en el resto de los activos financieros\u00bb, como reflej\u00f3 en su informe el banco CMF.<\/p>\n\n\n\n<p class=\"wp-block-paragraph\">Sin embargo, ese clima internacional no es el detonante de la ca\u00edda de los activos locales ya que&nbsp;<strong>el Bovespa de la bolsa de Brasil cerr\u00f3 neutro mientras subieron los principales indicadores de los mercados de Lima, Santiago de Chile o Bogot\u00e1<\/strong>, los m\u00e1s representativos de la regi\u00f3n mientras a nivel global hubo indicadores mixtos.<\/p>\n\n\n\n<figure class=\"wp-block-image size-full\"><a href=\"https:\/\/fmmural91.uno\/2024\/wp-content\/uploads\/2026\/08\/Captura-de-pantalla-2026-08-19-082948.png\"><img fetchpriority=\"high\" decoding=\"async\" width=\"827\" height=\"467\" src=\"https:\/\/fmmural91.uno\/2024\/wp-content\/uploads\/2026\/08\/Captura-de-pantalla-2026-08-19-082948.png\" alt=\"\" class=\"wp-image-3163\" srcset=\"https:\/\/fmmural91.uno\/2024\/wp-content\/uploads\/2026\/08\/Captura-de-pantalla-2026-08-19-082948.png 827w, https:\/\/fmmural91.uno\/2024\/wp-content\/uploads\/2026\/08\/Captura-de-pantalla-2026-08-19-082948-559x316.png 559w, https:\/\/fmmural91.uno\/2024\/wp-content\/uploads\/2026\/08\/Captura-de-pantalla-2026-08-19-082948-768x434.png 768w\" sizes=\"(max-width: 827px) 100vw, 827px\" \/><\/a><\/figure>\n\n\n\n<p class=\"wp-block-paragraph\">La principal preocupaci\u00f3n que refleja la p\u00e9rdida de valor de&nbsp;<strong>los activos financieros argentinos<\/strong>&nbsp;est\u00e1 relacionada con la combinaci\u00f3n de la ca\u00edda del apoyo que reflejan las encuestas tanto en&nbsp;<strong>la gesti\u00f3n del presidente Milei<\/strong>&nbsp;como en la marcha global de su gobierno y en especial del programa econ\u00f3mico, junto con los distintos indicadores de la marcha de la econom\u00eda que no muestran ninguna se\u00f1al de recuperaci\u00f3n de la actividad.<\/p>\n\n\n\n<p class=\"wp-block-paragraph\"><strong>El Gobierno<\/strong>&nbsp;intent\u00f3 instalar este martes la idea de una inflaci\u00f3n controlada,&nbsp;<strong>al informar el Indec un incremento de los precios mayorista de 0,8%,<\/strong>&nbsp;aunque se trata de un indicador que no anticipa la evoluci\u00f3n de los precios minoristas y que en un esquema de recesi\u00f3n y atraso cambiario deber\u00eda ser significativamente m\u00e1s bajo.<\/p>\n\n\n\n<p class=\"wp-block-paragraph\">La&nbsp;<strong>inflaci\u00f3n mayorista<\/strong>, que refleja costos de los insumos de producci\u00f3n y no del precio de salida de f\u00e1brica,&nbsp;<strong>fue de 0,8% para los productos nacionales y de 0,5% para los productos importados<\/strong>, un incremento este \u00faltimo que estuvo incluso por encima del incremento del d\u00f3lar que a lo largo del mes tuvo una variaci\u00f3n de 0,3%.<\/p>\n\n\n\n<p class=\"wp-block-paragraph\">Los&nbsp;<strong>productos nacionales reflejaron una ca\u00edda de 2,2% en productos primarios<\/strong>, contrarrestado con un incremento de 1,7% en los productos manufacturados y de 5,8% en el precio de la energ\u00eda, por aumentos autorizados por el gobierno de tarifas reguladas.<\/p>\n\n\n\n<p class=\"wp-block-paragraph\">En julio influy\u00f3 transitoriamente la ca\u00edda del precio del barril del petr\u00f3leo,&nbsp;<strong>seg\u00fan midi\u00f3 el Indec de 9,2%<\/strong>, que gener\u00f3 la firma de un&nbsp;<strong>memor\u00e1ndum de entendimiento entre Estados Unidos e Ir\u00e1n<\/strong>, que tuvo un efecto transitorio que se licu\u00f3 ya en agosto con el reinicio de hostilidades por lo que anticipa un rebote en agosto cuando el barril volvi\u00f3 a la zona de los<strong>&nbsp;90 d\u00f3lares<\/strong>.<\/p>\n\n\n\n<p class=\"wp-block-paragraph\">En cambio, indicadores privados sobre la evoluci\u00f3n de los precios minoristas est\u00e1n anticipando un rebote en los precios de los alimentos, de hasta 4,4% en la primera mitad del mes en supermercados con una proyecci\u00f3n de inflaci\u00f3n global que se sostendr\u00e1&nbsp;<strong>en torno de 2% mensual<\/strong>.<\/p>\n\n\n\n<p class=\"wp-block-paragraph\">Ese dato, junto con otros como el informe oficial de la sobre<strong>&nbsp;la destrucci\u00f3n de puestos de trabajos formales<\/strong>&nbsp;o el que refleja la p\u00e9rdida de poder adquisitivo de los salarios de convenio, generalmente los que mejor capacidad tienen de negociar incremento en paritarias, transmiten la convicci\u00f3n de que la ca\u00edda del consumo se sostendr\u00e1 generando menor nivel de actividad econ\u00f3mica que impacta en la ca\u00edda de la recaudaci\u00f3n de impuestos y complica sostener el super\u00e1vit fiscal.<\/p>\n\n\n\n<p class=\"wp-block-paragraph\">El&nbsp;<strong>ministro de Econom\u00eda, Luis Caputo<\/strong>, intent\u00f3&nbsp;a lo largo del martes saturar al mercado de \u201cbuenas noticias\u201d con la difusi\u00f3n del super\u00e1vit fiscal de julio, donde inform\u00f3 que pese al pago de servicios de la deuda en d\u00f3lares tambi\u00e9n obtuvo super\u00e1vit financiero, festejar los datos de inflaci\u00f3n mayoristas y finalmente difundir&nbsp;<strong>una foto junto con el jefe de Gabinete, Diego Santilli, y los gobernadores del Norte argentinos<\/strong>.<\/p>\n\n\n\n<p class=\"wp-block-paragraph\"><strong>Caputo anunci\u00f3 que consensuaron una propuesta para redefinir los subsidios a la energ\u00eda en las zonas c\u00e1lidas y muy c\u00e1lidas<\/strong>, un reclamo hist\u00f3rico de las provincias. \u201cAcordamos trabajar en conjunto para avanzar en su implementaci\u00f3n lo antes posible\u201d, dijo el ministro en un posteo en la red social&nbsp;<em>\u201cX\u201d<\/em>.<\/p>\n\n\n\n<p class=\"wp-block-paragraph\">El&nbsp;<strong>Gobierno&nbsp;<\/strong>busca apoyo para que los&nbsp;<strong>legisladores del Norte&nbsp;<\/strong>voten en contra del subsidio al gas en el sur del pa\u00eds a cambio de un subsidio a la electricidad. La idea de una pelea de pobres, sacar subsidios a unos a cambio de prometerle a otros, un esquema poco viable que&nbsp;<strong>genera confusi\u00f3n adentro y afuera.<\/strong><\/p>\n\n\n\n<ul class=\"wp-block-list\">\n<li><a href=\"https:\/\/www.eldestapeweb.com\/tag\/riesgo-pais\">Riesgo Pa\u00eds<\/a><\/li>\n\n\n\n<li><a href=\"https:\/\/www.eldestapeweb.com\/tag\/javier-milei\">Javier Milei<\/a><\/li>\n\n\n\n<li><a href=\"https:\/\/www.eldestapeweb.com\/tag\/javier-milei-presidente\">Javier Milei presidente<\/a><\/li>\n\n\n\n<li><a href=\"https:\/\/www.eldestapeweb.com\/tag\/originales\">Originales<\/a><\/li>\n<\/ul>\n","protected":false},"excerpt":{"rendered":"<p>Los fondos de inversi\u00f3n aceleran la salida de Argentina, en un contexto de debilitamiento de la imagen del presidente Javier Milei que pone en duda su aspiraci\u00f3n a la reelecci\u00f3n, y complican la pol\u00edtica de atraso cambiario generando una mayor expectativa de devaluaci\u00f3n. Por Fernando Alonso &#8211; Fuente: https:\/\/www.eldestapeweb.com\/ 19 de agosto, 2026. El&nbsp;Riesgo Pa\u00eds&nbsp;se [&hellip;]<\/p>\n","protected":false},"author":3,"featured_media":3164,"comment_status":"closed","ping_status":"closed","sticky":false,"template":"","format":"standard","meta":{"sync_status":"","episode_type":"","audio_file":"","castos_file_data":"","podmotor_file_id":"","cover_image":"","cover_image_id":"","duration":"","filesize":"","filesize_raw":"","date_recorded":"","explicit":"","block":"","footnotes":""},"categories":[21],"tags":[],"class_list":["post-3162","post","type-post","status-publish","format-standard","has-post-thumbnail","hentry","category-economia"],"_links":{"self":[{"href":"https:\/\/fmmural91.uno\/2024\/wp-json\/wp\/v2\/posts\/3162","targetHints":{"allow":["GET"]}}],"collection":[{"href":"https:\/\/fmmural91.uno\/2024\/wp-json\/wp\/v2\/posts"}],"about":[{"href":"https:\/\/fmmural91.uno\/2024\/wp-json\/wp\/v2\/types\/post"}],"author":[{"embeddable":true,"href":"https:\/\/fmmural91.uno\/2024\/wp-json\/wp\/v2\/users\/3"}],"replies":[{"embeddable":true,"href":"https:\/\/fmmural91.uno\/2024\/wp-json\/wp\/v2\/comments?post=3162"}],"version-history":[{"count":1,"href":"https:\/\/fmmural91.uno\/2024\/wp-json\/wp\/v2\/posts\/3162\/revisions"}],"predecessor-version":[{"id":3165,"href":"https:\/\/fmmural91.uno\/2024\/wp-json\/wp\/v2\/posts\/3162\/revisions\/3165"}],"wp:featuredmedia":[{"embeddable":true,"href":"https:\/\/fmmural91.uno\/2024\/wp-json\/wp\/v2\/media\/3164"}],"wp:attachment":[{"href":"https:\/\/fmmural91.uno\/2024\/wp-json\/wp\/v2\/media?parent=3162"}],"wp:term":[{"taxonomy":"category","embeddable":true,"href":"https:\/\/fmmural91.uno\/2024\/wp-json\/wp\/v2\/categories?post=3162"},{"taxonomy":"post_tag","embeddable":true,"href":"https:\/\/fmmural91.uno\/2024\/wp-json\/wp\/v2\/tags?post=3162"}],"curies":[{"name":"wp","href":"https:\/\/api.w.org\/{rel}","templated":true}]}}