{"id":3215,"date":"2026-08-20T09:00:06","date_gmt":"2026-08-20T12:00:06","guid":{"rendered":"https:\/\/fmmural91.uno\/2024\/?p=3215"},"modified":"2026-08-20T09:00:07","modified_gmt":"2026-08-20T12:00:07","slug":"las-esquirlas-del-atentado-a-la-expareja-del-consultor","status":"publish","type":"post","link":"https:\/\/fmmural91.uno\/2024\/las-esquirlas-del-atentado-a-la-expareja-del-consultor\/","title":{"rendered":"Las esquirlas del atentado a la expareja del consultor"},"content":{"rendered":"\n<h1 class=\"wp-block-heading\">Cerimedo, Spagnuolo y la trama de la corrupci\u00f3n en la Andis<\/h1>\n\n\n\n<p class=\"wp-block-paragraph\">Desde el hospital de Santa Cruz, Bolivia, donde se recupera de una balacera, Nadia Beller asegura tener grabaciones donde el exconsultor de Milei le confiesa manejos turbios del Gobierno. Pidieron citarla a declarar. Los audios filtrados vuelven al centro de la escena.<\/p>\n\n\n\n<p class=\"wp-block-paragraph\"><a href=\"https:\/\/www.pagina12.com.ar\/autores\/matias-ferrari\">Por\u00a0Mat\u00edas Ferrari<\/a>   &#8211;   Fuente: <a href=\"https:\/\/www.pagina12.com.ar\/\">https:\/\/www.pagina12.com.ar\/<\/a>   20 de agosto, 2026.<\/p>\n\n\n\n<p class=\"wp-block-paragraph\">Por efecto mariposa, la balacera que casi mata a Nadia Beller, la expareja de Fernando Cerimedo \u2014<a href=\"https:\/\/www.pagina12.com.ar\/2026\/08\/19\/fernando-cerimedo-preso-y-con-pocas-chances-de-salir\/\">preso en Bolivia, acusado de ser el autor intelectual del atentado<\/a>\u2014 tuvo su rebote en Comodoro Py, m\u00e1s precisamente&nbsp;<strong>en la causa Andis<\/strong>. Desde la cama de la cl\u00ednica Las Am\u00e9ricas de Santa Cruz, donde permanece internada, Beller prendi\u00f3 el ventilador y asegur\u00f3 que el superconsultor de Javier Milei y la derecha latinoamericana&nbsp;<strong>le habl\u00f3 \u201cmuchas veces de la corrupci\u00f3n\u201d<\/strong>&nbsp;del gobierno libertario; y revel\u00f3 que el propio Cerimedo y su exesposa, Natalia Basil, fueron quienes filtraron los audios en los que Diego Spanguolo hablaba abiertamente de coimas y del famoso&nbsp;<strong>\u201c3 por ciento para Karina\u201d<\/strong>. En di\u00e1logo con<strong>&nbsp;P\u00e1gina\/12,&nbsp;<\/strong>Beller asegur\u00f3 que tiene en su poder las grabaciones de esas charlas con las supuestas confesiones que el consultor le hac\u00eda en la intimidad.&nbsp;<strong>\u201cDuran m\u00e1s de una hora y las tengo guardadas en distintos dispositivos\u201d<\/strong>,dijo. Y agreg\u00f3 que est\u00e1 dispuesta, si la convocan,&nbsp;<strong>a declarar ante la justicia argentina y aportarlas como prueba.&nbsp;<\/strong>La diputada Marcela Pagano ya hizo un pedido para motorizar la testimonial. La medida est\u00e1 siendo evaluada por el fiscal Franco Piccardi, quien lleva adelante la investigaci\u00f3n en la causa que ya tiene a 18 empresarios y exfuncionarios procesados por asociaci\u00f3n il\u00edcita, cohecho, fraude al Estado y negociaciones incompatibles con la funci\u00f3n p\u00fablica.<\/p>\n\n\n\n<h2 class=\"wp-block-heading\"><strong>\u201cEra una olla a presi\u00f3n, plagada de corrupci\u00f3n\u201d<\/strong><\/h2>\n\n\n\n<p class=\"wp-block-paragraph\">En di\u00e1logo coneste diario, Beller \u2014abogada de profesi\u00f3n\u2014 describi\u00f3 lo que recuerda de esas charlas con su expareja y supuesto victimario. El contenido de las grabaciones, dijo, est\u00e1 plagado de fragmentos en los que el consultor supuestamente le confiesa que el gobierno de Milei<strong>&nbsp;\u201cera una olla a presi\u00f3n, plagada de corrupci\u00f3n\u201d.<\/strong>&nbsp;Que Cerimedo hab\u00eda hablado en varias oportunidades del tema y, sobre todo,<strong>&nbsp;\u201cde Karina Milei, que era la cabeza de todo\u201d.<\/strong><\/p>\n\n\n\n<p class=\"wp-block-paragraph\">Las grabaciones tienen, en algunos casos, m\u00e1s de una hora de duraci\u00f3n y fueron registradas, seg\u00fan su relato, como material de resguardo ante una posible \u201ccampa\u00f1a de difamaci\u00f3n\u201d que entend\u00eda pod\u00eda llegar a sufrir por parte de Cerimedo, de quien desconfiaba hac\u00eda tiempo \u2014hab\u00eda una tercera en discordia\u2014 y a quien tambi\u00e9n acus\u00f3 de violencia de g\u00e9nero. \u201cPor eso lo grab\u00e9, porque cuando empezamos a pelear y \u00e9l me amenazaba y maltrataba, sent\u00eda que deb\u00eda resguardarme\u201d.<\/p>\n\n\n\n<p class=\"wp-block-paragraph\">Pese a la convalecencia, Beller tambi\u00e9n record\u00f3 que, en alg\u00fan momento, la relaci\u00f3n entre Cerimedo y el ecosistema libertario se rompi\u00f3, y que ella fue testigo de ese proceso.&nbsp;<strong>\u201c\u00c9l dec\u00eda que tem\u00eda que el Gobierno se pudiera caer.<\/strong>&nbsp;Tambi\u00e9n que ve\u00eda muchas cosas mal, como la represi\u00f3n, y algunas leyes que sacaba Milei\u201d, dijo. \u201cPero tambi\u00e9n llegu\u00e9 a escuchar c\u00f3mo se peleaba con sus socios de Argentina, especialmente con Santi (por Caputo), al que nombraba todo el tiempo\u201d, cont\u00f3.<\/p>\n\n\n\n<p class=\"wp-block-paragraph\">\u201cTuvo varias desavenencias pol\u00edticas con ellos\u201d, agreg\u00f3 y aclar\u00f3 que, seg\u00fan su opini\u00f3n, Cerimedo pudo haber mandado a filtrar los audios cuando la relaci\u00f3n con sus socios argentinos no ten\u00eda retorno.<\/p>\n\n\n\n<p class=\"wp-block-paragraph\">En ese marco,&nbsp;<strong>Beller destac\u00f3 el rol de la exesposa y madre de los hijos de Cerimedo, Natalia Basil, en la filtraci\u00f3n de los audios.<\/strong>&nbsp;\u201c\u00c9l me dec\u00eda todo el tiempo que era una corrupta, que quer\u00eda escalar en el gobierno, y era cierto. Ten\u00eda todo tipo de negocios\u201d, sostuvo. \u201cElla fue, seg\u00fan \u00e9l me dijo siempre, la encargada de filtrar los audios. Incluso mand\u00f3 una carta a Comodoro Py que dio inicio a la investigaci\u00f3n\u201d, agreg\u00f3.<\/p>\n\n\n\n<h2 class=\"wp-block-heading\"><strong>El impacto en la causa<\/strong><\/h2>\n\n\n\n<p class=\"wp-block-paragraph\">Seg\u00fan pudo saber este diario,<strong>&nbsp;la citaci\u00f3n de Beller como testigo estaba siendo evaluada por el fiscal Piccardi<\/strong>. De todos modos, su testimonio hasta ahora no difiere demasiado de lo que el propio Cerimedo ya hab\u00eda revelado en Comodoro Py el a\u00f1o pasado. Citado ante la fiscal\u00eda en septiembre de 2025, el consultor hab\u00eda confirmado su relaci\u00f3n previa con Spagnuolo, a quien conoc\u00eda del mundo libertario desde tiempo antes de la llegada de Javier Milei al poder. Aquella vez,&nbsp;<strong>Cerimedo declar\u00f3 que el extitular de Andis le confes\u00f3 en charlas privadas la existencia de las coimas, que \u201cel 3 por ciento iba a la Casa Rosada\u201d, y que Lule Menem se llevaba \u201cun palo (d\u00f3lares) por mes\u201d<\/strong>&nbsp;por avalar \u201cdesde arriba\u201d las licitaciones infladas.<\/p>\n\n\n\n<p class=\"wp-block-paragraph\"><strong>Desde la defensa de Spagnuolo, en tanto, se entusiasman con sacar provecho de la situaci\u00f3n<\/strong>. Creen que el testimonio de Beller confirma que se trat\u00f3 desde el vamos de \u201cuna operaci\u00f3n de inteligencia\u201d. La defensa del exfuncionario se basa en la \u201cteor\u00eda del fruto del \u00e1rbol envenenado\u201d: argumentar que los audios son truchos o fueron creados o modificados por IA con el supuesto objetivo de crear un esc\u00e1ndalo medi\u00e1tico de corrupci\u00f3n para perjudicar deliberadamente al Gobierno.<\/p>\n\n\n\n<p class=\"wp-block-paragraph\">En esa l\u00ednea hay una causa paralela, a cargo del fiscal Stornelli, que sigue esa hip\u00f3tesis. Pero fue creada para enturbiar el caso principal que est\u00e1 sentado en bases s\u00f3lidas, con los sobreprecios m\u00e1s que comprobados en base a evidencia recabada de los tel\u00e9fonos celulares de Miguel \u00c1ngel Calvete y Pablo Atachabaian, entre otros procesados, mas toda la documentaci\u00f3n de las licitaciones, recabada en distintos allanamientos en la Andis.<\/p>\n\n\n\n<p class=\"wp-block-paragraph\">El juez federal Ariel Lijo, en tanto,<strong>&nbsp;ya resolvi\u00f3 que avanzar\u00e1 en el peritaje de los audios.<\/strong>&nbsp;Spagnuolo hab\u00eda pedido la nulidad de las grabaciones, pero no quiso dar una muestra de su voz.El mi\u00e9rcoles que viene comenzar\u00e1 el estudio, que estar\u00e1 a cargo de la Direcci\u00f3n de Criminal\u00edstica de Gendarmer\u00eda.<\/p>\n\n\n\n<p class=\"wp-block-paragraph\">M\u00e1s all\u00e1 de los audios, el material probatorio de las coimas es apabullante. Solo con los tickets de las compulsas de precios, el fiscal pudo demostrar que el 93,11% de las \u00f3rdenes de compra de medicamentos de alto costo terminaban concentradas \u00fanicamente en Profarma y G\u00e9nesis, y que otras firmas como New Farma y Floresta operaban de \u201cpantalla\u201d, simulando competir pero cotizando precios rid\u00edculamente altos para facilitar la victoria de las otras.<\/p>\n\n\n\n<p class=\"wp-block-paragraph\">En los cuadernos contables de Calvete, adem\u00e1s, hay registros de fechas de pago que coincid\u00edan con los que hac\u00eda el Estado. All\u00ed tambi\u00e9n hab\u00eda garabatos de retornos para el grupo, que oscilaban entre el 12% y el 20% de cada adjudicaci\u00f3n. A eso se le suman los chats de WhatsApp, donde se jactaban pr\u00e1cticamente de dirigir el organismo desde afuera y donde se registran distintos pagos que recib\u00eda el propio Spagnuolo, que el exfuncionario nunca quiso explicar.<\/p>\n\n\n\n<h2 class=\"wp-block-heading\"><strong>El origen de la filtraci\u00f3n<\/strong><\/h2>\n\n\n\n<p class=\"wp-block-paragraph\">Basil, se\u00f1alada por Beller como la que \u201cejecut\u00f3\u201d la filtraci\u00f3n de los audios, fue funcionaria de la Andis entre abril y diciembre de 2024, un momento cr\u00edtico para la operatoria de las coimas. Seg\u00fan consta en la causa, la banda comenz\u00f3 a operar el sistema de licitaciones para medicamentos de alto costo en junio de ese mismo a\u00f1o.<\/p>\n\n\n\n<p class=\"wp-block-paragraph\">Por eso es plausible que haya conseguido informaci\u00f3n interna sobre la operatoria, lo que avalar\u00eda la versi\u00f3n de Beller. De todos modos, ella se desempe\u00f1aba en el \u00e1rea de pensiones y no en el Incluir Salud, la cueva de las coimas. Adem\u00e1s,&nbsp;<strong>el pico de la \u201cfiesta\u201d de sobreprecios y coimas se dio entre mayo y junio de 2025, con Basil ya fuera del organismo.&nbsp;<\/strong>Y por si fuera poco, se sabe que ella nunca dej\u00f3 de responder al propio Cerimedo, con quien segu\u00eda teniendo un v\u00ednculo familiar y que a la postre es quien la habr\u00eda hecho ingresar a la funci\u00f3n p\u00fablica.<\/p>\n\n\n\n<p class=\"wp-block-paragraph\">La filtraci\u00f3n de los audios, desde el principio, fue tema de la interna libertaria, con acusaciones cruzadas entre sus distintos protagonistas.<\/p>\n","protected":false},"excerpt":{"rendered":"<p>Cerimedo, Spagnuolo y la trama de la corrupci\u00f3n en la Andis Desde el hospital de Santa Cruz, Bolivia, donde se recupera de una balacera, Nadia Beller asegura tener grabaciones donde el exconsultor de Milei le confiesa manejos turbios del Gobierno. Pidieron citarla a declarar. Los audios filtrados vuelven al centro de la escena. Por\u00a0Mat\u00edas Ferrari [&hellip;]<\/p>\n","protected":false},"author":3,"featured_media":3216,"comment_status":"closed","ping_status":"closed","sticky":false,"template":"","format":"standard","meta":{"sync_status":"","episode_type":"","audio_file":"","castos_file_data":"","podmotor_file_id":"","cover_image":"","cover_image_id":"","duration":"","filesize":"","filesize_raw":"","date_recorded":"","explicit":"","block":"","footnotes":""},"categories":[24],"tags":[],"class_list":["post-3215","post","type-post","status-publish","format-standard","has-post-thumbnail","hentry","category-politica"],"_links":{"self":[{"href":"https:\/\/fmmural91.uno\/2024\/wp-json\/wp\/v2\/posts\/3215","targetHints":{"allow":["GET"]}}],"collection":[{"href":"https:\/\/fmmural91.uno\/2024\/wp-json\/wp\/v2\/posts"}],"about":[{"href":"https:\/\/fmmural91.uno\/2024\/wp-json\/wp\/v2\/types\/post"}],"author":[{"embeddable":true,"href":"https:\/\/fmmural91.uno\/2024\/wp-json\/wp\/v2\/users\/3"}],"replies":[{"embeddable":true,"href":"https:\/\/fmmural91.uno\/2024\/wp-json\/wp\/v2\/comments?post=3215"}],"version-history":[{"count":1,"href":"https:\/\/fmmural91.uno\/2024\/wp-json\/wp\/v2\/posts\/3215\/revisions"}],"predecessor-version":[{"id":3217,"href":"https:\/\/fmmural91.uno\/2024\/wp-json\/wp\/v2\/posts\/3215\/revisions\/3217"}],"wp:featuredmedia":[{"embeddable":true,"href":"https:\/\/fmmural91.uno\/2024\/wp-json\/wp\/v2\/media\/3216"}],"wp:attachment":[{"href":"https:\/\/fmmural91.uno\/2024\/wp-json\/wp\/v2\/media?parent=3215"}],"wp:term":[{"taxonomy":"category","embeddable":true,"href":"https:\/\/fmmural91.uno\/2024\/wp-json\/wp\/v2\/categories?post=3215"},{"taxonomy":"post_tag","embeddable":true,"href":"https:\/\/fmmural91.uno\/2024\/wp-json\/wp\/v2\/tags?post=3215"}],"curies":[{"name":"wp","href":"https:\/\/api.w.org\/{rel}","templated":true}]}}