{"id":3228,"date":"2026-08-20T09:59:59","date_gmt":"2026-08-20T12:59:59","guid":{"rendered":"https:\/\/fmmural91.uno\/2024\/?p=3228"},"modified":"2026-08-20T10:00:00","modified_gmt":"2026-08-20T13:00:00","slug":"el-ajuste-tambien-llego-al-campo-los-trabajadores-producen-los-alimentos-que-ya-no-pueden-comprar","status":"publish","type":"post","link":"https:\/\/fmmural91.uno\/2024\/el-ajuste-tambien-llego-al-campo-los-trabajadores-producen-los-alimentos-que-ya-no-pueden-comprar\/","title":{"rendered":"El ajuste tambi\u00e9n lleg\u00f3 al campo: los trabajadores producen los alimentos que ya no pueden comprar"},"content":{"rendered":"\n<p class=\"wp-block-paragraph\">Un informe alert\u00f3 que un pe\u00f3n ganadero puede comprar menos de la mitad de la carne que en 2015, un trabajador tambero un tercio menos de leche y uno av\u00edcola 30% menos de pollo.<\/p>\n\n\n\n<p class=\"wp-block-paragraph\">Por <a href=\"https:\/\/www.eldestapeweb.com\/perfil\/eugenia-rodriguez\">Eugenia Rodr\u00edguez<\/a>   &#8211;   Fuente: <a href=\"https:\/\/www.eldestapeweb.com\/\">https:\/\/www.eldestapeweb.com\/<\/a>   20 de agosto, 2026.<\/p>\n\n\n\n<p class=\"wp-block-paragraph\">El trabajador rural&nbsp;<a target=\"_blank\" href=\"https:\/\/www.eldestapeweb.com\/tag\/produccion-de-alimentos\" rel=\"noreferrer noopener\">produce los alimentos<\/a>&nbsp;que llegan a la mesa de los argentinos, pero cada vez le cuesta m\u00e1s comprarlos:&nbsp;<strong>un pe\u00f3n ganadero perdi\u00f3 m\u00e1s de la mitad de su capacidad de compra de carne respecto de 2015, un trabajador tambero puede adquirir un tercio menos de leche y un empleado av\u00edcola compra 30% menos de pollo.<\/strong>&nbsp;<strong>Entre quienes cosechan frutas&nbsp;la p\u00e9rdida llega, en promedio, a la mitad de los kilos que pod\u00edan comprar hace una d\u00e9cada.<\/strong><\/p>\n\n\n\n<p class=\"wp-block-paragraph\">Los datos corresponden a un informe sectorial que dio cuenta de un fen\u00f3meno cada vez m\u00e1s extendido y que expone una de las caras menos visibles del&nbsp;<a target=\"_blank\" href=\"https:\/\/www.eldestapeweb.com\/economia\/modelo-no-cierra-record-empresas-endeudadas-dolares-morosidad-irrecuperables-202662155012\" rel=\"noreferrer noopener\">modelo econ\u00f3mico actual<\/a>: una parte de los trabajadores que genera la riqueza agropecuaria tiene cada vez menos acceso a ella.&nbsp;<strong>De hecho, poco m\u00e1s del 60,0% de la poblaci\u00f3n econ\u00f3micamente activa del agro trabaja en relaci\u00f3n de dependencia y genera alrededor del 80,0% del valor agregado del sector, sin embargo, el deterioro de sus ingresos reduce su participaci\u00f3n en los alimentos que producen<\/strong>&nbsp;y, al mismo tiempo, libera excedentes que se orientan a mercados externos.<\/p>\n\n\n\n<h2 class=\"wp-block-heading\">El campo es m\u00e1s rico, los trabajadores m\u00e1s pobres<\/h2>\n\n\n\n<p class=\"wp-block-paragraph\">Los trabajadores y trabajadoras del campo que producen nuestros alimentos no pueden comprarlos. As\u00ed lo sostuvo un documento presentado por el Instituto de Estudios y Formaci\u00f3n de la CTA (IEF) que asegur\u00f3 que&nbsp;<strong>\u201cfruto de sus bajos salarios, esos trabajadores est\u00e1n siendo cada vez m\u00e1s excluidos de los bienes alimenticios que ayudan a producir\u201d.<\/strong><\/p>\n\n\n\n<p class=\"wp-block-paragraph\">El caso de la carne vacuna ilustra con claridad esa situaci\u00f3n.&nbsp;<strong>Un pe\u00f3n ganadero hoy puede comprar con su salario menos de la mitad de la carne que pod\u00eda comprar en 2015.<\/strong>&nbsp;La p\u00e9rdida de poder de compra se da al mismo tiempo que&nbsp;<a target=\"_blank\" href=\"https:\/\/www.eldestapeweb.com\/economia\/historico-desplome-consumo-carne-derrumbo-12-julio-20268181752\" rel=\"noreferrer noopener\">el consumo de carne de los argentinos tambi\u00e9n se desplom\u00f3<\/a>: de los 60,4 kilos anuales por habitante de 2015 se pas\u00f3 a menos de 50 kilos. Es decir, tanto quien produce como quien consume qued\u00f3 con menos acceso al alimento.&nbsp;<strong>Sin embargo, en paralelo, las exportaciones pasaron de 130.000 toneladas a arriba de 700.00 toneladas ene se lapso.&nbsp;<\/strong>El informe del IEF-CTA plante\u00f3 as\u00ed una relaci\u00f3n directa entre el deterioro del consumo interno y la expansi\u00f3n de los saldos exportables:<strong>&nbsp;<\/strong>una parte de lo que los trabajadores dejaron de comprar termin\u00f3 encontrando compradores fuera del pa\u00eds.<\/p>\n\n\n\n<p class=\"wp-block-paragraph\">\u201c<strong>A pesar de que trabajan lo mismo o m\u00e1s que antes, ahora le dan por eso menos de lo que ellos mismos producen<\/strong>. Esa diferencia que todos y todas pagamos en el mostrador, no va a parar a los productores directos de la carne, sino a los due\u00f1os\u201d, analizaron los especialistas.&nbsp;<\/p>\n\n\n\n<figure class=\"wp-block-image size-full\"><a href=\"https:\/\/fmmural91.uno\/2024\/wp-content\/uploads\/2026\/08\/Captura-de-pantalla-2026-08-20-095115.png\"><img fetchpriority=\"high\" decoding=\"async\" width=\"860\" height=\"540\" src=\"https:\/\/fmmural91.uno\/2024\/wp-content\/uploads\/2026\/08\/Captura-de-pantalla-2026-08-20-095115.png\" alt=\"\" class=\"wp-image-3229\" srcset=\"https:\/\/fmmural91.uno\/2024\/wp-content\/uploads\/2026\/08\/Captura-de-pantalla-2026-08-20-095115.png 860w, https:\/\/fmmural91.uno\/2024\/wp-content\/uploads\/2026\/08\/Captura-de-pantalla-2026-08-20-095115-559x351.png 559w, https:\/\/fmmural91.uno\/2024\/wp-content\/uploads\/2026\/08\/Captura-de-pantalla-2026-08-20-095115-768x482.png 768w\" sizes=\"(max-width: 860px) 100vw, 860px\" \/><\/a><\/figure>\n\n\n\n<p class=\"wp-block-paragraph\">Una din\u00e1mica similar se observ\u00f3 en la\u00a0<a href=\"https:\/\/www.eldestapeweb.com\/economia\/consumo-lacteos-no-caer-ventas-bajaron-casi-2-mayo-2026630221447\" target=\"_blank\" rel=\"noreferrer noopener\">cadena l\u00e1ctea<\/a>.\u00a0<strong>Un trabajador del sector que en 2015 pod\u00eda comprar una determinada cantidad de leche con su salario hoy adquiere un tercio menos.<\/strong>\u00a0La p\u00e9rdida se profundiza cuando se mira la leche en polvo: puede comprar apenas la mitad de lo que pod\u00eda hace una d\u00e9cada. En otros derivados,\u00a0<strong>el retroceso es todav\u00eda mayor: 45,0% menos manteca, 35,0% menos queso cremoso y 27,0% menos dulce de leche. El caso extremo es el yogur firme: el poder de compra del salario cay\u00f3 76,0%.\u00a0<\/strong><\/p>\n\n\n\n<p class=\"wp-block-paragraph\">El informe de los especialistas Juan Manuel Villulla y Emanuel Fern\u00e1ndez indic\u00f3 que&nbsp;<strong>el consumo de leche por habitante cay\u00f3 alrededor de un 30,0% respecto de 2015, mientras la producci\u00f3n total creci\u00f3 casi un 10,0%<\/strong>.&nbsp;<strong>Al mismo tiempo, las exportaciones pasaron evidenciaron un incremento del 28,0%<\/strong>. Mientras el mercado interno pierde capacidad para absorber la producci\u00f3n, una parte creciente encuentra destino en el exterior.&nbsp;<\/p>\n\n\n\n<p class=\"wp-block-paragraph\">En este escenario, la carne y la leche no son excepciones. La misma distancia entre el&nbsp;<a target=\"_blank\" href=\"https:\/\/www.eldestapeweb.com\/tag\/salarios\" rel=\"noreferrer noopener\">salario<\/a>&nbsp;y los alimentos producidos aparece en otras cadenas que forman parte de la mesa cotidiana. Incluso en aquellos productos que fueron ganando lugar como sustitutos de la carne vacuna:&nbsp;<strong>un trabajador av\u00edcola puede comprar hoy 30,0% menos pollo que en 2015 y 37,0% menos huevos.<\/strong><\/p>\n\n\n\n<figure class=\"wp-block-image size-full\"><a href=\"https:\/\/fmmural91.uno\/2024\/wp-content\/uploads\/2026\/08\/Captura-de-pantalla-2026-08-20-095350.png\"><img decoding=\"async\" width=\"868\" height=\"498\" src=\"https:\/\/fmmural91.uno\/2024\/wp-content\/uploads\/2026\/08\/Captura-de-pantalla-2026-08-20-095350.png\" alt=\"\" class=\"wp-image-3230\" srcset=\"https:\/\/fmmural91.uno\/2024\/wp-content\/uploads\/2026\/08\/Captura-de-pantalla-2026-08-20-095350.png 868w, https:\/\/fmmural91.uno\/2024\/wp-content\/uploads\/2026\/08\/Captura-de-pantalla-2026-08-20-095350-559x321.png 559w, https:\/\/fmmural91.uno\/2024\/wp-content\/uploads\/2026\/08\/Captura-de-pantalla-2026-08-20-095350-768x441.png 768w\" sizes=\"(max-width: 868px) 100vw, 868px\" \/><\/a><\/figure>\n\n\n\n<p class=\"wp-block-paragraph\">La situaci\u00f3n se repite entre quienes trabajan en la cosecha de\u00a0<a href=\"https:\/\/www.eldestapeweb.com\/tag\/frutas\" target=\"_blank\" rel=\"noreferrer noopener\">frutas<\/a>.\u00a0<strong>Los salarios de los jornaleros agr\u00edcolas perdieron, en promedio, la mitad de su capacidad de compra de manzanas, naranjas y limones respecto de una d\u00e9cada atr\u00e1s. El caso del lim\u00f3n muestra adem\u00e1s una particularidad, su cosecha aument\u00f3 31,0% en el per\u00edodo, mientras los precios al consumidor subieron y los salarios quedaron rezagados.<\/strong>\u00a0En las manzanas, en cambio, la ca\u00edda de la superficie cosechada se combina con la competencia por el territorio de otras actividades productivas y desarrollos inmobiliarios.<\/p>\n\n\n\n<p class=\"wp-block-paragraph\">El mapa se completa con las\u00a0<a href=\"https:\/\/www.eldestapeweb.com\/tag\/hortalizas\" target=\"_blank\" rel=\"noreferrer noopener\">hortalizas<\/a>.\u00a0<strong>El salario de un trabajador agr\u00edcola perdi\u00f3 50,0% de su poder de compra sobre la lechuga, 35,0% sobre la papa y 16,0% sobre la ceboll<\/strong>a. El tomate aparece como una excepci\u00f3n: en el oto\u00f1o-invierno de 2026 el poder de compra del salario sobre ese producto aument\u00f3 casi 40,0%. M\u00e1s all\u00e1 de esa variaci\u00f3n, el patr\u00f3n general vuelve a repetirse:\u00a0<strong>los alimentos producidos por trabajadores rurales representan una proporci\u00f3n cada vez menor de aquello que sus propios salarios les permiten llevar a la mesa.<\/strong><\/p>\n\n\n\n<h2 class=\"wp-block-heading\">La paradoja del modelo<\/h2>\n\n\n\n<p class=\"wp-block-paragraph\">Cuando los ingresos de quienes producen y de quienes consumen alimentos se deterioran, tambi\u00e9n cambia el destino de esa producci\u00f3n. El informe del IEF-CTA plante\u00f3 que<strong>&nbsp;el menor consumo interno liber\u00f3 excedentes que pueden orientarse hacia las exportaciones, incluso en sectores donde la producci\u00f3n no aument\u00f3.<\/strong><\/p>\n\n\n\n<p class=\"wp-block-paragraph\">La consecuencia es un campo cuya riqueza se distribuye de otra manera. Los trabajadores que generan buena parte del valor agregado agropecuario pueden comprar menos carne, leche, pollo, huevos, frutas y verduras mientras, en distintos rubros, las&nbsp;<a target=\"_blank\" href=\"https:\/\/www.eldestapeweb.com\/tag\/exportaciones\" rel=\"noreferrer noopener\">exportaciones<\/a>&nbsp;y la facturaci\u00f3n externa crecen<strong>.<\/strong>&nbsp;Seg\u00fan el informe, actualmente \u00ab<strong>el campo produce lo mismo o m\u00e1s que antes, pero con salarios m\u00e1s bajos, que representan una parte mucho menor del precio de venta de los alimentos. Mientras que el empobrecimiento de las y los trabajadores urbanos, que dejan de comprar esa producci\u00f3n aqu\u00ed, libera excedentes exportables de materia prima\u201d,<\/strong>&nbsp;se\u00f1alaron.<\/p>\n\n\n\n<p class=\"wp-block-paragraph\">En definitiva, la paradoja de la Argentina libertaria queda expuesta en una escena tan cotidiana como dif\u00edcil de explicar:&nbsp;<strong>quienes trabajan para llenar las g\u00f3ndolas y las carnicer\u00edas del pa\u00eds tienen cada vez menos posibilidades&nbsp;para llenarlas en su mesa familiar.<\/strong><\/p>\n\n\n\n<ul class=\"wp-block-list\">\n<li><a href=\"https:\/\/www.eldestapeweb.com\/tag\/crisis-economica\">Crisis Econ\u00f3mica<\/a><\/li>\n\n\n\n<li><a href=\"https:\/\/www.eldestapeweb.com\/tag\/pequenos-productores\">Peque\u00f1os productores<\/a><\/li>\n\n\n\n<li><a href=\"https:\/\/www.eldestapeweb.com\/tag\/carne\">Carne<\/a><\/li>\n\n\n\n<li><a href=\"https:\/\/www.eldestapeweb.com\/tag\/frutas-y-verduras\">FRUTAS Y VERDURAS<\/a><\/li>\n\n\n\n<li><a href=\"https:\/\/www.eldestapeweb.com\/tag\/leche\">leche<\/a><\/li>\n\n\n\n<li><a href=\"https:\/\/www.eldestapeweb.com\/tag\/salario\">Salario<\/a><\/li>\n\n\n\n<li><a href=\"https:\/\/www.eldestapeweb.com\/tag\/alimentos\">Alimentos<\/a><\/li>\n\n\n\n<li><a href=\"https:\/\/www.eldestapeweb.com\/tag\/originales\">Originales<\/a><\/li>\n\n\n\n<li><a href=\"https:\/\/www.eldestapeweb.com\/tag\/javier-milei-presidente\">Javier Milei presidente<\/a><\/li>\n<\/ul>\n","protected":false},"excerpt":{"rendered":"<p>Un informe alert\u00f3 que un pe\u00f3n ganadero puede comprar menos de la mitad de la carne que en 2015, un trabajador tambero un tercio menos de leche y uno av\u00edcola 30% menos de pollo. Por Eugenia Rodr\u00edguez &#8211; Fuente: https:\/\/www.eldestapeweb.com\/ 20 de agosto, 2026. El trabajador rural&nbsp;produce los alimentos&nbsp;que llegan a la mesa de los [&hellip;]<\/p>\n","protected":false},"author":3,"featured_media":3231,"comment_status":"closed","ping_status":"closed","sticky":false,"template":"","format":"standard","meta":{"sync_status":"","episode_type":"","audio_file":"","castos_file_data":"","podmotor_file_id":"","cover_image":"","cover_image_id":"","duration":"","filesize":"","filesize_raw":"","date_recorded":"","explicit":"","block":"","footnotes":""},"categories":[21],"tags":[],"class_list":["post-3228","post","type-post","status-publish","format-standard","has-post-thumbnail","hentry","category-economia"],"_links":{"self":[{"href":"https:\/\/fmmural91.uno\/2024\/wp-json\/wp\/v2\/posts\/3228","targetHints":{"allow":["GET"]}}],"collection":[{"href":"https:\/\/fmmural91.uno\/2024\/wp-json\/wp\/v2\/posts"}],"about":[{"href":"https:\/\/fmmural91.uno\/2024\/wp-json\/wp\/v2\/types\/post"}],"author":[{"embeddable":true,"href":"https:\/\/fmmural91.uno\/2024\/wp-json\/wp\/v2\/users\/3"}],"replies":[{"embeddable":true,"href":"https:\/\/fmmural91.uno\/2024\/wp-json\/wp\/v2\/comments?post=3228"}],"version-history":[{"count":1,"href":"https:\/\/fmmural91.uno\/2024\/wp-json\/wp\/v2\/posts\/3228\/revisions"}],"predecessor-version":[{"id":3232,"href":"https:\/\/fmmural91.uno\/2024\/wp-json\/wp\/v2\/posts\/3228\/revisions\/3232"}],"wp:featuredmedia":[{"embeddable":true,"href":"https:\/\/fmmural91.uno\/2024\/wp-json\/wp\/v2\/media\/3231"}],"wp:attachment":[{"href":"https:\/\/fmmural91.uno\/2024\/wp-json\/wp\/v2\/media?parent=3228"}],"wp:term":[{"taxonomy":"category","embeddable":true,"href":"https:\/\/fmmural91.uno\/2024\/wp-json\/wp\/v2\/categories?post=3228"},{"taxonomy":"post_tag","embeddable":true,"href":"https:\/\/fmmural91.uno\/2024\/wp-json\/wp\/v2\/tags?post=3228"}],"curies":[{"name":"wp","href":"https:\/\/api.w.org\/{rel}","templated":true}]}}