{"id":3239,"date":"2026-08-20T10:39:23","date_gmt":"2026-08-20T13:39:23","guid":{"rendered":"https:\/\/fmmural91.uno\/2024\/?p=3239"},"modified":"2026-08-20T10:39:24","modified_gmt":"2026-08-20T13:39:24","slug":"bullrich-le-marca-la-cancha-al-gobierno-por-el-impacto-diario-de-la-economia-y-en-la-casa-rosada-dicen-que-fue-consensuado","status":"publish","type":"post","link":"https:\/\/fmmural91.uno\/2024\/bullrich-le-marca-la-cancha-al-gobierno-por-el-impacto-diario-de-la-economia-y-en-la-casa-rosada-dicen-que-fue-consensuado\/","title":{"rendered":"Bullrich le marca la cancha al Gobierno por el impacto diario de la econom\u00eda y en la Casa Rosada dicen que fue consensuado"},"content":{"rendered":"\n<p class=\"wp-block-paragraph\">El Presidente viene de cuestionar duramente a quienes se\u00f1alan dificultades en la microeconom\u00eda. La jefa libertaria en el Senado le baj\u00f3 el tono a un mensaje que public\u00f3 en redes. Viene de ceder con la ley de Sociedades y de cuestionar por la ley de Propiedad Privada<\/p>\n\n\n\n<p class=\"wp-block-paragraph\">Por<a href=\"https:\/\/www.infobae.com\/autor\/brenda-struminger\/\">Brenda Struminger<\/a>   &#8211;   Fuente: <a href=\"https:\/\/www.infobae.com\/\">https:\/\/www.infobae.com\/<\/a>   20 de agosto, 2026.<\/p>\n\n\n\n<p class=\"wp-block-paragraph\"><strong>\u201cFue un mensaje consensuado\u201d,<\/strong>\u00a0dijeron en la Casa Rosada sobre el llamativo tuit donde\u00a0<a href=\"https:\/\/www.infobae.com\/tag\/patricia-bullrich\/\" target=\"_blank\" rel=\"noreferrer noopener\"><strong>Patricia Bullrich<\/strong><\/a>\u00a0ped\u00eda, anoche, que las mejoras en la econom\u00eda de las que habla el Gobierno lleguen efectivamente a la gente.<\/p>\n\n\n\n<p class=\"wp-block-paragraph\">\u201cLo que necesitamos es m\u00e1s velocidad en los resultados para que el cambio se sienta en la vida cotidiana\u201d, dijo, exactamente, la jefa de los libertarios en el Senado.<\/p>\n\n\n\n<p class=\"wp-block-paragraph\">Un detalle: Bullrich modific\u00f3 el texto del tuit, que originariamente exig\u00eda, que ese cambio tambi\u00e9n \u201cllegue a las familias. Que llegue a las empresas. Que llegue a cada argentino\u201d. La ex PRO escribi\u00f3, public\u00f3 y poco despu\u00e9s borr\u00f3 esas palabras, y en su entorno no explicaron el motivo de la marcha atr\u00e1s.<strong>\u00a0Pero en el Gobierno ambos mensajes, a pesar de que les baj\u00f3 el tono, hicieron ruido<\/strong>.<\/p>\n\n\n\n<p class=\"wp-block-paragraph\">En la Casa Rosada, oficialmente buscaron bajarle gravedad: \u201cNo es ni m\u00e1s ni menos que lo que viene diciendo Patricia, que el rumbo es el correcto pero que hay situaciones que se tienen que manejar con mayor velocidad a la hora de que llegue a la gente\u201d, dijo un funcionario cercano a<strong>\u00a0Karina Milei<\/strong>. Y record\u00f3 que el jefe de Gabinete,\u00a0<strong>Diego Santilli<\/strong>, y el titular del BCRA,\u00a0<strong>Santiago Bausili<\/strong>,tambi\u00e9n reconocieron demoras. \u201cNo hay sorpresas en ese sentido\u201d, deslizaron.<\/p>\n\n\n\n<p class=\"wp-block-paragraph\">Bausili admiti\u00f3 frente a empresarios en Mendoza que se esperaba o que les \u201chubiese gustado\u201d, que el crecimiento de la econom\u00eda fuese un poco m\u00e1s r\u00e1pido, pero endilg\u00f3 el hecho de que la actividad crezca a un ritmo menor al esperado al \u201cmiedo\u201d por las crisis recurrentes, las expectativas y el \u201cestr\u00e9s postraum\u00e1tico\u201d.<\/p>\n\n\n\n<p class=\"wp-block-paragraph\">Hay contradicciones en la comunicaci\u00f3n sobre el impacto del plan econ\u00f3mico. El tipo de mensaje que escribi\u00f3 Bullrich suele caerle muy mal a<strong>\u00a0Javier Milei<\/strong>, como habitualmente lo expresa en su cuenta de X. Sin ir m\u00e1s lejos, esta misma semana el Presidente cuestion\u00f3 (e insult\u00f3) a varios periodistas que criticaron al Gobierno por las dificultades econ\u00f3micas en la vida cotidiana.<\/p>\n\n\n\n<figure class=\"wp-block-image size-full\"><a href=\"https:\/\/fmmural91.uno\/2024\/wp-content\/uploads\/2026\/08\/Captura-de-pantalla-2026-08-20-103349.png\"><img fetchpriority=\"high\" decoding=\"async\" width=\"928\" height=\"577\" src=\"https:\/\/fmmural91.uno\/2024\/wp-content\/uploads\/2026\/08\/Captura-de-pantalla-2026-08-20-103349.png\" alt=\"\" class=\"wp-image-3240\" srcset=\"https:\/\/fmmural91.uno\/2024\/wp-content\/uploads\/2026\/08\/Captura-de-pantalla-2026-08-20-103349.png 928w, https:\/\/fmmural91.uno\/2024\/wp-content\/uploads\/2026\/08\/Captura-de-pantalla-2026-08-20-103349-559x348.png 559w, https:\/\/fmmural91.uno\/2024\/wp-content\/uploads\/2026\/08\/Captura-de-pantalla-2026-08-20-103349-768x478.png 768w\" sizes=\"(max-width: 928px) 100vw, 928px\" \/><\/a><\/figure>\n\n\n\n<p class=\"wp-block-paragraph\"><strong>\u201cEl peronismo siempre propone gastar m\u00e1s. Y siempre propone pagar estos delirios con emisi\u00f3n de dinero<\/strong>. Por eso \u00edbamos a una hiper con m\u00e1s de 50% de pobres, 20% de indigentes, 30% de los trabajadores formales debajo de la l\u00ednea de pobreza y 70% de pobreza infantil. La receta para la esclavitud desde el impulso de la pobreza usando la asistencia como medio\u201d, fue tan solo uno de los mensajes del jefe de Estado.&nbsp;<strong>A Luis Caputo tampoco le caen bien ese tipo de se\u00f1alamientos sobre el \u201cmetro cuadrado\u201d.<\/strong><\/p>\n\n\n\n<p class=\"wp-block-paragraph\">En el Gobierno el planteo de Bullrich gener\u00f3 la misma incomodidad que otros donde \u201cmarc\u00f3 la cancha\u201d desde adentro. Despu\u00e9s de la pol\u00e9mica interna por la&nbsp;<strong>ley de Inviolabilidad de la Propiedad Privada&nbsp;<\/strong>y en especial el cap\u00edtulo de tierras, la senadora viene de recortar otro proyecto de Federico Sturzenegger, la ley de Sociedades. Pero en Balcarce 50 buscaron relativizar, una vez m\u00e1s, el malestar con la ex candidata presidencial. Ya est\u00e1n acostumbrados a tragar sapos con la (autodenominada) \u201csocia\u201d oriunda de PRO, a quien admiten necesitar para ganar las elecciones del a\u00f1o que viene.<\/p>\n\n\n\n<p class=\"wp-block-paragraph\">Es que al Gobierno no le sobra nada en la carrera hacia 2027. Anteayer destacaban que la inflaci\u00f3n mayorista empez\u00f3 con 0 y se jactaban de que Milei lo hab\u00eda adelantado. Adem\u00e1s de que, en rigor, el Presidente hab\u00eda hablado de la \u201cinflaci\u00f3n\u201d \u00fanicamente, hay otros datos que inquietan al oficialismo. En t\u00e9rminos de opini\u00f3n p\u00fablica, no logran recuperar el grado de la imagen perdida por el caso de Manuel Adorni; una parte de la estrategia de comunicaci\u00f3n, en especial por Adri\u00e1n Ravier, no repunta. Y algunas encuestas empezaron a mostrar una merma en la aprobaci\u00f3n del Presidente.<\/p>\n\n\n\n<p class=\"wp-block-paragraph\">Pasado el Mundial, se aferran al bienestar que puede llegar a producir la llegada del Papa, un hito en torno al cual girar\u00e1 buena parte de la agenda oficial hasta noviembre. Y eval\u00faan decretar uno o varios feriados entre el 8 y el 11 de noviembre, por la visita del Sumo Pont\u00edfice.<\/p>\n","protected":false},"excerpt":{"rendered":"<p>El Presidente viene de cuestionar duramente a quienes se\u00f1alan dificultades en la microeconom\u00eda. La jefa libertaria en el Senado le baj\u00f3 el tono a un mensaje que public\u00f3 en redes. Viene de ceder con la ley de Sociedades y de cuestionar por la ley de Propiedad Privada PorBrenda Struminger &#8211; Fuente: https:\/\/www.infobae.com\/ 20 de agosto, [&hellip;]<\/p>\n","protected":false},"author":3,"featured_media":3241,"comment_status":"closed","ping_status":"closed","sticky":false,"template":"","format":"standard","meta":{"sync_status":"","episode_type":"","audio_file":"","castos_file_data":"","podmotor_file_id":"","cover_image":"","cover_image_id":"","duration":"","filesize":"","filesize_raw":"","date_recorded":"","explicit":"","block":"","footnotes":""},"categories":[24],"tags":[],"class_list":["post-3239","post","type-post","status-publish","format-standard","has-post-thumbnail","hentry","category-politica"],"_links":{"self":[{"href":"https:\/\/fmmural91.uno\/2024\/wp-json\/wp\/v2\/posts\/3239","targetHints":{"allow":["GET"]}}],"collection":[{"href":"https:\/\/fmmural91.uno\/2024\/wp-json\/wp\/v2\/posts"}],"about":[{"href":"https:\/\/fmmural91.uno\/2024\/wp-json\/wp\/v2\/types\/post"}],"author":[{"embeddable":true,"href":"https:\/\/fmmural91.uno\/2024\/wp-json\/wp\/v2\/users\/3"}],"replies":[{"embeddable":true,"href":"https:\/\/fmmural91.uno\/2024\/wp-json\/wp\/v2\/comments?post=3239"}],"version-history":[{"count":1,"href":"https:\/\/fmmural91.uno\/2024\/wp-json\/wp\/v2\/posts\/3239\/revisions"}],"predecessor-version":[{"id":3242,"href":"https:\/\/fmmural91.uno\/2024\/wp-json\/wp\/v2\/posts\/3239\/revisions\/3242"}],"wp:featuredmedia":[{"embeddable":true,"href":"https:\/\/fmmural91.uno\/2024\/wp-json\/wp\/v2\/media\/3241"}],"wp:attachment":[{"href":"https:\/\/fmmural91.uno\/2024\/wp-json\/wp\/v2\/media?parent=3239"}],"wp:term":[{"taxonomy":"category","embeddable":true,"href":"https:\/\/fmmural91.uno\/2024\/wp-json\/wp\/v2\/categories?post=3239"},{"taxonomy":"post_tag","embeddable":true,"href":"https:\/\/fmmural91.uno\/2024\/wp-json\/wp\/v2\/tags?post=3239"}],"curies":[{"name":"wp","href":"https:\/\/api.w.org\/{rel}","templated":true}]}}