{"id":3243,"date":"2026-08-20T10:54:21","date_gmt":"2026-08-20T13:54:21","guid":{"rendered":"https:\/\/fmmural91.uno\/2024\/?p=3243"},"modified":"2026-08-20T11:10:38","modified_gmt":"2026-08-20T14:10:38","slug":"tocan-la-puerta-de-luis-caputo-sindicatos-y-organizaciones-sociales-marchan-para-denunciar-el-endeudamiento-familiar","status":"publish","type":"post","link":"https:\/\/fmmural91.uno\/2024\/tocan-la-puerta-de-luis-caputo-sindicatos-y-organizaciones-sociales-marchan-para-denunciar-el-endeudamiento-familiar\/","title":{"rendered":"Tocan la puerta de Luis Caputo: sindicatos y organizaciones sociales marchan para denunciar el endeudamiento familiar"},"content":{"rendered":"\n<p class=\"wp-block-paragraph\">Advierten que la morosidad de los hogares se quintuplic\u00f3 en menos de dos a\u00f1os. Pas\u00f3 del 2,5% en octubre de 2024 al 12,3% en mayo de 2026. Responsabilizan al Gobierno y su pol\u00edtica de ajuste.<\/p>\n\n\n\n<p class=\"wp-block-paragraph\">Fuente: <a href=\"https:\/\/www.ambito.com\/\">https:\/\/www.ambito.com\/<\/a>   20 de agosto, 2026.<\/p>\n\n\n\n<p class=\"wp-block-paragraph\">La&nbsp;<a href=\"https:\/\/www.ambito.com\/politica\/la-cgt-se-mete-la-discusion-la-morosidad-record-marchara-economia-y-responsabiliza-al-gobierno-n6309736\" target=\"_blank\" rel=\"noreferrer noopener\">morosidad r\u00e9cord<\/a>&nbsp;crece en las preocupaciones de familias y bancos. Para meter presi\u00f3n,&nbsp;<strong>las tres centrales sindicales y organizaciones sociales marchan<\/strong>&nbsp;este&nbsp;<strong>jueves a las 14<\/strong>&nbsp;hasta el&nbsp;<strong>Ministerio de Econom\u00eda&nbsp;<\/strong>para visibilizar la problem\u00e1tica que afecta a casi 6 millones de personas.<strong>&nbsp;Apuntan contra el Gobierno&nbsp;<\/strong>y piden cambiar las pol\u00edticas econ\u00f3micas. Advierten que la mayor\u00eda de los cr\u00e9ditos son para \u00abpara cubrir costos b\u00e1sicos cotidianos (alimentos, servicios, alquileres y medicamentos) a tasas de inter\u00e9s alt\u00edsimas\u00bb.<\/p>\n\n\n\n<p class=\"wp-block-paragraph\">La movilizaci\u00f3n fue anunciada por la&nbsp;<strong>Confederaci\u00f3n General del Trabajo (CGT) la semana pasada y r\u00e1pidamente se sumaron las dos CTA (de los Trabajadores y la Aut\u00f3noma) y la Uni\u00f3n de Trabajadores y Trabajadoras de la Econom\u00eda Popular (UTEP)<\/strong>, entre otras organizaciones. Se decidi\u00f3 tras la postura prescindente del Gobierno y la pol\u00e9mica frase del presidente Javier Milei: \u00abNadie les puso una pistola en la cabeza\u00bb. M\u00e1s cauto, el ministro de Econom\u00eda Luis Caputo reiter\u00f3 en los \u00faltimos d\u00edas que es \u00abun tema entre privados\u00bb y que se solucionar\u00e1 paulatinamente entre bancos y deudores. Los sindicatos no conf\u00edan en ello.<\/p>\n\n\n\n<p class=\"wp-block-paragraph\">Para quienes marchan a Econom\u00eda \u00abel endeudamiento de las familias es la otra cara de un modelo que deteriora los salarios y encarece la vida\u00bb. Ante la baja de ingresos y del consumo, las personas terminar\u00edan cayendo en cr\u00e9ditos con tasas muy elevadas. Seg\u00fan datos difundidos por los sindicatos, l<strong>a morosidad de los hogares se quintuplic\u00f3 en menos de dos a\u00f1os.&nbsp;<\/strong>Pas\u00f3 del 2,5% en octubre de 2024 al 12,3% en mayo de 2026.<\/p>\n\n\n\n<figure class=\"wp-block-image size-full\"><a href=\"https:\/\/fmmural91.uno\/2024\/wp-content\/uploads\/2026\/08\/Captura-de-pantalla-2026-08-20-105003.png\"><img fetchpriority=\"high\" decoding=\"async\" width=\"752\" height=\"523\" src=\"https:\/\/fmmural91.uno\/2024\/wp-content\/uploads\/2026\/08\/Captura-de-pantalla-2026-08-20-105003.png\" alt=\"\" class=\"wp-image-3244\" srcset=\"https:\/\/fmmural91.uno\/2024\/wp-content\/uploads\/2026\/08\/Captura-de-pantalla-2026-08-20-105003.png 752w, https:\/\/fmmural91.uno\/2024\/wp-content\/uploads\/2026\/08\/Captura-de-pantalla-2026-08-20-105003-559x389.png 559w\" sizes=\"(max-width: 752px) 100vw, 752px\" \/><\/a><\/figure>\n\n\n\n<h2 class=\"wp-block-heading\">Las razones de las tres centrales sindicales<\/h2>\n\n\n\n<p class=\"wp-block-paragraph\">En un hecho in\u00e9dito, las tres centrales sindicales realizaron el mi\u00e9rcoles en la sede de la CGT una conferencia de prensa conjunta para explicar las razones de la movilizaci\u00f3n. Distanciadas en otra \u00e9poca, decidieron confluir para reclamarle a un Gobierno que cerr\u00f3 todas las puertas para un di\u00e1logo, incluso a los sectores m\u00e1s dialoguistas de la CGT.<\/p>\n\n\n\n<p class=\"wp-block-paragraph\"><strong>Cristian Jer\u00f3nimo<\/strong>, cosecretario general de la&nbsp;<strong>CGT&nbsp;<\/strong>explic\u00f3 por qu\u00e9 marchan hasta el Ministerio de Econom\u00eda:&nbsp;<strong>\u201ccuando la deuda es para poder comer es un problema social,<\/strong>&nbsp;un problema de econom\u00eda y un problema de gobierno, lo que quiere decir que ac\u00e1 hay dos culpables y dos responsables: el Presidente y el ministro de econom\u00eda\u201d.<\/p>\n\n\n\n<p class=\"wp-block-paragraph\">Por su parte, el secretario adjunto de de la<strong>&nbsp;CTA de los Trabajadores<\/strong>,&nbsp;<strong>Roberto Baradel<\/strong>, describi\u00f3 un panorama complicado sobre la morosidad familiar: \u201cEl tema del endeudamiento tiene varios aspectos, el&nbsp;<strong>endeudamiento del pa\u00eds<\/strong>, empe\u00f1arnos absolutamente, pero tambi\u00e9n tiene el problema del&nbsp;<strong>endeudamiento de las familias, de diferentes sectores<\/strong>, inclusive del peque\u00f1o y mediano empresariado, de las familias, de trabajadores, de clase media, que est\u00e1n endeudadas con los bancos o con las billeteras virtuales\u201d.<\/p>\n\n\n\n<p class=\"wp-block-paragraph\"><strong>Norma Morales<\/strong>, secretaria adjunta de la&nbsp;<strong>UTEP<\/strong>, reafirm\u00f3 el an\u00e1lisis de que no es \u00abun tema entre privados\u00bb: \u201c<strong>La deuda no es un tema individual,&nbsp;<\/strong>es una deuda colectiva. Un pueblo endeudado es consecuencia de las pol\u00edticas de gobierno que defiende a los poderosos que no pierden nunca\u201d.<\/p>\n\n\n\n<p class=\"wp-block-paragraph\">https:\/\/www.instagram.com\/p\/DcEBEouINZL\/embed\/captioned\/?cr=1&#038;v=14&#038;wp=734&#038;rd=https%3A%2F%2Fwww.ambito.com&#038;rp=%2Fpolitica%2Ftocan-la-puerta-luis-caputo-sindicatos-y-organizaciones-sociales-marchan-denunciar-el-endeudamiento-familiar-n6312546#%7B%22ci%22%3A0%2C%22os%22%3A41847.60000000149%7D<\/p>\n\n\n\n<ul class=\"wp-block-list\">\n<li><a href=\"https:\/\/www.ambito.com\/luis-caputo-a5123516\">Luis Caputo<\/a><\/li>\n\n\n\n<li><a href=\"https:\/\/www.ambito.com\/sindicato-a5123623\">Sindicato<\/a><\/li>\n\n\n\n<li><a href=\"https:\/\/www.ambito.com\/morosidad-a5128862\">morosidad<\/a><\/li>\n<\/ul>\n\n\n\n<p class=\"wp-block-paragraph\"><\/p>\n\n\n\n<p class=\"wp-block-paragraph\"><\/p>\n","protected":false},"excerpt":{"rendered":"<p>Advierten que la morosidad de los hogares se quintuplic\u00f3 en menos de dos a\u00f1os. Pas\u00f3 del 2,5% en octubre de 2024 al 12,3% en mayo de 2026. Responsabilizan al Gobierno y su pol\u00edtica de ajuste. Fuente: https:\/\/www.ambito.com\/ 20 de agosto, 2026. La&nbsp;morosidad r\u00e9cord&nbsp;crece en las preocupaciones de familias y bancos. Para meter presi\u00f3n,&nbsp;las tres centrales [&hellip;]<\/p>\n","protected":false},"author":3,"featured_media":3245,"comment_status":"closed","ping_status":"closed","sticky":false,"template":"","format":"standard","meta":{"sync_status":"","episode_type":"","audio_file":"","castos_file_data":"","podmotor_file_id":"","cover_image":"","cover_image_id":"","duration":"","filesize":"","filesize_raw":"","date_recorded":"","explicit":"","block":"","footnotes":""},"categories":[24],"tags":[],"class_list":["post-3243","post","type-post","status-publish","format-standard","has-post-thumbnail","hentry","category-politica"],"_links":{"self":[{"href":"https:\/\/fmmural91.uno\/2024\/wp-json\/wp\/v2\/posts\/3243","targetHints":{"allow":["GET"]}}],"collection":[{"href":"https:\/\/fmmural91.uno\/2024\/wp-json\/wp\/v2\/posts"}],"about":[{"href":"https:\/\/fmmural91.uno\/2024\/wp-json\/wp\/v2\/types\/post"}],"author":[{"embeddable":true,"href":"https:\/\/fmmural91.uno\/2024\/wp-json\/wp\/v2\/users\/3"}],"replies":[{"embeddable":true,"href":"https:\/\/fmmural91.uno\/2024\/wp-json\/wp\/v2\/comments?post=3243"}],"version-history":[{"count":2,"href":"https:\/\/fmmural91.uno\/2024\/wp-json\/wp\/v2\/posts\/3243\/revisions"}],"predecessor-version":[{"id":3248,"href":"https:\/\/fmmural91.uno\/2024\/wp-json\/wp\/v2\/posts\/3243\/revisions\/3248"}],"wp:featuredmedia":[{"embeddable":true,"href":"https:\/\/fmmural91.uno\/2024\/wp-json\/wp\/v2\/media\/3245"}],"wp:attachment":[{"href":"https:\/\/fmmural91.uno\/2024\/wp-json\/wp\/v2\/media?parent=3243"}],"wp:term":[{"taxonomy":"category","embeddable":true,"href":"https:\/\/fmmural91.uno\/2024\/wp-json\/wp\/v2\/categories?post=3243"},{"taxonomy":"post_tag","embeddable":true,"href":"https:\/\/fmmural91.uno\/2024\/wp-json\/wp\/v2\/tags?post=3243"}],"curies":[{"name":"wp","href":"https:\/\/api.w.org\/{rel}","templated":true}]}}