{"id":3255,"date":"2026-08-21T09:54:58","date_gmt":"2026-08-21T12:54:58","guid":{"rendered":"https:\/\/fmmural91.uno\/2024\/?p=3255"},"modified":"2026-08-21T10:15:03","modified_gmt":"2026-08-21T13:15:03","slug":"allanamientos-llanto-50-mil-dolares-y-una-granja-de-bots","status":"publish","type":"post","link":"https:\/\/fmmural91.uno\/2024\/allanamientos-llanto-50-mil-dolares-y-una-granja-de-bots\/","title":{"rendered":"Allanamientos, llanto, 50 mil d\u00f3lares y una granja de bots"},"content":{"rendered":"\n<h1 class=\"wp-block-heading\">\u201cLa eliminamos o estamos jodidos\u201d: el mensaje hallado en el celular de Cerimedo<\/h1>\n\n\n\n<p class=\"wp-block-paragraph\">El abogado de Nadia Beller aport\u00f3 una captura de pantalla del block de notas del consultor con una anotaci\u00f3n donde pregunta a su interlocutor si conoce a alguien \u201cque pueda hacer el trabajo\u201d de \u201celiminarla ya\u201d. La audiencia judicial que iba a definir su futuro se posterg\u00f3 porque el acusado de femicidio sufri\u00f3 un ataque de nervios.<\/p>\n\n\n\n<p class=\"wp-block-paragraph\"><a href=\"https:\/\/www.pagina12.com.ar\/autores\/raul-kollmann\">Por\u00a0Ra\u00fal Kollmann<\/a>   &#8211;   Fuente: <a href=\"https:\/\/www.pagina12.com.a\">https:\/\/www.pagina12.com.a<\/a>   21 de agosto, 2026.<\/p>\n\n\n\n<p class=\"wp-block-paragraph\">La audiencia ante el juez para resolver si Fernando Cerimedo debe quedar en prisi\u00f3n preventiva fue postergada para este viernes a las 14.30, hora boliviana. La audiencia se iba a hacer este jueves, pero Cerimedo entr\u00f3 en una crisis de llanto, por lo que el juez consider\u00f3 que no estaba en condiciones de hablar. De hecho, las im\u00e1genes mostraron al acusado en un rinc\u00f3n, llorando y asediado por los periodistas. Durante la jornada de este jueves, el abogado de Nadia Beller, la v\u00edctima, aport\u00f3 una captura de pantalla del block de notas de Cerimedo, con una anotaci\u00f3n en la que dice&nbsp;<strong>\u201cnos vendi\u00f3 Nadia. O la eliminamos ya o estamos jodidos. Conoces a alguien que pueda hacer ese trabajo?\u201d<\/strong>. Desde la fiscal\u00eda de Yolanda Aguilera le confirmaron a&nbsp;<strong>P\u00e1gina\/12<\/strong>&nbsp;que esa anotaci\u00f3n est\u00e1 en el block de notas que est\u00e1 en el celular de Cerimedo. Parece dif\u00edcil de creer que dejara semejante evidencia por escrito. En la tarde de este jueves se allan\u00f3 una casa relacionada con Cerimedo y estaban en marcha dos allanamientos m\u00e1s. En la vivienda de un selecto country se encontr\u00f3 el equivalente a 50.000 d\u00f3lares y una granja de bots.<\/p>\n\n\n\n<h2 class=\"wp-block-heading\"><strong>Audiencia postergada<\/strong><\/h2>\n\n\n\n<p class=\"wp-block-paragraph\">En la audiencia convocada por el Juzgado de Instrucci\u00f3n Penal n\u00famero 20 de Santa Cruz de la Sierra, primero iba a exponer la fiscal\u00eda, que present\u00f3 una acusaci\u00f3n de 22 p\u00e1ginas con la imputaci\u00f3n formal por tentativa de femicidio. Como Cerimedo y Beller ten\u00edan derecho a hablar durante la audiencia, el acusado fue trasladado esposado y vestido con un buzo con capucha. Acompa\u00f1ado por dos polic\u00edas, comenz\u00f3 a llorar hasta que finalmente se acurruc\u00f3 en un rinc\u00f3n, junto a un ascensor. Ins\u00f3litamente, los polic\u00edas permitieron que los periodistas se acercaran y se sucedieron una larga serie de preguntas. Cerimedo solo negaba con la cabeza cuando le preguntaban si hab\u00eda citado a Beller en el SwissHotel, o asent\u00eda para afirmar que la causa era pol\u00edtica. Con la cara contra la puerta del ascensor, continu\u00f3 llorando y no respondi\u00f3 en voz alta hasta que se lo llevaron. Despu\u00e9s se decidi\u00f3 suspender la audiencia, ordenar la revisaci\u00f3n por un m\u00e9dico y, finalmente, postergarla para este viernes a la misma hora.<\/p>\n\n\n\n<h2 class=\"wp-block-heading\"><strong>Mensajes asombrosos<\/strong><\/h2>\n\n\n\n<p class=\"wp-block-paragraph\">El nuevo abogado de Beller, Jerjes Justiniano, quien fuera ministro de la Presidencia de Jeanine \u00c1\u00f1ez, present\u00f3 una serie de mensajes que, seg\u00fan dijo, Cerimedo envi\u00f3 a la v\u00edctima. Hasta ah\u00ed, la prueba en s\u00ed misma era dudosa, porque la aportaba Beller. Sin embargo, este diario se comunic\u00f3 con la fiscal\u00eda y, despu\u00e9s de varias horas, confirmaron que en la apertura del celular de Cerimedo se encontraron esos mensajes en el block de notas.<\/p>\n\n\n\n<p class=\"wp-block-paragraph\">Los textos abordan dos cuestiones.<\/p>\n\n\n\n<p class=\"wp-block-paragraph\">*En primer lugar, que ella estaba a punto de hacer p\u00fablicas las agresiones f\u00edsicas de Cerimedo. El consultor le dice: \u201cvos public\u00e1s eso y me arruin\u00e1s la vida. Me pego un corchazo, no me interesa nada\u201d.<\/p>\n\n\n\n<p class=\"wp-block-paragraph\">Ella contesta: \u201cNo me manipul\u00e1s m\u00e1s. Yo no tengo por qu\u00e9 cuidarte. No despu\u00e9s de c\u00f3mo vos sos conmigo. As\u00ed que hacelo nom\u00e1s. Todos van a saber la verdad\u201d.<\/p>\n\n\n\n<p class=\"wp-block-paragraph\">La pelea sigue. Cerimedo insiste: \u201cNos vas a cagar la vida a todos, a tu hija, a nuestro hijo, a todos\u201d. En este punto parece claro que Cerimedo conoc\u00eda el embarazo de ella y lo reconoce como propio.<\/p>\n\n\n\n<p class=\"wp-block-paragraph\">*Pero el nudo es lo que se encontr\u00f3 en el block de notas y parece referirse a \u201cnegocios\u201d relacionados con la miner\u00eda y la construcci\u00f3n de torres. En un di\u00e1logo con alguien que no se sabe bien qui\u00e9n es, Cerimedo escribe: \u201cNo digas a nadie. Pero nos vendi\u00f3 la amiga de Enrique. \u00bfTe acord\u00e1s? La Nadia. O la eliminamos ya o estamos jodidos. \u00bfConoc\u00e9s a alguien que pueda hacer el trabajo?\u201d. Parece asombroso que un supuesto afamado consultor deje por escrito semejante prueba incriminatoria, pero los peritos dicen que ese texto est\u00e1 en el celular de Cerimedo.<\/p>\n\n\n\n<h2 class=\"wp-block-heading\"><strong>Este viernes<\/strong><\/h2>\n\n\n\n<p class=\"wp-block-paragraph\">Al caer la tarde, el fiscal Carlos Torres, de La Paz, que investiga a Cerimedo por enriquecimiento il\u00edcito, allan\u00f3 una casa en un country exclusivo denominado La Paz. All\u00ed se encontraron 50.000 d\u00f3lares en moneda boliviana, d\u00f3lares y euros. Tambi\u00e9n una granja de bots, es decir, un sistema para postear miles y miles de mensajes en las redes, a trav\u00e9s de cuentas falsas creadas por \u00e9l mismo.<\/p>\n\n\n\n<p class=\"wp-block-paragraph\">Torres anunci\u00f3 que se dirig\u00eda a dos allanamientos m\u00e1s, o sea que la investigaci\u00f3n tom\u00f3 m\u00e1s ritmo, seg\u00fan se sabe, a partir de declaraciones de Nadia Beller. Al cierre de esta edici\u00f3n se esperaban nuevos resultados.<\/p>\n\n\n\n<p class=\"wp-block-paragraph\">La causa por enriquecimiento il\u00edcito se instruye en La Paz y el fiscal Torres pedir\u00e1 tambi\u00e9n una audiencia de acusaci\u00f3n. Todo tramitar\u00e1 despu\u00e9s de la causa por tentativa de femicidio que se instruye en Santa Cruz de la Sierra y es prioridad.<\/p>\n\n\n\n<h2 class=\"wp-block-heading\"><strong>La acusaci\u00f3n<\/strong><\/h2>\n\n\n\n<p class=\"wp-block-paragraph\">Como se sabe, en la audiencia ante el juez, la fiscal\u00eda debe presentar la acusaci\u00f3n formal. El texto ya est\u00e1 preparado y en las 22 p\u00e1ginas se plantean los siguientes elementos como prueba de la tentativa de femicidio:<\/p>\n\n\n\n<p class=\"wp-block-paragraph\">*Las tres heridas de bala sufridas por Beller en la puerta del SwissHotel.<\/p>\n\n\n\n<p class=\"wp-block-paragraph\">*Que Beller concurri\u00f3 al lugar por insistencia de Cerimedo, ya que se trataba de una chica de 13 a\u00f1os y su familia que har\u00edan una denuncia de abuso sexual contra Evo Morales. O sea, Cerimedo y Beller participaban de una operaci\u00f3n de la derecha.<\/p>\n\n\n\n<p class=\"wp-block-paragraph\">*Cuando estaba esperando a esos testigos en la puerta del hotel, aparecieron los sicarios. \u201cTodo indica que Cerimedo coordin\u00f3 remotamente la emboscada\u201d, dice el texto.<\/p>\n\n\n\n<p class=\"wp-block-paragraph\">*El m\u00f3vil ser\u00eda el rechazo de Cerimedo al hecho de que Beller estaba embarazada. \u201cNo quer\u00eda asumir las consecuencias de la paternidad\u201d, afirma el escrito.<\/p>\n\n\n\n<p class=\"wp-block-paragraph\">*Hubo hechos de violencia f\u00edsica del mismo agresor. Eso ocurri\u00f3 tanto en junio como en julio. La defensa admite que existieron esos ataques, con diversas heridas: \u201cfueron hechos personales\u201d, argumentan.<\/p>\n\n\n\n<p class=\"wp-block-paragraph\">*Para la fiscal\u00eda, est\u00e1 claro que Cerimedo emprend\u00eda la huida esa madrugada, a las 2, en vuelo de Aerol\u00edneas Argentinas desde Santa Cruz de la Sierra a Buenos Aires. La defensa niega esa versi\u00f3n. Afirma lo contrario: que Cerimedo fue detenido en el aeropuerto porque llegaba desde La Paz. Lo cierto es que fue detenido a la 1 de la ma\u00f1ana y el vuelo a Buenos Aires sal\u00eda a las 2. Aunque circula un facs\u00edmil del pasaje, la fiscal\u00eda dice que le envi\u00f3 un exhorto a Aerol\u00edneas Argentinas para que lo confirme.<\/p>\n\n\n\n<p class=\"wp-block-paragraph\">*Los mensajes no aparecen en la acusaci\u00f3n porque reci\u00e9n se conocieron despu\u00e9s de que se entregara el texto al juez.<\/p>\n\n\n\n<p class=\"wp-block-paragraph\">*Para la fiscal\u00eda, Cerimedo tiene mucho poder y podr\u00eda alterar la investigaci\u00f3n si queda en libertad.<\/p>\n\n\n\n<p class=\"wp-block-paragraph\">En funci\u00f3n de todos esos argumentos, se pide la prisi\u00f3n preventiva por 180 d\u00edas. Se entiende que es una medida cautelar, o sea, solo referida a un tiempo m\u00ednimo de la investigaci\u00f3n. Es evidente que, si se lo encontrara culpable, la pena ser\u00eda de m\u00e1s de 10 a\u00f1os de prisi\u00f3n.<\/p>\n\n\n\n<p class=\"wp-block-paragraph\">Para la defensa, encabezada por Ernesto Giraldes y Margarita Arce, todo es \u201cun show pol\u00edtico-medi\u00e1tico\u201d y su eje de defensa es que no hay ninguna prueba de la relaci\u00f3n entre Cerimedo y los dos sicarios vestidos de delivery. Todo indica que este viernes el juez le dir\u00e1 que s\u00ed a la prisi\u00f3n preventiva por 180 d\u00edas. La clave son los dos sicarios, pero por ahora no los encontraron.<\/p>\n","protected":false},"excerpt":{"rendered":"<p>\u201cLa eliminamos o estamos jodidos\u201d: el mensaje hallado en el celular de Cerimedo El abogado de Nadia Beller aport\u00f3 una captura de pantalla del block de notas del consultor con una anotaci\u00f3n donde pregunta a su interlocutor si conoce a alguien \u201cque pueda hacer el trabajo\u201d de \u201celiminarla ya\u201d. La audiencia judicial que iba a [&hellip;]<\/p>\n","protected":false},"author":3,"featured_media":3256,"comment_status":"closed","ping_status":"closed","sticky":false,"template":"","format":"standard","meta":{"sync_status":"","episode_type":"","audio_file":"","castos_file_data":"","podmotor_file_id":"","cover_image":"","cover_image_id":"","duration":"","filesize":"","filesize_raw":"","date_recorded":"","explicit":"","block":"","footnotes":""},"categories":[123],"tags":[],"class_list":["post-3255","post","type-post","status-publish","format-standard","has-post-thumbnail","hentry","category-bolivia-cerimedo"],"_links":{"self":[{"href":"https:\/\/fmmural91.uno\/2024\/wp-json\/wp\/v2\/posts\/3255","targetHints":{"allow":["GET"]}}],"collection":[{"href":"https:\/\/fmmural91.uno\/2024\/wp-json\/wp\/v2\/posts"}],"about":[{"href":"https:\/\/fmmural91.uno\/2024\/wp-json\/wp\/v2\/types\/post"}],"author":[{"embeddable":true,"href":"https:\/\/fmmural91.uno\/2024\/wp-json\/wp\/v2\/users\/3"}],"replies":[{"embeddable":true,"href":"https:\/\/fmmural91.uno\/2024\/wp-json\/wp\/v2\/comments?post=3255"}],"version-history":[{"count":1,"href":"https:\/\/fmmural91.uno\/2024\/wp-json\/wp\/v2\/posts\/3255\/revisions"}],"predecessor-version":[{"id":3257,"href":"https:\/\/fmmural91.uno\/2024\/wp-json\/wp\/v2\/posts\/3255\/revisions\/3257"}],"wp:featuredmedia":[{"embeddable":true,"href":"https:\/\/fmmural91.uno\/2024\/wp-json\/wp\/v2\/media\/3256"}],"wp:attachment":[{"href":"https:\/\/fmmural91.uno\/2024\/wp-json\/wp\/v2\/media?parent=3255"}],"wp:term":[{"taxonomy":"category","embeddable":true,"href":"https:\/\/fmmural91.uno\/2024\/wp-json\/wp\/v2\/categories?post=3255"},{"taxonomy":"post_tag","embeddable":true,"href":"https:\/\/fmmural91.uno\/2024\/wp-json\/wp\/v2\/tags?post=3255"}],"curies":[{"name":"wp","href":"https:\/\/api.w.org\/{rel}","templated":true}]}}