{"id":3266,"date":"2026-08-21T10:54:44","date_gmt":"2026-08-21T13:54:44","guid":{"rendered":"https:\/\/fmmural91.uno\/2024\/?p=3266"},"modified":"2026-08-21T10:54:45","modified_gmt":"2026-08-21T13:54:45","slug":"alivio-para-endeudados-la-oposicion-prepara-una-contraofensiva-en-el-congreso","status":"publish","type":"post","link":"https:\/\/fmmural91.uno\/2024\/alivio-para-endeudados-la-oposicion-prepara-una-contraofensiva-en-el-congreso\/","title":{"rendered":"Alivio para endeudados: la oposici\u00f3n prepara una contraofensiva en el Congreso"},"content":{"rendered":"\n<p class=\"wp-block-paragraph\">Despu\u00e9s de la sesi\u00f3n por tierras, la oposici\u00f3n busca los votos para tratar antes de fin de a\u00f1o un proyecto que aborde la situaci\u00f3n de los morosos. La ofensiva opositora en ciernes incluye tambi\u00e9n el reparto de los fondos viales entre las provincias. Las claves: la ruptura del bloque de aliados y la ca\u00edda de Milei en las encuestas.\u00a0<\/p>\n\n\n\n<p class=\"wp-block-paragraph\">Por <a href=\"https:\/\/www.eldestapeweb.com\/perfil\/gabriel-sued\">Gabriel Sued<\/a>   &#8211;   Fuente: <a href=\"https:\/\/www.eldestapeweb.com\/\">https:\/\/www.eldestapeweb.com\/<\/a>   21 de agosto, 2026.<\/p>\n\n\n\n<p class=\"wp-block-paragraph\"><strong><a href=\"https:\/\/www.eldestapeweb.com\/politica\/represion-calle-libertad-avanza-consiguio-senado-media-sancion-ley-despedazada-20268713322\">La sesi\u00f3n por extranjerizaci\u00f3n de la tierra<\/a>&nbsp;puede haber abierto una nueva etapa en el Congreso<\/strong>. La exposici\u00f3n de la debilidad del Gobierno, la ca\u00edda de Javier Milei en las encuestas, las movilizaciones callejeras y&nbsp;<strong>la posterior reuni\u00f3n de los principales referentes del peronismo les dieron un nuevo impulso a las bancadas opositoras para pasar a la ofensiva<\/strong>.&nbsp;<\/p>\n\n\n\n<p class=\"wp-block-paragraph\">La agenda ya est\u00e1 definida:<strong>\u00a0un alivio para\u00a0<a href=\"https:\/\/www.eldestapeweb.com\/economia\/endeudamiento-familiar-milei-quintuplico-morosos-crece-riesgo-insolvencia-202682091327\">los endeudados<\/a>\u00a0y el reparto de los fondos viales entre las provincias<\/strong>\u00a0son los proyectos que intentar\u00e1 tratar la oposici\u00f3n antes de fin de a\u00f1o en la C\u00e1mara de Diputados.\u00a0<strong>Los votos todav\u00eda no est\u00e1n<\/strong>. Pero en Uni\u00f3n por la Patria (UP) creen que ahora s\u00ed est\u00e1n dadas las condiciones para salir a buscarlos.<\/p>\n\n\n\n<figure class=\"wp-block-image size-full\"><a href=\"https:\/\/fmmural91.uno\/2024\/wp-content\/uploads\/2026\/08\/Captura-de-pantalla-2026-08-21-105103.png\"><img fetchpriority=\"high\" decoding=\"async\" width=\"816\" height=\"470\" src=\"https:\/\/fmmural91.uno\/2024\/wp-content\/uploads\/2026\/08\/Captura-de-pantalla-2026-08-21-105103.png\" alt=\"\" class=\"wp-image-3267\" srcset=\"https:\/\/fmmural91.uno\/2024\/wp-content\/uploads\/2026\/08\/Captura-de-pantalla-2026-08-21-105103.png 816w, https:\/\/fmmural91.uno\/2024\/wp-content\/uploads\/2026\/08\/Captura-de-pantalla-2026-08-21-105103-559x322.png 559w, https:\/\/fmmural91.uno\/2024\/wp-content\/uploads\/2026\/08\/Captura-de-pantalla-2026-08-21-105103-768x442.png 768w\" sizes=\"(max-width: 816px) 100vw, 816px\" \/><\/a><\/figure>\n\n\n\n<p class=\"wp-block-paragraph\">Si se confirmara un cambio en la correlaci\u00f3n de fuerzas, los objetivos de la ofensiva opositora podr\u00edan ampliarse.&nbsp;<strong>Tambi\u00e9n est\u00e1n en carpeta un proyecto para prorrogar la emergencia en discapacidad hasta diciembre de 2027 y otro para darles un aumento a los jubilados<\/strong>.&nbsp;<\/p>\n\n\n\n<p class=\"wp-block-paragraph\">A eso se suman<strong>&nbsp;las gestiones para<\/strong>&nbsp;<strong>sostener la continuidad de las PASO<\/strong>, ante la estrategia del Gobierno para eliminarlas o cancelarlas.<strong>&nbsp;Los diez participantes de la reuni\u00f3n que hizo el 11 de agosto el peronismo en el Hotel Emperador<\/strong>&nbsp;quedaron encargados de hablar con alg\u00fan gobernador o senador que no responda a la Casa Rosada, incluso con los radicales.&nbsp;<\/p>\n\n\n\n<p class=\"wp-block-paragraph\">\u201cNo nos gusta hablar de punto de inflexi\u00f3n, pero&nbsp;<strong>algo est\u00e1 pasando, algo cambi\u00f3, el radicalismo est\u00e1 raro, hay malestar en la calle\u201d<\/strong>, dijo a&nbsp;<em><strong>El Destape<\/strong><\/em>&nbsp;uno de los participantes del encuentro en el Hotel Emperador. \u201cEl Gobierno pate\u00f3 para m\u00e1s adelante lo de las PASO y ahora les estall\u00f3 lo de Cerimedo (Fernando) que es una caja de Pandora\u201d, agreg\u00f3.&nbsp;&nbsp;&nbsp;&nbsp;&nbsp;<\/p>\n\n\n\n<p class=\"wp-block-paragraph\"><strong>El camino es largo. La oposici\u00f3n deber\u00e1 primero reunir el qu\u00f3rum para una sesi\u00f3n especial<\/strong>&nbsp;en la que se emplace a las comisiones, en manos del oficialismo, a emitir dictamen de los proyectos y habilitar as\u00ed su tratamiento en el recinto. Si est\u00e1n los n\u00fameros, la sesi\u00f3n especial se convocar\u00eda en Diputados para el mes que viene, despu\u00e9s del debate previsto para el 26 de agosto. Ese d\u00eda el oficialismo intentar\u00e1 dar media sanci\u00f3n a la llamada ley de inocencia fiscal y a la reforma de la Carta Org\u00e1nica del Banco Central.&nbsp;<\/p>\n\n\n\n<p class=\"wp-block-paragraph\">El tiempo podr\u00eda, de todos modos, jugar a favor de la oposici\u00f3n.&nbsp;<strong>El deterioro de la situaci\u00f3n econ\u00f3mica y la ca\u00edda de Milei en las encuestas repercuten dentro del Congreso.<\/strong>&nbsp;Buena parte de las bancadas provinciales que le aportaron votos clave al Gobierno hoy se muestran dispuestas a articular acciones con la oposici\u00f3n. Habr\u00e1 que ver si son meras insinuaciones.<\/p>\n\n\n\n<p class=\"wp-block-paragraph\"><strong>Las miradas est\u00e1n puestas en Innovaci\u00f3n Federal<\/strong>, un bloque de nueve diputados que formalizar\u00e1 su ruptura el mi\u00e9rcoles de la semana que viene. Es la bancada que comparten cuatro diputados de Misiones, que responden al gobernador Hugo Passalacqua; tres salte\u00f1os, del gobernador Gustavo S\u00e1enz, uno de San Luis y uno de Formosa.&nbsp;<\/p>\n\n\n\n<p class=\"wp-block-paragraph\"><strong>El quiebre es una derivaci\u00f3n de la ruptura del oficialismo en Misiones<\/strong>, a partir de la pelea entre Passalacqua y Carlos Rovira, jefe pol\u00edtico provincial desde 1999. \u201cLos vemos m\u00e1s dispuestos a converger\u201d, se esperanz\u00f3 un diputado peronista, que tambi\u00e9n apunta a sumar a los cordobeses que responden al gobernador Mart\u00edn Llaryora. La proximidad del a\u00f1o electoral podr\u00eda modificar los alineamientos.&nbsp;<\/p>\n\n\n\n<p class=\"wp-block-paragraph\">Los m\u00e1s de 30 proyectos presentados para abordar la morosidad en el endeudamiento de las familias quedaron agrupados en dos iniciativas,<strong>&nbsp;una destinada a dar respuesta a los casi 6 millones de morosos y otra que propone asistir a toda la masa de endeudados, unas veinte millones de personas<\/strong>. En ninguno de los dos casos se afectan recursos del Estado. Los proyectos apuntan a eliminar los punitorios, y a obligar a los bancos y las billeteras virtuales a estirar los plazos y rebajar las tasas.<\/p>\n\n\n\n<p class=\"wp-block-paragraph\">El proyecto para repartir entre las provincias los fondos recaudados por el impuesto a los combustibles l\u00edquidos (ICL) est\u00e1 en l\u00ednea con la media sanci\u00f3n que dio el Senado en julio de 2025. El avance de esa iniciativa depende del v\u00ednculo entre Milei y los gobernadores. UP ya reuni\u00f3 a intendentes y secretarios de obras p\u00fablicas de todo el pa\u00eds en la Comisi\u00f3n de Obras P\u00fablicas para darle cauce legislativo al malestar creciente por la falta de inversi\u00f3n en rutas nacionales. Solo falta que las piezas se terminen de acomodar.&nbsp;&nbsp;&nbsp;<\/p>\n\n\n\n<ul class=\"wp-block-list\">\n<li><a href=\"https:\/\/www.eldestapeweb.com\/tag\/endeudamiento-familiar\">Endeudamiento Familiar<\/a><\/li>\n\n\n\n<li><a href=\"https:\/\/www.eldestapeweb.com\/tag\/congreso-nacional\">CONGRESO NACIONAL<\/a><\/li>\n\n\n\n<li><a href=\"https:\/\/www.eldestapeweb.com\/tag\/diputados\">Diputados<\/a><\/li>\n\n\n\n<li><a href=\"https:\/\/www.eldestapeweb.com\/tag\/javier-milei-presidente\">Javier Milei presidente<\/a><\/li>\n\n\n\n<li><a href=\"https:\/\/www.eldestapeweb.com\/tag\/originales\">Originales<\/a><\/li>\n<\/ul>\n","protected":false},"excerpt":{"rendered":"<p>Despu\u00e9s de la sesi\u00f3n por tierras, la oposici\u00f3n busca los votos para tratar antes de fin de a\u00f1o un proyecto que aborde la situaci\u00f3n de los morosos. La ofensiva opositora en ciernes incluye tambi\u00e9n el reparto de los fondos viales entre las provincias. Las claves: la ruptura del bloque de aliados y la ca\u00edda de [&hellip;]<\/p>\n","protected":false},"author":3,"featured_media":3268,"comment_status":"closed","ping_status":"closed","sticky":false,"template":"","format":"standard","meta":{"sync_status":"","episode_type":"","audio_file":"","castos_file_data":"","podmotor_file_id":"","cover_image":"","cover_image_id":"","duration":"","filesize":"","filesize_raw":"","date_recorded":"","explicit":"","block":"","footnotes":""},"categories":[21],"tags":[],"class_list":["post-3266","post","type-post","status-publish","format-standard","has-post-thumbnail","hentry","category-economia"],"_links":{"self":[{"href":"https:\/\/fmmural91.uno\/2024\/wp-json\/wp\/v2\/posts\/3266","targetHints":{"allow":["GET"]}}],"collection":[{"href":"https:\/\/fmmural91.uno\/2024\/wp-json\/wp\/v2\/posts"}],"about":[{"href":"https:\/\/fmmural91.uno\/2024\/wp-json\/wp\/v2\/types\/post"}],"author":[{"embeddable":true,"href":"https:\/\/fmmural91.uno\/2024\/wp-json\/wp\/v2\/users\/3"}],"replies":[{"embeddable":true,"href":"https:\/\/fmmural91.uno\/2024\/wp-json\/wp\/v2\/comments?post=3266"}],"version-history":[{"count":1,"href":"https:\/\/fmmural91.uno\/2024\/wp-json\/wp\/v2\/posts\/3266\/revisions"}],"predecessor-version":[{"id":3269,"href":"https:\/\/fmmural91.uno\/2024\/wp-json\/wp\/v2\/posts\/3266\/revisions\/3269"}],"wp:featuredmedia":[{"embeddable":true,"href":"https:\/\/fmmural91.uno\/2024\/wp-json\/wp\/v2\/media\/3268"}],"wp:attachment":[{"href":"https:\/\/fmmural91.uno\/2024\/wp-json\/wp\/v2\/media?parent=3266"}],"wp:term":[{"taxonomy":"category","embeddable":true,"href":"https:\/\/fmmural91.uno\/2024\/wp-json\/wp\/v2\/categories?post=3266"},{"taxonomy":"post_tag","embeddable":true,"href":"https:\/\/fmmural91.uno\/2024\/wp-json\/wp\/v2\/tags?post=3266"}],"curies":[{"name":"wp","href":"https:\/\/api.w.org\/{rel}","templated":true}]}}