{"id":3270,"date":"2026-08-21T11:09:54","date_gmt":"2026-08-21T14:09:54","guid":{"rendered":"https:\/\/fmmural91.uno\/2024\/?p=3270"},"modified":"2026-08-21T11:09:55","modified_gmt":"2026-08-21T14:09:55","slug":"los-gobernadores-ahora-criticos-buscan-ampliar-el-nuevo-bloque-y-ser-arbitros-del-quorum","status":"publish","type":"post","link":"https:\/\/fmmural91.uno\/2024\/los-gobernadores-ahora-criticos-buscan-ampliar-el-nuevo-bloque-y-ser-arbitros-del-quorum\/","title":{"rendered":"Los gobernadores ahora cr\u00edticos buscan ampliar el nuevo bloque y ser \u00e1rbitros del qu\u00f3rum"},"content":{"rendered":"\n<p class=\"wp-block-paragraph\">S\u00e1enz y Passalacqua negocian con Jaldo y Jalil la ampliaci\u00f3n de un nuevo interbloque provincial de tono m\u00e1s cr\u00edtico con el\u00a0Gobierno. Buscan ganar peso en el Congreso y condicionar la agenda oficialista en el inicio de la campa\u00f1a electoral.<\/p>\n\n\n\n<p class=\"wp-block-paragraph\"><a href=\"https:\/\/www.eldestapeweb.com\/perfil\/fernando-cibeira\">Por\u00a0Fernando Cibeira<\/a>\u00a0   &#8211;   Fuente: <a href=\"https:\/\/www.eldestapeweb.com\/\">https:\/\/www.eldestapeweb.com\/<\/a>   21 de agosto, 20226.<\/p>\n\n\n\n<p class=\"wp-block-paragraph\"><strong>Los gobernadores de Salta, Gustavo S\u00e1enz, y de Misiones, Hugo Passalacqua, presentar\u00e1n el pr\u00f3ximo mi\u00e9rcoles el nuevo bloque que integrar\u00e1n diputados de sus provincias<\/strong>. El objetivo es abandonar la l\u00f3gica de acompa\u00f1ar por defecto todos los proyectos del Ejecutivo y adoptar un perfil m\u00e1s cr\u00edtico: solo respaldar\u00e1n aquellas iniciativas que representen beneficios para sus distritos. Adem\u00e1s, mantienen conversaciones con los gobernadores peronistas de Tucum\u00e1n, Osvaldo Jaldo, y de Catamarca, Ra\u00fal Jalil, para que sus diputados se sumen a la iniciativa, posiblemente mediante un interbloque.<strong>\u00a0La aspiraci\u00f3n es convertirse en \u00e1rbitros del qu\u00f3rum en ambas c\u00e1maras y ganar influencia en medio de la polarizaci\u00f3n que potenciar\u00e1 la campa\u00f1a electoral.<\/strong><\/p>\n\n\n\n<figure class=\"wp-block-image size-full\"><a href=\"https:\/\/fmmural91.uno\/2024\/wp-content\/uploads\/2026\/08\/Captura-de-pantalla-2026-08-21-110100.png\"><img fetchpriority=\"high\" decoding=\"async\" width=\"656\" height=\"727\" src=\"https:\/\/fmmural91.uno\/2024\/wp-content\/uploads\/2026\/08\/Captura-de-pantalla-2026-08-21-110100.png\" alt=\"\" class=\"wp-image-3271\" srcset=\"https:\/\/fmmural91.uno\/2024\/wp-content\/uploads\/2026\/08\/Captura-de-pantalla-2026-08-21-110100.png 656w, https:\/\/fmmural91.uno\/2024\/wp-content\/uploads\/2026\/08\/Captura-de-pantalla-2026-08-21-110100-504x559.png 504w\" sizes=\"(max-width: 656px) 100vw, 656px\" \/><\/a><\/figure>\n\n\n\n<p class=\"wp-block-paragraph\"><strong>\u201cEst\u00e1 muy dif\u00edcil la situaci\u00f3n de la gente, la est\u00e1 pasando mal\u201d<\/strong>, sostuvo S\u00e1enz al ingresar al Hotel Alvear, donde se realiz\u00f3 el Consejo de las Am\u00e9ricas.<strong>\u00a0Fue el segundo d\u00eda consecutivo en el que el gobernador salte\u00f1o exhibi\u00f3 su nuevo perfil, distanciado de las pol\u00edticas econ\u00f3micas que supo acompa\u00f1ar\u00a0con sus votos en el Congreso.<\/strong>\u00a0Esta vez expres\u00f3 su preocupaci\u00f3n por la microeconom\u00eda y el consumo, que arrastra una ca\u00edda prolongada. \u201cSi no se reactivan los motores de la microeconom\u00eda, que son el consumo, las inversiones y las exportaciones, lamentablemente no va a haber soluci\u00f3n\u201d, a\u00f1adi\u00f3.\u00a0<strong>En paralelo, su vicegobernador, Antonio Marocco, estuvo en La Plata en un encuentro que tuvo a Axel Kicillof como principal orador<\/strong>. \u201cComo dice Axel, hay que organizarnos\u201d, coment\u00f3 Marocco.<\/p>\n\n\n\n<figure class=\"wp-block-image size-full\"><a href=\"https:\/\/fmmural91.uno\/2024\/wp-content\/uploads\/2026\/08\/Captura-de-pantalla-2026-08-21-110315.png\"><img decoding=\"async\" width=\"642\" height=\"787\" src=\"https:\/\/fmmural91.uno\/2024\/wp-content\/uploads\/2026\/08\/Captura-de-pantalla-2026-08-21-110315.png\" alt=\"\" class=\"wp-image-3272\" srcset=\"https:\/\/fmmural91.uno\/2024\/wp-content\/uploads\/2026\/08\/Captura-de-pantalla-2026-08-21-110315.png 642w, https:\/\/fmmural91.uno\/2024\/wp-content\/uploads\/2026\/08\/Captura-de-pantalla-2026-08-21-110315-456x559.png 456w\" sizes=\"(max-width: 642px) 100vw, 642px\" \/><\/a><\/figure>\n\n\n\n<p class=\"wp-block-paragraph\"><strong>Distinto es el caso de Passalacqua, quien antes de virar en su posici\u00f3n respecto al gobierno de Javier Milei rompi\u00f3 con el hist\u00f3rico jefe pol\u00edtico del Frente\u00a0por la Concordia, Carlos Rovira.<\/strong>\u00a0Luego de la ruptura, Passalacqua se habr\u00eda quedado con todos los legisladores nacionales, aunque para tener la certeza habr\u00e1 que esperar por sus pr\u00f3ximos movimientos. En se\u00f1al de su nueva independencia, el gobernador recibi\u00f3 el mi\u00e9rcoles a los referentes del peronismo federal como Juan Manuel Olmos y Victoria Tolosa Paz, con quienes habl\u00f3 de la agenda legislativa que se viene.\u00a0<strong>\u00abCompartimos la convicci\u00f3n de que la Argentina necesita una nueva etapa profundamente federal\u00bb<\/strong>, sostuvo Tolosa Paz.<\/p>\n\n\n\n<figure class=\"wp-block-image size-full\"><a href=\"https:\/\/fmmural91.uno\/2024\/wp-content\/uploads\/2026\/08\/Captura-de-pantalla-2026-08-21-110509.png\"><img decoding=\"async\" width=\"640\" height=\"650\" src=\"https:\/\/fmmural91.uno\/2024\/wp-content\/uploads\/2026\/08\/Captura-de-pantalla-2026-08-21-110509.png\" alt=\"\" class=\"wp-image-3273\" srcset=\"https:\/\/fmmural91.uno\/2024\/wp-content\/uploads\/2026\/08\/Captura-de-pantalla-2026-08-21-110509.png 640w, https:\/\/fmmural91.uno\/2024\/wp-content\/uploads\/2026\/08\/Captura-de-pantalla-2026-08-21-110509-550x559.png 550w\" sizes=\"(max-width: 640px) 100vw, 640px\" \/><\/a><\/figure>\n\n\n\n<p class=\"wp-block-paragraph\"><strong>El pr\u00f3ximo mi\u00e9rcoles, antes del inicio de la sesi\u00f3n en Diputados, anunciar\u00e1n la disoluci\u00f3n de Innovaci\u00f3n Federal y la creaci\u00f3n de la nueva bancada.<\/strong>&nbsp;Estar\u00e1 integrada por cuatro misioneros -Oscar Herrera Ahuad, Alberto Arr\u00faa, Yamila Ruiz y Daniel Vancsik-&nbsp;y tres salte\u00f1os -Bernardo Biella, Pablo Outes y Yolanda Vega-.&nbsp;<strong>La presidencia quedar\u00e1 en manos de Herrera Ahuad, exgobernador de Misiones, quien ahora apuntar\u00eda a disputar la intendencia de Posadas con el apoyo de Passalacqua.&nbsp;<\/strong>A partir de la pr\u00f3xima sesi\u00f3n, los siete diputados actuar\u00e1n con mayor distancia de la Casa Rosada. En esta primera etapa quedar\u00e1n afuera otros dos integrantes de Innovaci\u00f3n Federal, Claudio \u00c1lvarez y Gerardo Gonz\u00e1lez, aunque no descartaban incorporarlos m\u00e1s adelante.<\/p>\n\n\n\n<figure class=\"wp-block-image size-full\"><a href=\"https:\/\/fmmural91.uno\/2024\/wp-content\/uploads\/2026\/08\/Captura-de-pantalla-2026-08-21-110709.png\"><img loading=\"lazy\" decoding=\"async\" width=\"823\" height=\"471\" src=\"https:\/\/fmmural91.uno\/2024\/wp-content\/uploads\/2026\/08\/Captura-de-pantalla-2026-08-21-110709.png\" alt=\"\" class=\"wp-image-3274\" srcset=\"https:\/\/fmmural91.uno\/2024\/wp-content\/uploads\/2026\/08\/Captura-de-pantalla-2026-08-21-110709.png 823w, https:\/\/fmmural91.uno\/2024\/wp-content\/uploads\/2026\/08\/Captura-de-pantalla-2026-08-21-110709-559x320.png 559w, https:\/\/fmmural91.uno\/2024\/wp-content\/uploads\/2026\/08\/Captura-de-pantalla-2026-08-21-110709-768x440.png 768w\" sizes=\"(max-width: 823px) 100vw, 823px\" \/><\/a><\/figure>\n\n\n\n<p class=\"wp-block-paragraph\"><strong>El primer objetivo, para el que ya iniciaron conversaciones, es conformar un interbloque con los tres diputados tucumanos de Independencia, que responden al gobernador Osvaldo Jaldo, y los tres catamarque\u00f1os de Elijo Catamarca, referenciados en Ra\u00fal Jalil.&nbsp;<\/strong>As\u00ed, la bancada podr\u00eda reunir 13 miembros&nbsp;-o incluso 15 si m\u00e1s adelante se incorporan \u00c1lvarez y Gonz\u00e1lez-&nbsp;y quedarse con la llave del qu\u00f3rum en una C\u00e1mara baja cada vez m\u00e1s disputada. Jaldo y Jalil se comportaron durante estos a\u00f1os como los gobernadores peronistas m\u00e1s cercanos a Milei, pero ahora tambi\u00e9n evaluar\u00edan tomar distancia. En especial Jaldo, que buscar\u00e1 su reelecci\u00f3n y enfrenta una fuerte oposici\u00f3n libertaria en Tucum\u00e1n.<\/p>\n\n\n\n<p class=\"wp-block-paragraph\"><strong>El acuerdo podr\u00eda replicarse en el Senado.<\/strong>&nbsp;Todo indica que Passalacqua conservar\u00e1 la conducci\u00f3n pol\u00edtica de los dos representantes misioneros, mientras que S\u00e1enz tiene como referentes a Flavia Roy\u00f3n y Carolina Mois\u00e9s, repartidas en&nbsp;bancadas diferentes. Jalil cuenta con un senador y Jaldo con dos, por lo que tambi\u00e9n podr\u00edan conformar un interbloque en la C\u00e1mara alta.&nbsp;<strong>Por ahora son cuentas en el aire, pero lo cierto es que el oficialismo deber\u00e1 revisar los n\u00fameros que hac\u00eda sobre sus aliados en el Congreso.<\/strong><\/p>\n\n\n\n<ul class=\"wp-block-list\">\n<li><a href=\"https:\/\/www.eldestapeweb.com\/tag\/congreso\">Congreso<\/a><\/li>\n\n\n\n<li><a href=\"https:\/\/www.eldestapeweb.com\/tag\/gustavo-saenz\">Gustavo S\u00e1enz<\/a><\/li>\n\n\n\n<li><a href=\"https:\/\/www.eldestapeweb.com\/tag\/hugo-passalacqua\">Hugo Passalacqua<\/a><\/li>\n<\/ul>\n","protected":false},"excerpt":{"rendered":"<p>S\u00e1enz y Passalacqua negocian con Jaldo y Jalil la ampliaci\u00f3n de un nuevo interbloque provincial de tono m\u00e1s cr\u00edtico con el\u00a0Gobierno. Buscan ganar peso en el Congreso y condicionar la agenda oficialista en el inicio de la campa\u00f1a electoral. Por\u00a0Fernando Cibeira\u00a0 &#8211; Fuente: https:\/\/www.eldestapeweb.com\/ 21 de agosto, 20226. Los gobernadores de Salta, Gustavo S\u00e1enz, y [&hellip;]<\/p>\n","protected":false},"author":3,"featured_media":3275,"comment_status":"closed","ping_status":"closed","sticky":false,"template":"","format":"standard","meta":{"sync_status":"","episode_type":"","audio_file":"","castos_file_data":"","podmotor_file_id":"","cover_image":"","cover_image_id":"","duration":"","filesize":"","filesize_raw":"","date_recorded":"","explicit":"","block":"","footnotes":""},"categories":[24],"tags":[],"class_list":["post-3270","post","type-post","status-publish","format-standard","has-post-thumbnail","hentry","category-politica"],"_links":{"self":[{"href":"https:\/\/fmmural91.uno\/2024\/wp-json\/wp\/v2\/posts\/3270","targetHints":{"allow":["GET"]}}],"collection":[{"href":"https:\/\/fmmural91.uno\/2024\/wp-json\/wp\/v2\/posts"}],"about":[{"href":"https:\/\/fmmural91.uno\/2024\/wp-json\/wp\/v2\/types\/post"}],"author":[{"embeddable":true,"href":"https:\/\/fmmural91.uno\/2024\/wp-json\/wp\/v2\/users\/3"}],"replies":[{"embeddable":true,"href":"https:\/\/fmmural91.uno\/2024\/wp-json\/wp\/v2\/comments?post=3270"}],"version-history":[{"count":1,"href":"https:\/\/fmmural91.uno\/2024\/wp-json\/wp\/v2\/posts\/3270\/revisions"}],"predecessor-version":[{"id":3276,"href":"https:\/\/fmmural91.uno\/2024\/wp-json\/wp\/v2\/posts\/3270\/revisions\/3276"}],"wp:featuredmedia":[{"embeddable":true,"href":"https:\/\/fmmural91.uno\/2024\/wp-json\/wp\/v2\/media\/3275"}],"wp:attachment":[{"href":"https:\/\/fmmural91.uno\/2024\/wp-json\/wp\/v2\/media?parent=3270"}],"wp:term":[{"taxonomy":"category","embeddable":true,"href":"https:\/\/fmmural91.uno\/2024\/wp-json\/wp\/v2\/categories?post=3270"},{"taxonomy":"post_tag","embeddable":true,"href":"https:\/\/fmmural91.uno\/2024\/wp-json\/wp\/v2\/tags?post=3270"}],"curies":[{"name":"wp","href":"https:\/\/api.w.org\/{rel}","templated":true}]}}