{"id":3283,"date":"2026-08-24T08:50:49","date_gmt":"2026-08-24T11:50:49","guid":{"rendered":"https:\/\/fmmural91.uno\/2024\/?p=3283"},"modified":"2026-08-24T08:50:50","modified_gmt":"2026-08-24T11:50:50","slug":"las-victimas-de-los-prestamos-no-regulados-de-la-fintech-dan-su-testimonio","status":"publish","type":"post","link":"https:\/\/fmmural91.uno\/2024\/las-victimas-de-los-prestamos-no-regulados-de-la-fintech-dan-su-testimonio\/","title":{"rendered":"Las v\u00edctimas de los pr\u00e9stamos no regulados de la fintech dan su testimonio"},"content":{"rendered":"\n<h1 class=\"wp-block-heading\">\u201cYa ni duermo por culpa de Mercado\u201d<\/h1>\n\n\n\n<p class=\"wp-block-paragraph\">La mayor\u00eda son mujeres e informales. Tomaron deuda por una urgencia y no imaginaron la pesadilla que sobrevendr\u00eda.<\/p>\n\n\n\n<p class=\"wp-block-paragraph\">Por\u00a0Marcial Amiel   &#8211;   Fuente: <a href=\"https:\/\/www.pagina12.com.ar\/\">https:\/\/www.pagina12.com.ar\/<\/a>   24 de agosto, 2026.<\/p>\n\n\n\n<p class=\"wp-block-paragraph\">Como&nbsp;<strong>Javier Milei<\/strong>, el sistema financiero montado por el empresario&nbsp;<strong>Marcos Galper\u00edn<\/strong>, titular de&nbsp;<strong>Mercado Libre<\/strong>,&nbsp;<strong>Mercado Pago<\/strong>&nbsp;y&nbsp;<strong>Mercado Cr\u00e9dito<\/strong>, se ensa\u00f1a especialmente con las mujeres.<\/p>\n\n\n\n<ul class=\"wp-block-list\">\n<li><a href=\"https:\/\/www.pagina12.com.ar\/2026\/08\/22\/axel-kicillof-el-problema-sos-vos-milei\/\"><strong>Axel Kicillof: \u201cEl problema sos vos, Milei\u201d<\/strong><\/a><\/li>\n<\/ul>\n\n\n\n<p class=\"wp-block-paragraph\">En el marco de una protesta en las oficinas del gigante en Parque Saavedra con los bombos y los c\u00e1nticos \u201col\u00e9, ol\u00e9, ol\u00e1, Mercado Libre la verg\u00fcenza nacional\u201d como tel\u00f3n de fondo,&nbsp;<strong>Buenos Aires\/12&nbsp;<\/strong>convers\u00f3 con algunas v\u00edctimas de usura.<\/p>\n\n\n\n<p class=\"wp-block-paragraph\">Aunque el cat\u00e1logo es heterog\u00e9neo, la mayor\u00eda de las que tomaron esos cr\u00e9ditos leoninos co<em>n&nbsp;<\/em>esa billeterason mujeres que trabajan en la informalidad, limpiando casas o en la venta ambulante, en muchos casos \u00fanico sost\u00e9n de familia.<\/p>\n\n\n\n<p class=\"wp-block-paragraph\">Es el caso de Noelia, que vive en el conurbano, trabaja como empleada dom\u00e9stica, alquila y es mam\u00e1 soltera de cinco hijos. Uno de ellos tiene una discapacidad y la obliga a concurrir peri\u00f3dicamente al Hospital Garrahan para recibir tratamiento.<\/p>\n\n\n\n<p class=\"wp-block-paragraph\">El a\u00f1o pasado, en un momento se encontr\u00f3 sin dinero para cargar la Sube, que ocupa un porcentaje importante de su presupuesto. Entonces acept\u00f3 un pr\u00e9stamo de cuarenta mil pesos que le ofrec\u00eda Mercado Cr\u00e9dito. Fue el comienzo de una aut\u00e9ntica pesadilla.<\/p>\n\n\n\n<p class=\"wp-block-paragraph\">\u201cAl principio pod\u00eda pagar, pero con cada atraso los punitorios me iban hundiendo m\u00e1s y m\u00e1s. En un momento, como no ten\u00eda forma de pagar, me desinstal\u00e9 la aplicaci\u00f3n\u201d, cuenta. Se trata de una reacci\u00f3n habitual entre los deudores, un mecanismo fruto de la desesperaci\u00f3n.<\/p>\n\n\n\n<p class=\"wp-block-paragraph\">Unos meses despu\u00e9s de solicitado el pr\u00e9stamo, y a pesar de los sucesivos pagos, Noelia deb\u00eda tres veces el capital inicial. Comenzaron a llamarla, de manera cada vez m\u00e1s insistente, desde n\u00fameros privados, en distintos horarios.<\/p>\n\n\n\n<p class=\"wp-block-paragraph\">Luego, hicieron lo mismo con sus contactos m\u00e1s cercanos. El temor de Noelia es que llamen a alguna de las casas que la emplean por horas. Su angustia se evidencia en el tono de su voz y la expresi\u00f3n de su rostro. Ahora tambi\u00e9n la amenazan con judicializar el reclamo, si no logra pagar o al menos que alguien pague por ella.<\/p>\n\n\n\n<p class=\"wp-block-paragraph\">Bibi es juje\u00f1a y se gana la vida vendiendo empanadas en las inmediaciones de las estaciones de tren de la l\u00ednea Roca. Hace alrededor de un a\u00f1o, fue a visitar a sus padres a su provincia natal.<\/p>\n\n\n\n<p class=\"wp-block-paragraph\">\u201cLos encontr\u00e9 con la heladera rota y sin plata ni para comprar otra ni arreglar esa. As\u00ed que saqu\u00e9 un pr\u00e9stamo con la aplicaci\u00f3n\u201d, recuerda. Por un capital de 200 mil pesos, le ped\u00edan seis cuotas de 80 mil. Acept\u00f3 porque no ve\u00eda otra soluci\u00f3n al problema de sus padres.<\/p>\n\n\n\n<p class=\"wp-block-paragraph\">\u201cUna vez me atras\u00e9 un solo d\u00eda y la cuota subi\u00f3 10 mil pesos, de 80 mil a 90 mil. Encima, cada vez se vende menos porque la gente no tiene plata. Hasta hace un par de meses me ayudaban mis hijos, pero ahora ellos tambi\u00e9n est\u00e1n sin trabajo\u201d, dice.<\/p>\n\n\n\n<p class=\"wp-block-paragraph\">\u201cDeben estar haciendo un negocio fabuloso\u201d, reflexiona, en relaci\u00f3n a las empresas de . \u201cY conozco mujeres que la est\u00e1n pasando mucho peor que yo\u201d, concluye.<\/p>\n\n\n\n<p class=\"wp-block-paragraph\">Carmen es la primera de su familia, de origen boliviano, nacida en Argentina. Tiene un puesto en la feria de Villa Celina y su experiencia es similar a las anteriores.<\/p>\n\n\n\n<p class=\"wp-block-paragraph\">\u201cHice una compra de telas con el tel\u00e9fono y tom\u00e9 el pr\u00e9stamo sin querer. Yo ten\u00eda dinero en ese momento, pero aparec\u00eda como primera opci\u00f3n y apret\u00e9. Encima no hay bot\u00f3n de arrepentimiento. Ahora trabajo para esta gente\u201d, se lamenta.<\/p>\n\n\n\n<p class=\"wp-block-paragraph\">Carmen se afili\u00f3 recientemente al Sindicato de Feriantes, que le provee asistencia legal y desarroll\u00f3 su propia billetera, para evitar que los cuentapropistas caigan en esa trampa.<\/p>\n\n\n\n<p class=\"wp-block-paragraph\">Durante a\u00f1os, Ayel\u00e9n hizo todos los cursos de peluquer\u00eda, depilaci\u00f3n y est\u00e9tica que pudo, en el tiempo que le dejaban libre su trabajo de cajera de supermercado y sus tres hijos.<\/p>\n\n\n\n<p class=\"wp-block-paragraph\">Cuando el local de Lan\u00fas donde trabajaba cerr\u00f3 y qued\u00f3 en la calle, decidi\u00f3 que era el momento de jug\u00e1rsela. \u201cSaqu\u00e9 un pr\u00e9stamo para equiparme y empezar a trabajar a domicilio, para ver si m\u00e1s adelante pod\u00eda tener mi local\u201d, recuerda con ilusi\u00f3n.<\/p>\n\n\n\n<p class=\"wp-block-paragraph\">\u201cPero en mi barrio nadie tiene un peso para gastar en estas cosas. Ahora tengo las m\u00e1quinas casi sin usar y una deuda que se va haciendo una bola de nieve. Trabajar\u00eda de lo que sea para resolverlo, pero no consigo nada. Y esta gente me enloquece. Ya ni duermo por su culpa.\u201d<\/p>\n","protected":false},"excerpt":{"rendered":"<p>\u201cYa ni duermo por culpa de Mercado\u201d La mayor\u00eda son mujeres e informales. Tomaron deuda por una urgencia y no imaginaron la pesadilla que sobrevendr\u00eda. Por\u00a0Marcial Amiel &#8211; Fuente: https:\/\/www.pagina12.com.ar\/ 24 de agosto, 2026. Como&nbsp;Javier Milei, el sistema financiero montado por el empresario&nbsp;Marcos Galper\u00edn, titular de&nbsp;Mercado Libre,&nbsp;Mercado Pago&nbsp;y&nbsp;Mercado Cr\u00e9dito, se ensa\u00f1a especialmente con las mujeres. [&hellip;]<\/p>\n","protected":false},"author":3,"featured_media":3284,"comment_status":"closed","ping_status":"closed","sticky":false,"template":"","format":"standard","meta":{"sync_status":"","episode_type":"","audio_file":"","castos_file_data":"","podmotor_file_id":"","cover_image":"","cover_image_id":"","duration":"","filesize":"","filesize_raw":"","date_recorded":"","explicit":"","block":"","footnotes":""},"categories":[21,116],"tags":[],"class_list":["post-3283","post","type-post","status-publish","format-standard","has-post-thumbnail","hentry","category-economia","category-sociedad"],"_links":{"self":[{"href":"https:\/\/fmmural91.uno\/2024\/wp-json\/wp\/v2\/posts\/3283","targetHints":{"allow":["GET"]}}],"collection":[{"href":"https:\/\/fmmural91.uno\/2024\/wp-json\/wp\/v2\/posts"}],"about":[{"href":"https:\/\/fmmural91.uno\/2024\/wp-json\/wp\/v2\/types\/post"}],"author":[{"embeddable":true,"href":"https:\/\/fmmural91.uno\/2024\/wp-json\/wp\/v2\/users\/3"}],"replies":[{"embeddable":true,"href":"https:\/\/fmmural91.uno\/2024\/wp-json\/wp\/v2\/comments?post=3283"}],"version-history":[{"count":1,"href":"https:\/\/fmmural91.uno\/2024\/wp-json\/wp\/v2\/posts\/3283\/revisions"}],"predecessor-version":[{"id":3285,"href":"https:\/\/fmmural91.uno\/2024\/wp-json\/wp\/v2\/posts\/3283\/revisions\/3285"}],"wp:featuredmedia":[{"embeddable":true,"href":"https:\/\/fmmural91.uno\/2024\/wp-json\/wp\/v2\/media\/3284"}],"wp:attachment":[{"href":"https:\/\/fmmural91.uno\/2024\/wp-json\/wp\/v2\/media?parent=3283"}],"wp:term":[{"taxonomy":"category","embeddable":true,"href":"https:\/\/fmmural91.uno\/2024\/wp-json\/wp\/v2\/categories?post=3283"},{"taxonomy":"post_tag","embeddable":true,"href":"https:\/\/fmmural91.uno\/2024\/wp-json\/wp\/v2\/tags?post=3283"}],"curies":[{"name":"wp","href":"https:\/\/api.w.org\/{rel}","templated":true}]}}