{"id":3286,"date":"2026-08-24T08:59:49","date_gmt":"2026-08-24T11:59:49","guid":{"rendered":"https:\/\/fmmural91.uno\/2024\/?p=3286"},"modified":"2026-08-24T08:59:50","modified_gmt":"2026-08-24T11:59:50","slug":"la-ultima-vez-habia-sido-el-9-de-julio-tras-el-tedeum","status":"publish","type":"post","link":"https:\/\/fmmural91.uno\/2024\/la-ultima-vez-habia-sido-el-9-de-julio-tras-el-tedeum\/","title":{"rendered":"La \u00faltima vez hab\u00eda sido el 9 de julio, tras el Tedeum"},"content":{"rendered":"\n<h1 class=\"wp-block-heading\">Milei sale del encierro: Encabezar\u00e1 una reuni\u00f3n de gabinete despu\u00e9s de 45 d\u00edas<\/h1>\n\n\n\n<p class=\"wp-block-paragraph\">Su reclusi\u00f3n en Olivos ven\u00eda generando todo tipo de especulaciones sobre su salud. El doble comando con Karina qued\u00f3 a\u00fan m\u00e1s expuesto. \u201cElla es la que mandan\u201d, dicen en la Rosada.<br><\/p>\n\n\n\n<p class=\"wp-block-paragraph\"><a href=\"https:\/\/www.pagina12.com.ar\/autores\/melisa-molina\">Por\u00a0Melisa Molina<\/a>   &#8211;   Fuente: <a href=\"https:\/\/www.pagina12.com.ar\/\">https:\/\/www.pagina12.com.ar\/<\/a>   24 de agosto, 2026.<\/p>\n\n\n\n<p class=\"wp-block-paragraph\">Este lunes 24, por primera vez en el mes,&nbsp;<strong>el presidente Javier Milei va a encabezar una actividad en la Casa Rosada.<\/strong>&nbsp;Se tratar\u00e1 de una reuni\u00f3n de gabinete. Tal como<a href=\"https:\/\/www.pagina12.com.ar\/2026\/08\/20\/milei-participara-de-una-gala-en-estados-unidos-organizada-por-el-portal-de-cerimedo\/\">&nbsp;public\u00f3 P\u00e1gina12 semana pasada<\/a>, el mandatario no pisa la Casa de Gobierno desde el 31 de julio, cuando recibi\u00f3 en su despacho al presidente de Corea del Sur. La \u00faltima vez que hubo una reuni\u00f3n de gabinete, en tanto, fue el 9 de julio, despu\u00e9s del tedeum que se hizo en la Catedral Metropolitana ese mismo d\u00eda.<\/p>\n\n\n\n<p class=\"wp-block-paragraph\">Sin dar explicaciones de qu\u00e9 hizo todo el mes recluido en la Quinta de Olivos, desde su entorno tambi\u00e9n confirman que el martes, tras la conferencia de prensa del vocero Adri\u00e1n Ravier y de la reuni\u00f3n de la mesa pol\u00edtica,&nbsp;<strong>el presidente encabezar\u00e1 una reuni\u00f3n con los diputados y senadores de su bloque.<\/strong><\/p>\n\n\n\n<p class=\"wp-block-paragraph\">Seg\u00fan quienes lo conocen, el presidente sufre de fuertes dolores f\u00edsicos y ese habr\u00eda sido uno de los motivos de su encierro. Por otra parte, periodistas que dicen ser amigos de \u00e9l y algunos que hasta compartieron con el mandatario&nbsp;<strong>\u201cnoches de \u00f3pera\u201d<\/strong>&nbsp;en la residencia oficial, tambi\u00e9n expresaron que, durante su reclusi\u00f3n, el mandatario avanz\u00f3 en la escritura de un libro.<\/p>\n\n\n\n<p class=\"wp-block-paragraph\">Sin embargo, ninguna de esas versiones es confirmada de manera oficial, ni tampoco hay explicaciones de qu\u00e9 ocurre en la Quinta de Olivos durante las largas jornadas de aislamiento del Presidente.<\/p>\n\n\n\n<p class=\"wp-block-paragraph\">Debido a la no agenda del Jefe de Estado en la Casa Rosada, los rumores sobre la salud del Presidente se fueron haciendo cada vez m\u00e1s grandes con el correr de los d\u00edas. Por eso, esta semana desde el gobierno se encargaron de remarcar que Milei volver\u00e1 a participar de actividades en Balcarce 50. Lo har\u00e1 en dos: encabezar\u00e1 la reuni\u00f3n de gabinete y tambi\u00e9n la reuni\u00f3n con legisladores. Hasta el momento, todas las actividades en la casa de Gobierno eran protagonizadas por la secretaria general de la presidencia Karina Milei.<\/p>\n\n\n\n<p class=\"wp-block-paragraph\">Durante los \u00faltimos meses la hermana del mandatario, sin ning\u00fan tapujo, se encarg\u00f3 de mostrar que ella es la que maneja las riendas de la gesti\u00f3n. Quienes fueron a reunirse con ella en su despacho la semana pasada, se fueron con la misma sensaci\u00f3n:&nbsp;<strong>\u201cella es la que manda\u201d<\/strong>, repiten. Adem\u00e1s, los que compartieron encuentros con la hermana de Milei cuentan que \u201ccuando hay que avanzar con algo nadie tiene voz ni voto hasta que ella decide y da el okey\u201d.<\/p>\n\n\n\n<p class=\"wp-block-paragraph\">\u201cDespu\u00e9s no puede hilar dos palabras, pero llega a cualquier reuni\u00f3n y reina el silencio. Todos le tienen miedo\u201d, indican los que vieron en la intimidad c\u00f3mo funciona la din\u00e1mica de poder. En esa l\u00ednea, aportan que \u201cla \u00fanica que no le tiene tanto respeto y hasta puede hacer chistes en su presencia\u201d, es la ministra de Capital Humano Sandra Pettovello.<\/p>\n\n\n\n<p class=\"wp-block-paragraph\">Este lunes, en tanto, Milei querr\u00e1 demostrar que a\u00fan conserva poder y que est\u00e1 en sus cabales. Algo que se puso en duda luego de sus \u00faltimas apariciones p\u00fablicas. En el discurso que dio el lunes pasado en la Plaza San Mart\u00edn, el Presidente se confund\u00eda las palabras. Dijo, por ejemplo, que estaba all\u00ed para conmemorar la \u201cinmortabilidad\u201d del pr\u00f3cer, entre otros furcios. Tambi\u00e9n se lo vio deteriorado f\u00edsicamente, con una especie de renguera. En el discurso que dio el viernes en Rosario, en tanto, se confundi\u00f3 y pens\u00f3 que estaba en Buenos Aires.<\/p>\n\n\n\n<p class=\"wp-block-paragraph\">En su aparici\u00f3n del jueves en el Council of the Americas, Milei imit\u00f3 en varios tramos voces con tonos burlescos y hasta culpabiliz\u00f3 a las mujeres por no tener hijos y \u201cbajar la tasa de natalidad\u201d, mientras que ni \u00e9l ni su hermana son padres. \u201cMilei est\u00e1 perdido y Karina sobrepasada. Est\u00e1n explotados\u201d, reflexiona un dirigente que sigue de cerca los pasos de los hermanos presidenciales.<\/p>\n\n\n\n<p class=\"wp-block-paragraph\">Como un nuevo gesto de poder y con la intenci\u00f3n de seguir marcando la cancha puertas adentro del oficialismo, la herman\u00edsima corri\u00f3 de la estrategia comunicacional al asesor estrella del Presidente, Santiago Caputo.<\/p>\n\n\n\n<p class=\"wp-block-paragraph\">Karina Milei no solo fue acotando el poder y la influencia en distintas dependencias del estado del consultor sin cargo, sino que ahora ella tambi\u00e9n habr\u00eda armado un equipo paralelo encabezado por el vide\u00f3grafo Santiago Or\u00eda y el influencer In\u00e1ki Gutierrez para que se encarguen de las redes sociales y de la comunicaci\u00f3n digital.<\/p>\n\n\n\n<p class=\"wp-block-paragraph\">En ese esquema, tambi\u00e9n juega el sobrino de los Menem y empleado en el Congreso Nacional, Sharif Menem. Esas ser\u00edan las figuras \u201cj\u00f3venes\u201d &#8211;Or\u00eda est\u00e1 por cumplir 40 a\u00f1os&#8211;, que ella eligi\u00f3 para hacer el contrapeso interno a las \u201cFuerzas del Cielo\u201d, y a la patrulla digital que lidera Santiago Caputo. Con Milei corrido de escena, el espacio bord\u00f3 no tiene qui\u00e9n los defienda mientras Karina avanza.<\/p>\n\n\n\n<p class=\"wp-block-paragraph\">En la reuni\u00f3n de mesa pol\u00edtica que ella liderar\u00e1 el martes, gran parte de la agenda estar\u00e1 centrada en el Congreso nacional. El mi\u00e9rcoles el Senado realiza un encuentro de Labor Parlamentaria y Diputados sesionar\u00e1 para tratar la reforma de la Carta Org\u00e1nica del Banco Central y el proyecto de Inocencia Fiscal II.<\/p>\n\n\n\n<p class=\"wp-block-paragraph\">Los alfiles de Milei, en tanto, siguen negociando con los gobernadores para ver si logran avanzar en la reforma pol\u00edtica. El jefe de Gabinete Diego Santilli y el ministro de Econom\u00eda Luis Caputo el lunes se reunir\u00e1n con el gobernador de R\u00edo Negro Alberto Weretilneck para firmar convenios.<\/p>\n\n\n\n<p class=\"wp-block-paragraph\">El jueves Milei volver\u00e1 a salir. Disertar\u00e1 ante alumnos de cuarto y quinto a\u00f1o del Colegio ORT sobre \u201c\u00c9tica e Inteligencia Artificial\u201d.<\/p>\n\n\n\n<p class=\"wp-block-paragraph\">De lo que el Presidente no se tom\u00f3 descanso es de la planificaci\u00f3n de las giras internacionales. Desde su entorno confirmaron que en los pr\u00f3ximos meses Milei encabezar\u00e1 tres: dos a Estados Unidos, una para participar de la Asamblea de Naciones Unidas en Nueva York, y otro para asistir a la Gala Hispana en Washington, que organiza el portal la Derecha Dario, cuyo due\u00f1o es Fernando Cerimedo. Y el tercero ser\u00e1 a Francia, para participar de la Argentina Week en la ciudad de Par\u00eds.<\/p>\n","protected":false},"excerpt":{"rendered":"<p>Milei sale del encierro: Encabezar\u00e1 una reuni\u00f3n de gabinete despu\u00e9s de 45 d\u00edas Su reclusi\u00f3n en Olivos ven\u00eda generando todo tipo de especulaciones sobre su salud. El doble comando con Karina qued\u00f3 a\u00fan m\u00e1s expuesto. \u201cElla es la que mandan\u201d, dicen en la Rosada. Por\u00a0Melisa Molina &#8211; Fuente: https:\/\/www.pagina12.com.ar\/ 24 de agosto, 2026. Este lunes [&hellip;]<\/p>\n","protected":false},"author":3,"featured_media":3287,"comment_status":"closed","ping_status":"closed","sticky":false,"template":"","format":"standard","meta":{"sync_status":"","episode_type":"","audio_file":"","castos_file_data":"","podmotor_file_id":"","cover_image":"","cover_image_id":"","duration":"","filesize":"","filesize_raw":"","date_recorded":"","explicit":"","block":"","footnotes":""},"categories":[24],"tags":[],"class_list":["post-3286","post","type-post","status-publish","format-standard","has-post-thumbnail","hentry","category-politica"],"_links":{"self":[{"href":"https:\/\/fmmural91.uno\/2024\/wp-json\/wp\/v2\/posts\/3286","targetHints":{"allow":["GET"]}}],"collection":[{"href":"https:\/\/fmmural91.uno\/2024\/wp-json\/wp\/v2\/posts"}],"about":[{"href":"https:\/\/fmmural91.uno\/2024\/wp-json\/wp\/v2\/types\/post"}],"author":[{"embeddable":true,"href":"https:\/\/fmmural91.uno\/2024\/wp-json\/wp\/v2\/users\/3"}],"replies":[{"embeddable":true,"href":"https:\/\/fmmural91.uno\/2024\/wp-json\/wp\/v2\/comments?post=3286"}],"version-history":[{"count":1,"href":"https:\/\/fmmural91.uno\/2024\/wp-json\/wp\/v2\/posts\/3286\/revisions"}],"predecessor-version":[{"id":3288,"href":"https:\/\/fmmural91.uno\/2024\/wp-json\/wp\/v2\/posts\/3286\/revisions\/3288"}],"wp:featuredmedia":[{"embeddable":true,"href":"https:\/\/fmmural91.uno\/2024\/wp-json\/wp\/v2\/media\/3287"}],"wp:attachment":[{"href":"https:\/\/fmmural91.uno\/2024\/wp-json\/wp\/v2\/media?parent=3286"}],"wp:term":[{"taxonomy":"category","embeddable":true,"href":"https:\/\/fmmural91.uno\/2024\/wp-json\/wp\/v2\/categories?post=3286"},{"taxonomy":"post_tag","embeddable":true,"href":"https:\/\/fmmural91.uno\/2024\/wp-json\/wp\/v2\/tags?post=3286"}],"curies":[{"name":"wp","href":"https:\/\/api.w.org\/{rel}","templated":true}]}}