{"id":3292,"date":"2026-08-24T09:19:01","date_gmt":"2026-08-24T12:19:01","guid":{"rendered":"https:\/\/fmmural91.uno\/2024\/?p=3292"},"modified":"2026-08-24T09:19:02","modified_gmt":"2026-08-24T12:19:02","slug":"a-48-anos-de-la-apertura-del-excentro-clandestino-y-a-20-de-la-condena-al-turco-julian","status":"publish","type":"post","link":"https:\/\/fmmural91.uno\/2024\/a-48-anos-de-la-apertura-del-excentro-clandestino-y-a-20-de-la-condena-al-turco-julian\/","title":{"rendered":"A 48 a\u00f1os de la apertura del excentro clandestino y a 20 de la condena al Turco Juli\u00e1n"},"content":{"rendered":"\n<h1 class=\"wp-block-heading\">Memoria y justicia en El Olimpo<\/h1>\n\n\n\n<p class=\"wp-block-paragraph\">Los referentes de la lucha por los derechos humanos hicieron un repaso en el que destacaron el camino transitado y los desaf\u00edos actuales en el proceso de Memoria, Verdad y Justicia.<\/p>\n\n\n\n<p class=\"wp-block-paragraph\">Fuente: <a href=\"https:\/\/www.pagina12.com.ar\/\">https:\/\/www.pagina12.com.ar\/<\/a>   24 de agosto, 2026.<\/p>\n\n\n\n<p class=\"wp-block-paragraph\">\u201c<strong>A 50 a\u00f1os de la dictadura, 8 de cada 10 genocidas est\u00e1n siendo liberados<\/strong>\u201d, advierten los carteles colgados en la mesa de uno de los galpones del ExCentro Clandestino de Detenci\u00f3n, Tortura y Exterminio (CCDTyE) El Olimpo. Por esa raz\u00f3n, all\u00ed se reunieron la nieta recuperada Claudia Victoria Poblete Hlaczik, su t\u00edo y militante por los derechos humanos, Fernando Navarro Roa, la abogada querellante en juicios de lesa humanidad, Carolina Varsky y los militantes sobrevivientes del Olimpo, Adriana \u201cLali\u201d Fern\u00e1ndez y Jorge Braiza.&nbsp;<strong>Con motivo del aniversario de apertura del Olimpo (el 16 de agosto de 1978) y de los veinte a\u00f1os de la condena al Turco Juli\u00e1n<\/strong>, uno de los primeros represores en ser juzgado desde la ca\u00edda de las leyes de impunidad, los referentes de la lucha por los derechos humanos hicieron un repaso en el que recordaron el camino transitado y los desaf\u00edos actuales en el proceso de Memoria, Verdad y Justicia.<\/p>\n\n\n\n<p class=\"wp-block-paragraph\">A 48 a\u00f1os de su apertura para albergar a los detenidos secuestrados por la \u00faltima dictadura que estaban en el Club Atl\u00e9tico y El Banco,<strong>&nbsp;El Olimpo se llen\u00f3 de sobrevivientes de la represi\u00f3n y militantes que desplegaron todo tipo de intervenciones art\u00edsticas para seguir transformando un lugar que supo ser uno de los principales centros del terror militar en los a\u00f1os 70<\/strong>, hoy transformado en Espacio para la Memoria. En el patio que conduce a uno de los galpones donde se realiz\u00f3 el acto, decenas de pa\u00f1uelos bordados posan sobre las barandas.<\/p>\n\n\n\n<p class=\"wp-block-paragraph\">\u201cEs un proyecto que se hizo para el 24 de marzo. Cada una ha bordado el nombre de un compa\u00f1ero o compa\u00f1era detenido desaparecido a cincuenta a\u00f1os del golpe militar\u201d, explic\u00f3 Silvia Marquez, profesora del grupo Tejiendo por la memoria, que funciona dentro del predio que perteneci\u00f3 a la Polic\u00eda Federal. \u201cEste proyecto nos ha provocado muchas emociones, alegr\u00edas, tambi\u00e9n tristezas y, sobre todo, un v\u00ednculo muy fraternal. Ac\u00e1 encontramos compa\u00f1eras que ni siquiera las conoc\u00edamos y vinieron a bordar\u201d profundiz\u00f3 la bordadora.<\/p>\n\n\n\n<p class=\"wp-block-paragraph\">La charla comenz\u00f3 con un repaso por los avances y obst\u00e1culos de la lucha por la Justicia desde la vuelta de la democracia, desde el Juicio a las Juntas en 1985 hasta las primeras condenas en el mandato de Nestor Kirchner, tras los a\u00f1os de impunidad que impusieron los indultos de Menem y las leyes de Obediencia Debida y Punto Final, siempre remarcando la resistencia de las organizaciones de derechos humanos, con los escraches, los Juicios Por la Verdad y las causas en el exterior, entre otras tantas acciones.<\/p>\n\n\n\n<p class=\"wp-block-paragraph\">Para dar mayores precisiones sobre los vericuetos legales que tuvieron que afrontar en todos estos a\u00f1os, tom\u00f3 la palabra Carolina Varsky, que lider\u00f3 el equipo del Centro de Estudios Legales y Sociales (CELS) que logr\u00f3 el fallo de la Corte Suprema que declar\u00f3 la inconstitucionalidad de las leyes de impunidad e intervino en el juicio que juzg\u00f3 y conden\u00f3 a Juli\u00e1n Sim\u00f3n por los secuestros de Jos\u00e9 Liborio Poblete y Gertrudis Hlaczik y la apropiaci\u00f3n de su hija, Claudia Victoria de tan solo 8 meses de edad en el momento del crimen, ahora sentada al lado de la abogada.<\/p>\n\n\n\n<p class=\"wp-block-paragraph\">Antes de que Varsky comenzara a hablar, la pantalla mostr\u00f3 un video donde Sim\u00f3n, m\u00e1s conocido como el Turco Juli\u00e1n, cuenta abiertamente y sin una pizca de remordimiento las atrocidades que cometi\u00f3 en el Circuito ABO -Sigla con la que se conoce a los centros Atl\u00e9tico, Banco y Olimpo. \u201cQu\u00e9 dif\u00edcil, me toca hablar despu\u00e9s de este se\u00f1or\u201d, comenz\u00f3 Varsky para despu\u00e9s reconocer que \u201ccon el mayor de los orgullos digo que gracias a la lucha del movimiento de derechos humanos, este se\u00f1or termin\u00f3 preso\u201d.<\/p>\n\n\n\n<p class=\"wp-block-paragraph\">Luego de un detallado recorrido sobre la historia que la llev\u00f3 a conocer a Claudia Victoria y a su abuela Buscarita Roa, donde hizo hincapi\u00e9 en los logros conseguidos hasta el presente y las cuentas pendientes que a\u00fan quedan por saldar, Carolina concluy\u00f3 en que \u201cArgentina es vanguardia sin duda, ha hecho lo que ning\u00fan otro pa\u00eds ha logrado\u201d, dijo y enumer\u00f3: \u201cTuvimos un Estado muy presente que, con algunos errores por supuesto, se puso a la altura de las circunstancias y promovi\u00f3 pol\u00edticas de memoria, de verdad y de reparaci\u00f3n. Se avanz\u00f3 en poder hablar de la violencia sexual, reci\u00e9n en el 2010 fue la primera condena a un imputado de Mar del Plata, Molina. Y tambi\u00e9n se avanz\u00f3 en la responsabilidad empresarial, se pudo identificar m\u00e1s de 25 empresas que en algunos casos era muy evidente porque ten\u00edan centros clandestinos en sus plantas, en otras entregaban las listas y en otras formaron parte del plan econ\u00f3mico\u201d, subray\u00f3 la abogada.<\/p>\n\n\n\n<p class=\"wp-block-paragraph\">Claudia Victoria Poblete Hlaczik habl\u00f3 tras ver un video que repasaba la historia de sus padres. \u201cEs dif\u00edcil para m\u00ed hablar en este lugar a veces siento que es el lugar donde uno m\u00e1s se siente expuesto\u201d, reconoci\u00f3 para posteriormente decir con orgullo que \u201cno deja ser una cosa hermosa poder estar hoy nombrando esto. Que yo hoy pueda venir, sentarme ac\u00e1 y decir que me llamo Claudia Victoria es un triunfo enorme, a pesar del momento dif\u00edcil y oscuro que vivimos\u201d, sostuvo la vocal de la Comisi\u00f3n Directiva de Abuelas de Plaza de Mayo.<\/p>\n\n\n\n<p class=\"wp-block-paragraph\">En su discurso, Poblete Hlaczik resalt\u00f3 la valent\u00eda de los sobrevivientes para brindar su testimonio en el proceso legal que a d\u00eda de hoy contin\u00faa, destac\u00f3 la importancia de retomar el legado de las Abuelas y Madres desde las nuevas generaciones, advirti\u00f3 que a\u00fan hay muchas personas que no conocen su verdadera identidad y asegur\u00f3 que la condena del Turco Juli\u00e1n, que falleci\u00f3 en un c\u00e1rcel com\u00fan el a\u00f1o pasado, fue \u201creparador\u201d para ella. \u201cPensar en la posibilidad de cruzarlo por la calle era una cosa que me aterr\u00f3 durante much\u00edsimo tiempo, y la posibilidad de Justicia me dio la tranquilidad de poder criar a mis hijos sabiendo que yo no me iba a cruzar a Sim\u00f3n por la calle ni nadie se iba a cruzar a ninguno de ellos\u201d, cont\u00f3 la nieta restituida, ante la atenta y orgullosa mirada de su hija.<\/p>\n\n\n\n<p class=\"wp-block-paragraph\">Fue su t\u00edo, Fernando Navarro Roa, el que record\u00f3 lo que sinti\u00f3 al ver cara a cara y esposado al hombre que secuestr\u00f3 y tortur\u00f3 a su hermano Jos\u00e9 y cu\u00f1ada Gertrudis. \u201cel tipo (por el Turco Juli\u00e1n) en el juicio te miraba desafiante, te hac\u00eda temer realmente, como si estuviera sobrado a\u00fan en esa situaci\u00f3n\u201d, rememor\u00f3 y visualiz\u00f3: \u201cMe impactaba la situaci\u00f3n de pensar en los compa\u00f1eros, estando \u00e9l en el lugar donde era el due\u00f1o de la vida y la muerte, realmente impactante\u201d, plante\u00f3.<\/p>\n\n\n\n<p class=\"wp-block-paragraph\">Despu\u00e9s de valorar la lucha de su hermano por los derechos de los discapacitados, que lo llev\u00f3 crear el Frente del Lisiado Peronista y a impulsar la primera ley nacional de cupo laboral para personas con discapacidad\u201d, Fernando abraz\u00f3 a su sobrina Claudia Victoria. \u201cNosotros dostraemos buenas noticias, porque lo que ha demostrado esta lucha es que se puede, es que con amor, con ternura y con convicci\u00f3n se pueden lograr las cosas. As\u00ed que supongo yo que vamos a seguir yendo por m\u00e1s, que no nos vamos a detener, que este se\u00f1or en alg\u00fan momento se tiene que ir para volver a un sistema m\u00e1s justo, lo vamos a lograr\u201d, areng\u00f3.<\/p>\n\n\n\n<p class=\"wp-block-paragraph\">Informe: Thiago Buglione<\/p>\n","protected":false},"excerpt":{"rendered":"<p>Memoria y justicia en El Olimpo Los referentes de la lucha por los derechos humanos hicieron un repaso en el que destacaron el camino transitado y los desaf\u00edos actuales en el proceso de Memoria, Verdad y Justicia. Fuente: https:\/\/www.pagina12.com.ar\/ 24 de agosto, 2026. \u201cA 50 a\u00f1os de la dictadura, 8 de cada 10 genocidas est\u00e1n [&hellip;]<\/p>\n","protected":false},"author":3,"featured_media":3293,"comment_status":"closed","ping_status":"closed","sticky":false,"template":"","format":"standard","meta":{"sync_status":"","episode_type":"","audio_file":"","castos_file_data":"","podmotor_file_id":"","cover_image":"","cover_image_id":"","duration":"","filesize":"","filesize_raw":"","date_recorded":"","explicit":"","block":"","footnotes":""},"categories":[43,116],"tags":[],"class_list":["post-3292","post","type-post","status-publish","format-standard","has-post-thumbnail","hentry","category-derechos-humanos-50-anos-del-golpe","category-sociedad"],"_links":{"self":[{"href":"https:\/\/fmmural91.uno\/2024\/wp-json\/wp\/v2\/posts\/3292","targetHints":{"allow":["GET"]}}],"collection":[{"href":"https:\/\/fmmural91.uno\/2024\/wp-json\/wp\/v2\/posts"}],"about":[{"href":"https:\/\/fmmural91.uno\/2024\/wp-json\/wp\/v2\/types\/post"}],"author":[{"embeddable":true,"href":"https:\/\/fmmural91.uno\/2024\/wp-json\/wp\/v2\/users\/3"}],"replies":[{"embeddable":true,"href":"https:\/\/fmmural91.uno\/2024\/wp-json\/wp\/v2\/comments?post=3292"}],"version-history":[{"count":1,"href":"https:\/\/fmmural91.uno\/2024\/wp-json\/wp\/v2\/posts\/3292\/revisions"}],"predecessor-version":[{"id":3294,"href":"https:\/\/fmmural91.uno\/2024\/wp-json\/wp\/v2\/posts\/3292\/revisions\/3294"}],"wp:featuredmedia":[{"embeddable":true,"href":"https:\/\/fmmural91.uno\/2024\/wp-json\/wp\/v2\/media\/3293"}],"wp:attachment":[{"href":"https:\/\/fmmural91.uno\/2024\/wp-json\/wp\/v2\/media?parent=3292"}],"wp:term":[{"taxonomy":"category","embeddable":true,"href":"https:\/\/fmmural91.uno\/2024\/wp-json\/wp\/v2\/categories?post=3292"},{"taxonomy":"post_tag","embeddable":true,"href":"https:\/\/fmmural91.uno\/2024\/wp-json\/wp\/v2\/tags?post=3292"}],"curies":[{"name":"wp","href":"https:\/\/api.w.org\/{rel}","templated":true}]}}