{"id":3295,"date":"2026-08-24T09:51:38","date_gmt":"2026-08-24T12:51:38","guid":{"rendered":"https:\/\/fmmural91.uno\/2024\/?p=3295"},"modified":"2026-08-24T09:51:39","modified_gmt":"2026-08-24T12:51:39","slug":"una-por-una-las-desregulaciones-de-milei-y-sturzenegger-que-mas-afectaron-a-los-argentinos","status":"publish","type":"post","link":"https:\/\/fmmural91.uno\/2024\/una-por-una-las-desregulaciones-de-milei-y-sturzenegger-que-mas-afectaron-a-los-argentinos\/","title":{"rendered":"Una por una, las desregulaciones de Milei y Sturzenegger que m\u00e1s afectaron a los argentinos"},"content":{"rendered":"\n<p class=\"wp-block-paragraph\">A instancias de uno de los ministros ahora m\u00e1s cuestionados, el Gobierno implement\u00f3 una extensa cantidad de flexibilizaciones que perforaron el bolsillo de los trabajadores y afectaron\u00a0la salud y la seguridad de los argentinos.<\/p>\n\n\n\n<p class=\"wp-block-paragraph\">Por<a href=\"https:\/\/www.eldestapeweb.com\/perfil\/javier-slucki\">Javier Slucki<\/a>   &#8211;   Fuente: <a href=\"https:\/\/www.eldestapeweb.com\/\">https:\/\/www.eldestapeweb.com\/<\/a>   24 de agosto, 2026.<\/p>\n\n\n\n<p class=\"wp-block-paragraph\"><strong>Federico Sturzenegger&nbsp;<\/strong>se convirti\u00f3, ahora, en&nbsp;<a href=\"https:\/\/www.eldestapeweb.com\/politica\/karina-santilli-intentaron-domesticar-sturzenegger-reunion-tensa-trazo-objetivo-maximo-gobierno-suspender-paso-2027-2026811165417\">uno de los ministros m\u00e1s cuestionados por buena parte del oficialismo<\/a>. Pero las&nbsp;<strong>desregulaciones&nbsp;<\/strong>que promovi\u00f3&nbsp;el Gobierno de&nbsp;<strong>Javier Milei&nbsp;<\/strong>desde diciembre de 2023, ideadas o directamente firmadas por el ministro, son interminables. Y muchas de&nbsp;ellas vienen&nbsp;<strong>perjudicando el bolsillo, la salud o la seguridad de la poblaci\u00f3n<\/strong>.<\/p>\n\n\n\n<p class=\"wp-block-paragraph\">El&nbsp;<strong>Ministerio de Desregulaci\u00f3n<\/strong>&nbsp;se enorgullece de que el Gobierno haya dictado, hasta ahora,&nbsp;<strong>719 normas de desregulaci\u00f3n<\/strong>, las cuales a su vez modificaron o eliminaron 2.803 normas, que incluyen 16.771 art\u00edculos. Buena parte de ellos, a trav\u00e9s del&nbsp;<strong>mega DNU 70\/2023<\/strong>&nbsp;y de la&nbsp;<strong>Ley Bases<\/strong>, y otros&nbsp;tantos mediante sucesivas normas dictadas por diversas carteras u organismos.<\/p>\n\n\n\n<p class=\"wp-block-paragraph\">La cartera que dirige&nbsp;<strong>Sturzenegger&nbsp;<\/strong>reconoce flexibilizaciones en 11 grandes \u00e1reas. En orden decreciente en cantidad de normas desreguladas, estas son:<\/p>\n\n\n\n<ul class=\"wp-block-list\">\n<li>Agroindustria (115)<\/li>\n\n\n\n<li>Finanzas y Mercado de Capitales (113)<\/li>\n\n\n\n<li>Comercio Exterior (106)<\/li>\n\n\n\n<li>Producci\u00f3n Nacional (94)<\/li>\n\n\n\n<li>Transporte (89)<\/li>\n\n\n\n<li>Bienestar Ciudadano (61)<\/li>\n\n\n\n<li>Salud (40)<\/li>\n\n\n\n<li>Cultura, Turismo y Deporte (31)<\/li>\n\n\n\n<li>Energ\u00eda (31)<\/li>\n\n\n\n<li>Empleo y Regulaci\u00f3n Laboral (24)<\/li>\n\n\n\n<li>Sector Inmobiliario (14)<\/li>\n<\/ul>\n\n\n\n<p class=\"wp-block-paragraph\">Se trata de una muestra de la&nbsp;<strong>centralidad que el Presidente le da a uno de los ministros que ahora se encuentra en la mira<\/strong>&nbsp;de buena parte del propio Gabinete, por promover, en muchos casos, desregulaciones excesivas que terminan en derrotas pol\u00edticas para el propio oficialismo, como qued\u00f3 plasmado en la fallida discusi\u00f3n por la Ley de Tierras.<\/p>\n\n\n\n<p class=\"wp-block-paragraph\">Lo cierto es que, m\u00e1s all\u00e1 de ese pretendidamente autoelogioso listado,&nbsp;<strong>algunas de estas desregulaciones afectan particularmente a la vida y el bolsillo de los argentinos<\/strong>, e incluso, en algunos casos, suponen un&nbsp;<strong>riesgo para su salud o seguridad<\/strong>. Estas son las principales.<\/p>\n\n\n\n<h2 class=\"wp-block-heading\">Salud y prepagas<\/h2>\n\n\n\n<p class=\"wp-block-paragraph\">Como parte de la reglamentaci\u00f3n del DNU 70\/2023, en febrero de 2024 la Superintendencia de Servicios de Salud dej\u00f3 de tener facultad para fijar valores m\u00e1ximos de&nbsp;<strong>aumento en las cuotas de las prepagas<\/strong>. Las subas inmediatamente posteriores fueron tan altas que el propio Gobierno se vio obligado a denunciar ante la Justicia la \u00abcartelizaci\u00f3n\u00bb del sector para retraerlas, aunque nunca volvi\u00f3 a regular su valor.<\/p>\n\n\n\n<p class=\"wp-block-paragraph\">Seg\u00fan cifras del Instituto Argentina Grande, durante el gobierno de MIlei las prepagas aumentaron un 417%, frente a una inflaci\u00f3n acumulada de 293%, lo que llev\u00f3 a que&nbsp;<strong>742.000 personas m\u00e1s pasaran a depender \u00fanicamente del sistema de salud p\u00fablico<\/strong>.<\/p>\n\n\n\n<p class=\"wp-block-paragraph\">En paralelo, durante 2024, la ANMAT comenz\u00f3 a&nbsp;<strong>ampliar el listado de medicamentos considerados de \u00abventa libre\u00bb<\/strong>, lo que implic\u00f3 un aumento indirecto para muchos de ellos por quedar fuera de la cobertura obligatoria de prepagas u obras sociales. Mediante el DNU 70\/2023, adem\u00e1s, estos pudieron pasar a venderse fuera de las farmacias.<\/p>\n\n\n\n<h2 class=\"wp-block-heading\">Consumo masivo y precios al consumidor<\/h2>\n\n\n\n<p class=\"wp-block-paragraph\">Uno de los aspectos m\u00e1s claros de las flexibilizaciones&nbsp;de Milei es el implementado sobre los precios. Apenas asumi\u00f3, el Presidente determin\u00f3 el&nbsp;<strong>fin de los controles de precios<\/strong>&nbsp;como \u00abPrecios Cuidados\u00bb y sus versiones posteriores, que hab\u00edan regido desde 2013.<\/p>\n\n\n\n<p class=\"wp-block-paragraph\">Tambi\u00e9n, en enero de 2024,&nbsp;<strong>discontinu\u00f3 los \u00abCortes Populares\u00bb<\/strong>, que fijaban precios m\u00e1ximos de comercializaci\u00f3n de siete cortes de carne bovina esenciales en la mesa de los argentinos y prohib\u00eda su exportaci\u00f3n. Desde entonces, se profundiz\u00f3 a\u00fan m\u00e1s la ca\u00edda de su consumo, que se encuentra en un piso hist\u00f3rico de 46 kilos anuales per c\u00e1pita.<\/p>\n\n\n\n<p class=\"wp-block-paragraph\">Adem\u00e1s, mediante el DNU 70\/2023, se&nbsp;<strong>derog\u00f3 la Ley de Abastecimiento<\/strong>, la cual permit\u00eda fijar precios m\u00e1ximos en bienes de primera necesidad e intervenir en caso de aumentos considerados como injustificados. En la misma l\u00ednea, se&nbsp;<strong>elimin\u00f3 la Ley de G\u00f3ndolas<\/strong>, que buscaba favorecer la competencia con las pymes dentro de los grandes supermercados.<\/p>\n\n\n\n<p class=\"wp-block-paragraph\">Otra desregulaci\u00f3n clave vinculada al consumo popular, tambi\u00e9n mediante el DNU 70\/2023, se dio con la eliminaci\u00f3n del precio m\u00ednimo que el INYM puede fijar para la cosecha de la hoja de yerba mate,&nbsp;que supuso la crisis o quiebra de miles de peque\u00f1os productores en la regi\u00f3n del Litoral.<\/p>\n\n\n\n<h2 class=\"wp-block-heading\">Trabajo<\/h2>\n\n\n\n<p class=\"wp-block-paragraph\">Fueron numerosas las flexibilizaciones establecidas por Milei en el \u00e1mbito del empleo, buena parte de ellas mediante la&nbsp;<strong>reforma<\/strong>&nbsp;<strong>laboral&nbsp;<\/strong>aprobada en febrero pasado, con el objetivo de&nbsp;<strong>facilitar los despidos o abaratar su costo<\/strong>.<\/p>\n\n\n\n<p class=\"wp-block-paragraph\">Por ejemplo,&nbsp;<strong>cre\u00f3 la figura de \u00abcolaborador\u00bb para los trabajadores independientes<\/strong>, sin que exista entre ellos ninguna relaci\u00f3n de dependencia. Tambi\u00e9n desregul\u00f3 la jornada laboral&nbsp;al habilitar el&nbsp;<strong>reemplazo del pago de horas extra por su compensaci\u00f3n mediante el \u00abbanco de horas\u00bb<\/strong>, y permiti\u00f3 el&nbsp;<strong>fraccionamiento de las vacaciones<\/strong>. Adem\u00e1s, mediante la Ley Bases se&nbsp;<strong>eliminaron multas por contratar empleados en negro<\/strong>.<\/p>\n\n\n\n<p class=\"wp-block-paragraph\">Otras medidas quiz\u00e1s no constituyen desregulaciones en s\u00ed mismas, pero tienen como efecto la flexibilizaci\u00f3n de los despidos o del cese laboral. Entre otras,&nbsp;<strong>se extendi\u00f3 de tres a seis meses el per\u00edodo de prueba<\/strong>,&nbsp;se estableci\u00f3 el&nbsp;<strong>Fondo de Asistencia Laboral (FAL)<\/strong>, en el que el propio empleado paga su eventual indemnizaci\u00f3n y se aprob\u00f3 un&nbsp;<strong>sistema de c\u00e1lculo para las indemnizaciones m\u00e1s beneficioso para el empleador.<\/strong><\/p>\n\n\n\n<p class=\"wp-block-paragraph\">Al mismo tiempo, la&nbsp;<strong>Ley de Modernizaci\u00f3n Laboral<\/strong>&nbsp;gener\u00f3 un marco fuertemente desregulado para los&nbsp;<strong>trabajadores de plataformas<\/strong>&nbsp;como choferes o repartidores, al dejarlos expresamente fuera de la Ley de Contrato&nbsp;de Trabajo.&nbsp;En paralelo, esa misma ley tambi\u00e9n&nbsp;<strong>flexibiliz\u00f3 los convenios colectivos de trabajo<\/strong>&nbsp;mediante la relajaci\u00f3n de la ultraactividad.<\/p>\n\n\n\n<h2 class=\"wp-block-heading\">Transporte y telecomunicaciones<\/h2>\n\n\n\n<p class=\"wp-block-paragraph\">Una fuerte serie de flexibilizaciones afect\u00f3 al \u00e1rea del&nbsp;<strong>transporte<\/strong>. Por ejemplo, en octubre de 2024 Milei&nbsp;<strong>desregul\u00f3 el servicio de micros de larga distancia<\/strong>, habilitando el \u00ablibre establecimiento de recorridos, horarios, precios, modalidades y duraci\u00f3n de los servicios\u00bb por parte de las empresas.<\/p>\n\n\n\n<p class=\"wp-block-paragraph\">De forma an\u00e1loga, en julio de 2024 el Gobierno avanz\u00f3 en la&nbsp;<strong>pol\u00edtica de \u00abcielos abiertos\u00bb<\/strong>, que elimin\u00f3 restricciones tarifarias en pasajes a\u00e9reos y flexibiliz\u00f3 condiciones para el ingreso de nuevos operadores extranjeros en el mercado aerocomercial local, favoreciendo la competencia con Aerol\u00edneas Argentinas.<\/p>\n\n\n\n<p class=\"wp-block-paragraph\">Una reciente medida sectorial, anunciada hace dos semanas por Sturzenegger, fue la&nbsp;<strong>flexibilizaci\u00f3n del peso m\u00e1ximo que los camiones<\/strong>&nbsp;pueden transportar por rutas nacionales, que le vali\u00f3 al ministro fuertes cr\u00edticas debido al p\u00e9simo estado de los caminos por la paralizaci\u00f3n de la obra p\u00fablica.<\/p>\n\n\n\n<p class=\"wp-block-paragraph\">Paralelamente, en el sector telecomunicaciones Milei&nbsp;<strong>elimin\u00f3 por decreto, en abril de 2024, la regulaci\u00f3n de precios para internet, celulares y televisi\u00f3n por cable<\/strong>&nbsp;al dejar de considerarlos \u00abservicios p\u00fablicos esenciales\u00bb, lo que habilit\u00f3 fuertes aumentos por encima de la inflaci\u00f3n.<\/p>\n\n\n\n<h2 class=\"wp-block-heading\">Alquileres<\/h2>\n\n\n\n<p class=\"wp-block-paragraph\">El mercado inmobiliario sufri\u00f3&nbsp;una de las m\u00e1s evidentes desregulaciones bajo Milei con la&nbsp;<strong>derogaci\u00f3n de la Ley de Alquileres<\/strong>&nbsp;a trav\u00e9s del DNU 70\/2023.<\/p>\n\n\n\n<p class=\"wp-block-paragraph\">De este modo, la normativa actual eli<strong>min\u00f3 el piso de tres a\u00f1os para la duraci\u00f3n del contrato, deja librada a \u00abvoluntad de las partes\u00bb el monto y&nbsp;periodizaci\u00f3n de los aumentos e incluso habilita el pago en d\u00f3lares o cualquier otra moneda<\/strong>. As\u00ed, se gener\u00f3 un desequilibrio todav\u00eda mayor entre propietarios e inquilinos.<\/p>\n\n\n\n<h2 class=\"wp-block-heading\">Energ\u00eda<\/h2>\n\n\n\n<p class=\"wp-block-paragraph\">En materia de regulaci\u00f3n energ\u00e9tica, el Gobierno&nbsp;<strong>elimin\u00f3 en enero pasado el esquema de segmentaci\u00f3n de subsidios en N1, N2 y N3<\/strong>&nbsp;(sectores altos, bajos y medios), para reemplazarlo por un esquema de subsidios \u00abfocalizados\u00bb en sectores vulnerables, que supone un aumento tarifario en luz y gas para la mayor\u00eda de los sectores medios e incluso para buena parte de los sectores bajos.<\/p>\n\n\n\n<p class=\"wp-block-paragraph\">En este \u00faltimo sentido, en agosto de 2024 la Secretar\u00eda de Energ\u00eda elimin\u00f3 los precios m\u00e1ximos obligatorios para las&nbsp;<strong>garrafas de gas<\/strong>, quedando \u00fanicamente precios \u00abde referencia\u00bb. Aunque continu\u00f3 vigente el Programa Hogar para sectores vulnerables, en diciembre pasado tambi\u00e9n se estableci\u00f3 una menor cantidad de garrafas subsidiadas bajo su marco.<\/p>\n\n\n\n<p class=\"wp-block-paragraph\">Adem\u00e1s, el Gobierno&nbsp;<strong>desregul\u00f3 el Mercado El\u00e9ctrico Mayorista (MEM)<\/strong>&nbsp;quit\u00e1ndole atribuciones de intervenci\u00f3n a CAMMESA y favoreciendo los contratos directos entre privados, lo que&nbsp;<a href=\"https:\/\/www.eldestapeweb.com\/economia\/desregulacion-milei-encarecio-energia-traslado-costo-familias-industrias-20268220559\">encareci\u00f3 indirectamente el precio de la energ\u00eda para las familias<\/a>.<\/p>\n\n\n\n<h2 class=\"wp-block-heading\">Agroindustria, sanidad y seguridad<\/h2>\n\n\n\n<p class=\"wp-block-paragraph\">Por \u00faltimo, otra serie de desregulaciones afectaron a la&nbsp;<strong>seguridad de los argentinos<\/strong>, al flexibilizar la necesidad de certificaciones t\u00e9cnicas por parte de organismos cuya funci\u00f3n es controlar est\u00e1ndares de calidad.<\/p>\n\n\n\n<p class=\"wp-block-paragraph\">Respecto al agro, en junio de 2025 Milei apunt\u00f3 a&nbsp;<strong>quitarle funciones al SENASA<\/strong>, al permitir que las autorizaciones de organismos extranjeros equivalentes alcancen&nbsp;para el ingreso al pa\u00eds de agroqu\u00edmicos o fitosanitarios.<\/p>\n\n\n\n<p class=\"wp-block-paragraph\">De forma an\u00e1loga, en enero de ese a\u00f1o el Gobierno permiti\u00f3 la&nbsp;<strong>importaci\u00f3n de alimentos<\/strong>&nbsp;de determinados pa\u00edses considerados de \u00abalta vigilencia sanitaria\u00bb&nbsp;<strong>sin la necesidad de control por parte de la ANMAT<\/strong>. En diciembre pasado, extendi\u00f3 esta normativa a ciertos medicamentos y productos de perfumer\u00eda e higiene.<\/p>\n\n\n\n<p class=\"wp-block-paragraph\">Algo similar ocurri\u00f3 respecto al&nbsp;<strong>INTI<\/strong>, al que Sturzenegger le&nbsp;<strong>quit\u00f3 m\u00e1s de mil funciones vinculadas al control y certificaci\u00f3n<\/strong>, por ejemplo en cuanto a la fiscalizaci\u00f3n de autopartes, productos con reglamentos t\u00e9cnicos (incluyendo juguetes), metrolog\u00eda o importaciones industriales.<\/p>\n\n\n\n<p class=\"wp-block-paragraph\">El peligro de estas flexibilizaciones se potencia al combinarlas con la simplificaci\u00f3n de&nbsp;<strong>importaci\u00f3n de maquinaria usada<\/strong>, que el Gobierno dispuso en junio pasado.<\/p>\n\n\n\n<p class=\"wp-block-paragraph\">De hecho, las consecuencias de las relajaciones sanitarias y de seguridad est\u00e1n a la vista. En marzo de 2025, el SENASA flexibiliz\u00f3 el ingreso de carne con hueso a la Patagonia, considerada una zona \u00ablibre de aftosa sin vacunaci\u00f3n\u00bb, lo que motiv\u00f3 a que de inmediato Chile suspendiera la importaci\u00f3n de esa carne argentina por su potencial riesgo. La decisi\u00f3n de Sturzenegger cerr\u00f3 el mercado de exportaci\u00f3n bovina al pa\u00eds trasandino durante unos seis meses, hasta que el conflicto se resolvi\u00f3 en octubre pasado.<\/p>\n\n\n\n<h2 class=\"wp-block-heading\">Tasa de inter\u00e9s y mercado de cambios<\/h2>\n\n\n\n<p class=\"wp-block-paragraph\">Una de las primeras desregulaciones fue la&nbsp;<strong>liberalizaci\u00f3n de las tasas de inter\u00e9s de los plazos fijos<\/strong>&nbsp;por parte del Banco Central en marzo de 2024. Desde ese momento, la tasa fijada por la entidad monetaria dej\u00f3 de hacer de piso m\u00ednimo obligatorio y pas\u00f3&nbsp;a ser meramente una referencia para los bancos comerciales, que bajaron su rendimiento en los meses posteriores.&nbsp;<\/p>\n\n\n\n<p class=\"wp-block-paragraph\">En el mercado de cambios, la desregulaci\u00f3n m\u00e1s importante fue la&nbsp;<strong>flexibilizaci\u00f3n del cepo al d\u00f3lar<\/strong>&nbsp;en abril de 2025, cuando se elimin\u00f3 el tope de compra de 200 d\u00f3lares mensuales para personas f\u00edsicas, junto con la restricci\u00f3n cruzada que imped\u00eda comprar d\u00f3lar MEP o CCL para quienes hab\u00edan adquirido d\u00f3lar oficial. En el caso de las empresas, sin embargo, solo se liber\u00f3 el acceso al mercado de cambios para los flujos posteriores al 1\u00ba de enero de 2025, mientras que todav\u00eda se&nbsp;encuentra restringido para stocks de dividendos o deudas previos a esa fecha.<\/p>\n\n\n\n<ul class=\"wp-block-list\">\n<li><a href=\"https:\/\/www.eldestapeweb.com\/tag\/javier-milei-presidente\">Javier Milei presidente<\/a><\/li>\n\n\n\n<li><a href=\"https:\/\/www.eldestapeweb.com\/tag\/federico-sturzenegger\">Federico Sturzenegger<\/a><\/li>\n\n\n\n<li><a href=\"https:\/\/www.eldestapeweb.com\/tag\/javier-milei\">Javier Milei<\/a><\/li>\n\n\n\n<li><a href=\"https:\/\/www.eldestapeweb.com\/tag\/originales\">Originales<\/a><\/li>\n\n\n\n<li><a href=\"https:\/\/www.eldestapeweb.com\/tag\/desregulacion\">DESREGULACI\u00d3N<\/a><\/li>\n\n\n\n<li><a href=\"https:\/\/www.eldestapeweb.com\/tag\/el-destape-radio\">El Destape Radio<\/a><\/li>\n<\/ul>\n","protected":false},"excerpt":{"rendered":"<p>A instancias de uno de los ministros ahora m\u00e1s cuestionados, el Gobierno implement\u00f3 una extensa cantidad de flexibilizaciones que perforaron el bolsillo de los trabajadores y afectaron\u00a0la salud y la seguridad de los argentinos. PorJavier Slucki &#8211; Fuente: https:\/\/www.eldestapeweb.com\/ 24 de agosto, 2026. Federico Sturzenegger&nbsp;se convirti\u00f3, ahora, en&nbsp;uno de los ministros m\u00e1s cuestionados por buena [&hellip;]<\/p>\n","protected":false},"author":3,"featured_media":3296,"comment_status":"closed","ping_status":"closed","sticky":false,"template":"","format":"standard","meta":{"sync_status":"","episode_type":"","audio_file":"","castos_file_data":"","podmotor_file_id":"","cover_image":"","cover_image_id":"","duration":"","filesize":"","filesize_raw":"","date_recorded":"","explicit":"","block":"","footnotes":""},"categories":[24],"tags":[],"class_list":["post-3295","post","type-post","status-publish","format-standard","has-post-thumbnail","hentry","category-politica"],"_links":{"self":[{"href":"https:\/\/fmmural91.uno\/2024\/wp-json\/wp\/v2\/posts\/3295","targetHints":{"allow":["GET"]}}],"collection":[{"href":"https:\/\/fmmural91.uno\/2024\/wp-json\/wp\/v2\/posts"}],"about":[{"href":"https:\/\/fmmural91.uno\/2024\/wp-json\/wp\/v2\/types\/post"}],"author":[{"embeddable":true,"href":"https:\/\/fmmural91.uno\/2024\/wp-json\/wp\/v2\/users\/3"}],"replies":[{"embeddable":true,"href":"https:\/\/fmmural91.uno\/2024\/wp-json\/wp\/v2\/comments?post=3295"}],"version-history":[{"count":1,"href":"https:\/\/fmmural91.uno\/2024\/wp-json\/wp\/v2\/posts\/3295\/revisions"}],"predecessor-version":[{"id":3297,"href":"https:\/\/fmmural91.uno\/2024\/wp-json\/wp\/v2\/posts\/3295\/revisions\/3297"}],"wp:featuredmedia":[{"embeddable":true,"href":"https:\/\/fmmural91.uno\/2024\/wp-json\/wp\/v2\/media\/3296"}],"wp:attachment":[{"href":"https:\/\/fmmural91.uno\/2024\/wp-json\/wp\/v2\/media?parent=3295"}],"wp:term":[{"taxonomy":"category","embeddable":true,"href":"https:\/\/fmmural91.uno\/2024\/wp-json\/wp\/v2\/categories?post=3295"},{"taxonomy":"post_tag","embeddable":true,"href":"https:\/\/fmmural91.uno\/2024\/wp-json\/wp\/v2\/tags?post=3295"}],"curies":[{"name":"wp","href":"https:\/\/api.w.org\/{rel}","templated":true}]}}