{"id":3309,"date":"2026-08-24T10:47:48","date_gmt":"2026-08-24T13:47:48","guid":{"rendered":"https:\/\/fmmural91.uno\/2024\/?p=3309"},"modified":"2026-08-24T10:47:49","modified_gmt":"2026-08-24T13:47:49","slug":"audiencia-detenciones-y-proteccion-para-beller-como-continua-la-causa-contra-cerimedo-esta-semana","status":"publish","type":"post","link":"https:\/\/fmmural91.uno\/2024\/audiencia-detenciones-y-proteccion-para-beller-como-continua-la-causa-contra-cerimedo-esta-semana\/","title":{"rendered":"Audiencia, detenciones y protecci\u00f3n para Beller: c\u00f3mo contin\u00faa la causa contra Cerimedo esta semana"},"content":{"rendered":"\n<p class=\"wp-block-paragraph\">La causa Cerimedo afronta una semana clave luego de que la Fiscal\u00eda avanzara con audiencias y nuevas detenciones. En tanto, la v\u00edctima recibi\u00f3 el alta bajo estricta custodia y advirti\u00f3 que \u201csu vida sigue en riesgo\u201d.<\/p>\n\n\n\n<p class=\"wp-block-paragraph\"><a target=\"_blank\" href=\"https:\/\/www.eldestapeweb.com\/politica\/cerimedo-galperin-fabula-china-2026822214520\" rel=\"noopener\"><strong>La investigaci\u00f3n por el atentado contra la abogada Nadia Beller, ocurrido el 17 de agosto en Santa Cruz, entr\u00f3 en una fase decisiva con nuevas detenciones, audiencias judiciales y medidas de protecci\u00f3n<\/strong><\/a>&nbsp;reforzadas para la v\u00edctima.&nbsp;<strong>La Fiscal\u00eda sostiene que Fernando Cerimedo, exasesor de Javier Milei es el autor intelectual del ataque.<\/strong><\/p>\n\n\n\n<p class=\"wp-block-paragraph\"><strong>Tras cinco d\u00edas de internaci\u00f3n en la Cl\u00ednica Las Am\u00e9ricas, Beller recibi\u00f3 el alta m\u00e9dica el s\u00e1bado. La fiscal Yolanda Aguilera confirm\u00f3 que la abogada contar\u00e1 con \u201cmedidas de protecci\u00f3n\u201d<\/strong>&nbsp;y deber\u00e1 brindar \u201cuna declaraci\u00f3n ampliatoria\u201d cuando su estado de salud lo permita. La salida del centro m\u00e9dico se produjo bajo estricta custodia policial. \u201cMi vida sigue en riesgo\u201d, advirti\u00f3 la v\u00edctima al abandonar la cl\u00ednica en silla de ruedas.<\/p>\n\n\n\n<p class=\"wp-block-paragraph\">El ataque fue perpetrado por dos sicarios disfrazados de repartidores, quienes dispararon tres veces contra la abogada. La gravedad de las heridas oblig\u00f3 a aplicar un protocolo especial de seguridad. Seg\u00fan Aguilera, \u201cya se le tom\u00f3 una declaraci\u00f3n inicialmente con presencia de psic\u00f3logo\u201d, pero ser\u00e1 necesario ampliar su testimonio.<\/p>\n\n\n\n<figure class=\"wp-block-image size-full\"><a href=\"https:\/\/fmmural91.uno\/2024\/wp-content\/uploads\/2026\/08\/Captura-de-pantalla-2026-08-24-104258.png\"><img fetchpriority=\"high\" decoding=\"async\" width=\"692\" height=\"420\" src=\"https:\/\/fmmural91.uno\/2024\/wp-content\/uploads\/2026\/08\/Captura-de-pantalla-2026-08-24-104258.png\" alt=\"\" class=\"wp-image-3310\" srcset=\"https:\/\/fmmural91.uno\/2024\/wp-content\/uploads\/2026\/08\/Captura-de-pantalla-2026-08-24-104258.png 692w, https:\/\/fmmural91.uno\/2024\/wp-content\/uploads\/2026\/08\/Captura-de-pantalla-2026-08-24-104258-559x339.png 559w\" sizes=\"(max-width: 692px) 100vw, 692px\" \/><\/a><\/figure>\n\n\n\n<p class=\"wp-block-paragraph\">Audiencia, detenciones y protecci\u00f3n para Beller: c\u00f3mo contin\u00faa la causa contra Cerimedo<\/p>\n\n\n\n<p class=\"wp-block-paragraph\">En paralelo,&nbsp;<strong>la Fiscal\u00eda avanz\u00f3 con nuevas detenciones y entre ellos se encuentra un ciudadano colombiano, identificado como V\u00edctor Hugo C. Z., que se present\u00f3 voluntariamente ante la Fuerza Especial de Lucha Contra el Crimen.<\/strong>&nbsp;\u201cSobre esa persona no podemos decir si es el autor material o no. Primero vamos a indagar\u201d, explic\u00f3 Aguilera. El hombre neg\u00f3 reiteradamente haber participado en el ataque.<\/p>\n\n\n\n<p class=\"wp-block-paragraph\">Otra persona fue aprehendida por presuntamente haber entregado un arma de fuego a los atacantes. \u201cEse delito tambi\u00e9n es flagrante\u201d, subray\u00f3 la fiscal, al remarcar que la portaci\u00f3n il\u00edcita de armas constituye un il\u00edcito independiente. Ahora buscar\u00e1n establecer si existe relaci\u00f3n entre esta detenci\u00f3n y el atentado contra Beller.<\/p>\n\n\n\n<p class=\"wp-block-paragraph\">La Fiscal\u00eda tambi\u00e9n analiza conversaciones extra\u00eddas de tel\u00e9fonos, en las que aparece el nombre de un supuesto jefe de Inteligencia de la FELCN. Aguilera evit\u00f3 confirmar si se trata de un funcionario policial, pero adelant\u00f3 que \u201clas personas que se van a identificar dentro de la pericia ser\u00e1n citadas\u201d.<\/p>\n\n\n\n<p class=\"wp-block-paragraph\">Mientras tanto, el abogado de Cerimedo, Ernesto Giraldes, rechaz\u00f3 los indicios presentados por la Fiscal\u00eda. \u201cNo existe una vinculaci\u00f3n con esas personas que victimaron a la se\u00f1ora Nadia Beller. No existe\u201d, afirm\u00f3.<\/p>\n\n\n\n<p class=\"wp-block-paragraph\">\u00a0<\/p>\n\n\n\n<figure class=\"wp-block-image size-full\"><a href=\"https:\/\/fmmural91.uno\/2024\/wp-content\/uploads\/2026\/08\/Captura-de-pantalla-2026-08-24-104319.png\"><img decoding=\"async\" width=\"683\" height=\"330\" src=\"https:\/\/fmmural91.uno\/2024\/wp-content\/uploads\/2026\/08\/Captura-de-pantalla-2026-08-24-104319.png\" alt=\"\" class=\"wp-image-3311\" srcset=\"https:\/\/fmmural91.uno\/2024\/wp-content\/uploads\/2026\/08\/Captura-de-pantalla-2026-08-24-104319.png 683w, https:\/\/fmmural91.uno\/2024\/wp-content\/uploads\/2026\/08\/Captura-de-pantalla-2026-08-24-104319-559x270.png 559w\" sizes=\"(max-width: 683px) 100vw, 683px\" \/><\/a><\/figure>\n\n\n\n<p class=\"wp-block-paragraph\">Audiencia, detenciones y protecci\u00f3n para Beller: c\u00f3mo contin\u00faa la causa contra Cerimedo<\/p>\n\n\n\n<p class=\"wp-block-paragraph\"><strong>El juez acept\u00f3 la solicitud fiscal y orden\u00f3 180 d\u00edas de prisi\u00f3n preventiva para Cerimedo en la c\u00e1rcel de Palmasola, por posible riesgo de fuga y obstrucci\u00f3n de la investigaci\u00f3n<\/strong>. Giraldes neg\u00f3 que su defendido intentara huir a Argentina y asegur\u00f3 que el viaje respond\u00eda a un llamado de la propia Beller desde el hospital. \u201cExisten los boletos y se va a documentar que \u00e9l compr\u00f3 el boleto ese mismo momento\u201d, sostuvo.<\/p>\n\n\n\n<p class=\"wp-block-paragraph\">El abogado tambi\u00e9n cuestion\u00f3 la interpretaci\u00f3n de los chats difundidos en redes sociales. En uno de ellos se lee: \u201cHermano, en este momento le dispararon, est\u00e1 herida. Un Yago, dos tipos en motocicleta\u201d. Para Giraldes, \u201cno le est\u00e1 diciendo: \u2018Misi\u00f3n cumplida\u2019. Es muy diferente\u201d. Seg\u00fan la defensa, se trat\u00f3 de una notificaci\u00f3n de un hecho en desarrollo.<\/p>\n\n\n\n<p class=\"wp-block-paragraph\">La Fiscal\u00eda, en cambio, considera esos mensajes como parte de la trama que vincula a Cerimedo con los atacantes. En la audiencia, los fiscales insistieron en que el consultor pol\u00edtico actu\u00f3 como autor intelectual y que existen riesgos procesales que justifican su detenci\u00f3n preventiva.<\/p>\n\n\n\n<h2 class=\"wp-block-heading\">C\u00f3mo contin\u00faa la causa<\/h2>\n\n\n\n<p class=\"wp-block-paragraph\"><strong>Este lunes, la causa tendr\u00e1 un nuevo cap\u00edtulo con la audiencia de los aprehendidos dentro de las pesquisas.&nbsp;<\/strong>La Fiscal\u00eda solicitar\u00e1 que sean enviados a prisi\u00f3n preventiva por su presunta participaci\u00f3n como c\u00f3mplices en el delito de tentativa de asesinato.<\/p>\n\n\n\n<p class=\"wp-block-paragraph\">La defensa de Cerimedo anticip\u00f3 que insistir\u00e1 en la falta de pruebas directas que lo vinculen con los sicarios.&nbsp;<strong>\u201cNo existe contrataci\u00f3n ni financiamiento de esas personas\u201d, remarc\u00f3 Giraldes, quien adem\u00e1s descart\u00f3 la hip\u00f3tesis de que la propia Beller hubiera organizado el ataque.<\/strong><\/p>\n\n\n\n<p class=\"wp-block-paragraph\"><strong>El Ministerio P\u00fablico, por su parte, mantiene abiertas varias l\u00edneas de investigaci\u00f3n. Entre ellas, la posible participaci\u00f3n de funcionarios policiales y el an\u00e1lisis de v\u00ednculos financieros que podr\u00edan explicar la log\u00edstica del atentado.&nbsp;<\/strong>\u201cEstamos indagando sobre los presuntos autores materiales\u201d, reiter\u00f3 Aguilera. La causa contra Cerimedo se consolidar\u00e1 en los pr\u00f3ximos meses con pericias telef\u00f3nicas, nuevas citaciones y posibles allanamientos. La Fiscal\u00eda dispone de 180 d\u00edas para profundizar la investigaci\u00f3n y definir si eleva el caso a juicio.<\/p>\n\n\n\n<ul class=\"wp-block-list\">\n<li><a href=\"https:\/\/www.eldestapeweb.com\/tag\/bolivia\">Bolivia<\/a><\/li>\n\n\n\n<li><a href=\"https:\/\/www.eldestapeweb.com\/tag\/fernando-cerimedo\">Fernando Cerimedo<\/a><\/li>\n<\/ul>\n","protected":false},"excerpt":{"rendered":"<p>La causa Cerimedo afronta una semana clave luego de que la Fiscal\u00eda avanzara con audiencias y nuevas detenciones. En tanto, la v\u00edctima recibi\u00f3 el alta bajo estricta custodia y advirti\u00f3 que \u201csu vida sigue en riesgo\u201d. La investigaci\u00f3n por el atentado contra la abogada Nadia Beller, ocurrido el 17 de agosto en Santa Cruz, entr\u00f3 [&hellip;]<\/p>\n","protected":false},"author":3,"featured_media":3312,"comment_status":"closed","ping_status":"closed","sticky":false,"template":"","format":"standard","meta":{"sync_status":"","episode_type":"","audio_file":"","castos_file_data":"","podmotor_file_id":"","cover_image":"","cover_image_id":"","duration":"","filesize":"","filesize_raw":"","date_recorded":"","explicit":"","block":"","footnotes":""},"categories":[123],"tags":[],"class_list":["post-3309","post","type-post","status-publish","format-standard","has-post-thumbnail","hentry","category-bolivia-cerimedo"],"_links":{"self":[{"href":"https:\/\/fmmural91.uno\/2024\/wp-json\/wp\/v2\/posts\/3309","targetHints":{"allow":["GET"]}}],"collection":[{"href":"https:\/\/fmmural91.uno\/2024\/wp-json\/wp\/v2\/posts"}],"about":[{"href":"https:\/\/fmmural91.uno\/2024\/wp-json\/wp\/v2\/types\/post"}],"author":[{"embeddable":true,"href":"https:\/\/fmmural91.uno\/2024\/wp-json\/wp\/v2\/users\/3"}],"replies":[{"embeddable":true,"href":"https:\/\/fmmural91.uno\/2024\/wp-json\/wp\/v2\/comments?post=3309"}],"version-history":[{"count":1,"href":"https:\/\/fmmural91.uno\/2024\/wp-json\/wp\/v2\/posts\/3309\/revisions"}],"predecessor-version":[{"id":3313,"href":"https:\/\/fmmural91.uno\/2024\/wp-json\/wp\/v2\/posts\/3309\/revisions\/3313"}],"wp:featuredmedia":[{"embeddable":true,"href":"https:\/\/fmmural91.uno\/2024\/wp-json\/wp\/v2\/media\/3312"}],"wp:attachment":[{"href":"https:\/\/fmmural91.uno\/2024\/wp-json\/wp\/v2\/media?parent=3309"}],"wp:term":[{"taxonomy":"category","embeddable":true,"href":"https:\/\/fmmural91.uno\/2024\/wp-json\/wp\/v2\/categories?post=3309"},{"taxonomy":"post_tag","embeddable":true,"href":"https:\/\/fmmural91.uno\/2024\/wp-json\/wp\/v2\/tags?post=3309"}],"curies":[{"name":"wp","href":"https:\/\/api.w.org\/{rel}","templated":true}]}}