{"id":3315,"date":"2026-08-25T08:43:10","date_gmt":"2026-08-25T11:43:10","guid":{"rendered":"https:\/\/fmmural91.uno\/2024\/?p=3315"},"modified":"2026-08-25T08:43:11","modified_gmt":"2026-08-25T11:43:11","slug":"rutas-22-y-151-las-precisiones-del-acuerdo-entre-rio-negro-y-nacion-que-se-conocieron-tras-la-firma","status":"publish","type":"post","link":"https:\/\/fmmural91.uno\/2024\/rutas-22-y-151-las-precisiones-del-acuerdo-entre-rio-negro-y-nacion-que-se-conocieron-tras-la-firma\/","title":{"rendered":"Rutas 22 y 151: las precisiones del acuerdo entre R\u00edo Negro y Naci\u00f3n que se conocieron tras la firma"},"content":{"rendered":"\n<p class=\"wp-block-paragraph\">El convenio firmado en Casa Rosada tiene 23 cl\u00e1usulas, y cu\u00e1les son los principales puntos. Cipolletti convoc\u00f3 a Cipolletti para este martes a legisladores, intendentes y referentes institucionales.<\/p>\n\n\n\n<p class=\"wp-block-paragraph\">Por\u00a0<a href=\"https:\/\/www.rionegro.com.ar\/autor\/adrian-pecollo\/\">Adrian Pecollo<\/a>\u00a0y\u00a0<a href=\"https:\/\/www.rionegro.com.ar\/autor\/mara-diaz\/\">Mara Diaz<\/a>   &#8211;   Fuente: <a href=\"https:\/\/www.rionegro.com.ar\/\">https:\/\/www.rionegro.com.ar\/<\/a>   25 de agosto, 2026.<\/p>\n\n\n\n<p class=\"wp-block-paragraph\">Ayer, en Casa Rosada, el gobernador&nbsp;<a href=\"https:\/\/www.rionegro.com.ar\/politica\/weretilneck-firmo-el-traspaso-del-tren-del-valle-cuando-comenzara-a-operar-rio-negro-4695440\/\">Alberto Weretilneck f<\/a>irm\u00f3 el traspaso a R\u00edo Negro de las rutas nacionales 22 y 151, y el servicio del Tren del Valle.<\/p>\n\n\n\n<p class=\"wp-block-paragraph\">La r\u00fabrica&nbsp;<strong>se formaliz\u00f3 con el jefe de Gabinete, Diego Santilli<\/strong>, y el ministro de Econom\u00eda, Luis Caputo.<\/p>\n\n\n\n<h2 class=\"wp-block-heading\">El traspaso de las rutas tendr\u00e1 plazos y tr\u00e1mites antes de hacerse efectivo<\/h2>\n\n\n\n<hr class=\"wp-block-separator has-alpha-channel-opacity\"\/>\n\n\n\n<p class=\"wp-block-paragraph\">El entendimiento vial&nbsp;<strong>se expres\u00f3 en un convenio marco, y la toma de posesi\u00f3n operativa&nbsp;<\/strong>requerir\u00e1 otros tr\u00e1mites, plazos y tambi\u00e9n acuerdos puntuales con Vialidad Nacional.<\/p>\n\n\n\n<p class=\"wp-block-paragraph\">La cesi\u00f3n de las rutas se prev\u00e9 por 20 a\u00f1os,<strong>&nbsp;con un tratamiento diferencial para los tramos que hoy presentan situaciones irresueltas<\/strong>. La Naci\u00f3n asume el compromiso de su regularizaci\u00f3n en un plazo de 60 d\u00edas h\u00e1biles.<\/p>\n\n\n\n<p class=\"wp-block-paragraph\">En principio, la efectiva&nbsp;<strong>toma de posesi\u00f3n de las rutas liberadas se establece a los \u00ab60 d\u00edas h\u00e1biles\u00bb&nbsp;<\/strong>del perfeccionamiento de los instrumentos firmados en la v\u00edspera. En el caso de R\u00edo Negro, la aprobaci\u00f3n legislativa.<\/p>\n\n\n\n<p class=\"wp-block-paragraph\">En di\u00e1logo con&nbsp;<strong>Diario R\u00cdO NEGRO<\/strong>, Weretilneck habl\u00f3 de \u00abun d\u00eda hist\u00f3rico\u00bb. Entendi\u00f3 que la \u00abprovincia se hace cargo de la responsabilidad de mantener, operar y llevar adelante todo lo que \u00abse hace a esas rutas\u00bb.<\/p>\n\n\n\n<figure class=\"wp-block-image size-full\"><a href=\"https:\/\/fmmural91.uno\/2024\/wp-content\/uploads\/2026\/08\/Captura-de-pantalla-2026-08-25-083936.png\"><img fetchpriority=\"high\" decoding=\"async\" width=\"926\" height=\"717\" src=\"https:\/\/fmmural91.uno\/2024\/wp-content\/uploads\/2026\/08\/Captura-de-pantalla-2026-08-25-083936.png\" alt=\"\" class=\"wp-image-3316\" srcset=\"https:\/\/fmmural91.uno\/2024\/wp-content\/uploads\/2026\/08\/Captura-de-pantalla-2026-08-25-083936.png 926w, https:\/\/fmmural91.uno\/2024\/wp-content\/uploads\/2026\/08\/Captura-de-pantalla-2026-08-25-083936-559x433.png 559w, https:\/\/fmmural91.uno\/2024\/wp-content\/uploads\/2026\/08\/Captura-de-pantalla-2026-08-25-083936-767x594.png 767w\" sizes=\"(max-width: 926px) 100vw, 926px\" \/><\/a><\/figure>\n\n\n\n<p class=\"wp-block-paragraph\">El mandatario destac\u00f3 que el acuerdo \u00ab<strong>nos da una autonom\u00eda importante como provincia, pero tambi\u00e9n un gran desaf\u00edo\u00bb<\/strong>. En ese sentido, plante\u00f3 que el objetivo ser\u00e1 \u00abrecuperar las rutas, hacer las obras que hay que hacer y darles a los rionegrinos la seguridad de las rutas que tienen que tener\u00bb.<\/p>\n\n\n\n<hr class=\"wp-block-separator has-alpha-channel-opacity\"\/>\n\n\n\n<h2 class=\"wp-block-heading\">R\u00edo Negro proyecta recuperar las rutas y mejorar la conexi\u00f3n con Neuqu\u00e9n y Vaca Muerta<\/h2>\n\n\n\n<hr class=\"wp-block-separator has-alpha-channel-opacity\"\/>\n\n\n\n<p class=\"wp-block-paragraph\">En la gacetilla, la Provincia \u00abdefini\u00f3 tres intervenciones prioritarias\u00bb para la primera etapa: l<strong>a finalizaci\u00f3n de la rotonda de las rutas 22 en Choele Choel<\/strong>\u00ab, la \u00abintervenci\u00f3n en el Puente 83 de Cipolletti\u00bb y \u00abobras de reacondicionamiento\u00bb en la ruta 151 (parte con un contrato con la constructora Luciano)<\/p>\n\n\n\n<p class=\"wp-block-paragraph\">Adem\u00e1s, la Provincia ya firm\u00f3 un convenio con el CFI para \u00abestudio\u00bb de<strong>&nbsp;recuperaci\u00f3n de las rutas nacionales y de la \u00abconexi\u00f3n\u00bb con Neuqu\u00e9n<\/strong>, \u00abnuevas colectoras, los accesos, las variantes y la vinculaci\u00f3n con Vaca Muerta\u00bb.<\/p>\n\n\n\n<p class=\"wp-block-paragraph\">En Casa Rosada, el gobernador estuvo&nbsp;<strong>acompa\u00f1ado por el ministro de Obras P\u00fablicas, Alejandro Echarren;<\/strong>&nbsp;la secretaria de Energ\u00eda, Andrea Confini; y los titulares de Vialidad, Ra\u00fal Gr\u00fcn y del Tren Patag\u00f3nico, Roberto L\u00f3pez.<\/p>\n\n\n\n<hr class=\"wp-block-separator has-alpha-channel-opacity\"\/>\n\n\n\n<h2 class=\"wp-block-heading\">La Provincia adelant\u00f3 tres \u00abintervenciones prioritarias\u00bb: la rotonda de Choele Choel, el puente 83 en Cipolletti, y \u00abreacondicionamiento de la ruta 151\u00bb.<\/h2>\n\n\n\n<hr class=\"wp-block-separator has-alpha-channel-opacity\"\/>\n\n\n\n<p class=\"wp-block-paragraph\">Particip\u00f3, adem\u00e1s, el senador libertario Enzo Fullone, que entendi\u00f3 la necesidad de \u00ab<strong>acortar plazos en la transici\u00f3n\u00bb<\/strong>&nbsp;para \u00abtomar definiciones y avanzar en la reparaci\u00f3n y concesi\u00f3n de los corredores viales\u00bb.<\/p>\n\n\n\n<p class=\"wp-block-paragraph\">El parlamentario agreg\u00f3 que la&nbsp;<strong>\u00abNaci\u00f3n cumpli\u00f3 con su parte\u00bb&nbsp;<\/strong>y \u00abR\u00edo Negro tiene las herramientas y la oportunidad de transformar esta transferencia en obras, mejorar la seguridad vial y dar una respuesta concreta a un reclamo hist\u00f3rico\u00bb.<\/p>\n\n\n\n<hr class=\"wp-block-separator has-alpha-channel-opacity\"\/>\n\n\n\n<h2 class=\"wp-block-heading\">Traspaso de rutas a R\u00edo Negro: los puntos principales<\/h2>\n\n\n\n<hr class=\"wp-block-separator has-alpha-channel-opacity\"\/>\n\n\n\n<p class=\"wp-block-paragraph\">En 25 p\u00e1ginas,<strong>&nbsp;el convenio marco contiene 23 cl\u00e1usulas.<\/strong>&nbsp;El texto comprende los siguientes puntos m\u00e1s relevantes:<\/p>\n\n\n\n<p class=\"wp-block-paragraph\">-No hay transferencia autom\u00e1tica, sino que restan convenios espec\u00edficos para la posterior toma de posesi\u00f3n.<\/p>\n\n\n\n<p class=\"wp-block-paragraph\">\u2013 Se establece que la Naci\u00f3n debe entregar los tramos \u00abordenados y saneados\u00bb, en referencia a los sectores con contratos activos con constructoras. Se prev\u00e9 un plazo de 60 d\u00edas h\u00e1biles.<\/p>\n\n\n\n<p class=\"wp-block-paragraph\">-R\u00edo Negro no asume compromisos ni deudas pendientes, como \u00abcertificados impagos, juicios, intereses, penalidades y otros reclamos\u00bb.<\/p>\n\n\n\n<p class=\"wp-block-paragraph\">-Hay menci\u00f3n puntual y diferencial para las obras inconclusas de la rotonda de Choele Choel y la repavimentaci\u00f3n de la ruta 151. La Provincia prev\u00e9 asumir esos contratos para su finalizaci\u00f3n.<\/p>\n\n\n\n<p class=\"wp-block-paragraph\">-R\u00edo Negro definir\u00e1 las obras prioritarias, con su exclusivo financiamiento. Elaborar\u00e1 los proyectos y podr\u00e1 establecer el plan de obras e inversiones seg\u00fan criterios de transitabilidad, seguridad vial y disponibilidad presupuestaria.<\/p>\n\n\n\n<p class=\"wp-block-paragraph\">-Naci\u00f3n debe entregar toda la documentaci\u00f3n de proyectos, estudios y antecedentes entre 15 y 60 d\u00edas h\u00e1biles.<\/p>\n\n\n\n<p class=\"wp-block-paragraph\">-La cesi\u00f3n comprende que R\u00edo Negro puede realizar obras, mantenimiento y controles, pero la propiedad de las rutas sigue siendo de Naci\u00f3n.<\/p>\n\n\n\n<p class=\"wp-block-paragraph\">-La Provincia podr\u00e1 fiscalizar cargas, pesos y dimensiones, pero el cobro de las multas seguir\u00e1 siendo para el Estado nacional.<\/p>\n\n\n\n<hr class=\"wp-block-separator has-alpha-channel-opacity\"\/>\n\n\n\n<h2 class=\"wp-block-heading\">Weretilneck convoc\u00f3 para este martes a autoridades municipales, legisladores y referentes para precisar planes, estrategia y, tambi\u00e9n, comunicaci\u00f3n de lo firmado en Casa Rosada. El encuentro se realizar\u00e1 en Cipolletti.<\/h2>\n\n\n\n<hr class=\"wp-block-separator has-alpha-channel-opacity\"\/>\n\n\n\n<p class=\"wp-block-paragraph\">-El gobierno provincial comprometi\u00f3 el retiro del amparo judicial contra la Naci\u00f3n por el estado de las rutas, impulsado por Weretilneck.<\/p>\n\n\n\n<p class=\"wp-block-paragraph\">-R\u00edo Negro podr\u00e1 implementar en el futuro un sistema de peaje o concesi\u00f3n para financiar mantenimiento, obras y explotaci\u00f3n de los tramos.<\/p>\n\n\n\n<p class=\"wp-block-paragraph\">-Toda inversi\u00f3n provincial pasar\u00e1 al patrimonio nacional, pero&nbsp;<strong>la Provincia se reserva trabajar en \u00abmecanismos de recupero<\/strong>, compensaci\u00f3n o reconocimiento econ\u00f3mico\u00bb de esos aportes.<\/p>\n\n\n\n<hr class=\"wp-block-separator has-alpha-channel-opacity\"\/>\n\n\n\n<h2 class=\"wp-block-heading\">El traspaso de las rutas 22 y 151 ser\u00e1 gradual y por etapas<\/h2>\n\n\n\n<hr class=\"wp-block-separator has-alpha-channel-opacity\"\/>\n\n\n\n<p class=\"wp-block-paragraph\">En su informaci\u00f3n inicial, el gobierno provincial no profundiz\u00f3 en los puntos del acuerdo con Naci\u00f3n. S\u00ed insisti\u00f3 en que la cesi\u00f3n \u00ab<strong>no implica que la Provincia reciba inmediatamente la totalidad de las rutas<\/strong>&nbsp;ni que todos los problemas puedan resolverse en el corto plazo. La incorporaci\u00f3n ser\u00e1 gradual, tramo por tramo, a medida que cada sector quede liberado de contratos y obligaciones nacionales\u00bb.<\/p>\n\n\n\n<p class=\"wp-block-paragraph\">Adelant\u00f3 que la \u00abprimera etapa\u00bb contemplar\u00e1 \u00ab<strong>la recuperaci\u00f3n de aproximadamente 305 km de sectores liberados, con trabajos sobre calzadas, banquinas y se\u00f1alizaci\u00f3n\u00bb<\/strong>, mencionando la gesti\u00f3n de un cr\u00e9dito por 60 millones de d\u00f3lares, que se tramita ante el banco regional Fonplata.<\/p>\n\n\n\n<p class=\"wp-block-paragraph\">Para precisar&nbsp;<strong>planes, estrategia y, tambi\u00e9n, comunicaci\u00f3n de lo que se viene,<\/strong>&nbsp;el gobernador convoc\u00f3 para este martes, a las 14, en el Centro Cultural de Cipolletti, a autoridades municipales y legisladores.<\/p>\n\n\n\n<p class=\"wp-block-paragraph\">Temas<a href=\"https:\/\/www.rionegro.com.ar\/tag\/rio-negro\/\"><\/a><\/p>\n\n\n\n<h3 class=\"wp-block-heading\"><a href=\"https:\/\/www.rionegro.com.ar\/tag\/rio-negro\/\">R\u00edo Negro<\/a><\/h3>\n\n\n\n<p class=\"wp-block-paragraph\"><a href=\"https:\/\/www.rionegro.com.ar\/tag\/roca\/\">Roca<\/a><a href=\"https:\/\/www.rionegro.com.ar\/tag\/ruta-22\/\">Ruta 22<\/a><a href=\"https:\/\/www.rionegro.com.ar\/tag\/ruta-251\/\">Ruta 251<\/a><a href=\"https:\/\/www.rionegro.com.ar\/tag\/viedma\/\">Viedma<\/a><\/p>\n","protected":false},"excerpt":{"rendered":"<p>El convenio firmado en Casa Rosada tiene 23 cl\u00e1usulas, y cu\u00e1les son los principales puntos. Cipolletti convoc\u00f3 a Cipolletti para este martes a legisladores, intendentes y referentes institucionales. Por\u00a0Adrian Pecollo\u00a0y\u00a0Mara Diaz &#8211; Fuente: https:\/\/www.rionegro.com.ar\/ 25 de agosto, 2026. Ayer, en Casa Rosada, el gobernador&nbsp;Alberto Weretilneck firm\u00f3 el traspaso a R\u00edo Negro de las rutas nacionales [&hellip;]<\/p>\n","protected":false},"author":3,"featured_media":3317,"comment_status":"closed","ping_status":"closed","sticky":false,"template":"","format":"standard","meta":{"sync_status":"","episode_type":"","audio_file":"","castos_file_data":"","podmotor_file_id":"","cover_image":"","cover_image_id":"","duration":"","filesize":"","filesize_raw":"","date_recorded":"","explicit":"","block":"","footnotes":""},"categories":[24],"tags":[],"class_list":["post-3315","post","type-post","status-publish","format-standard","has-post-thumbnail","hentry","category-politica"],"_links":{"self":[{"href":"https:\/\/fmmural91.uno\/2024\/wp-json\/wp\/v2\/posts\/3315","targetHints":{"allow":["GET"]}}],"collection":[{"href":"https:\/\/fmmural91.uno\/2024\/wp-json\/wp\/v2\/posts"}],"about":[{"href":"https:\/\/fmmural91.uno\/2024\/wp-json\/wp\/v2\/types\/post"}],"author":[{"embeddable":true,"href":"https:\/\/fmmural91.uno\/2024\/wp-json\/wp\/v2\/users\/3"}],"replies":[{"embeddable":true,"href":"https:\/\/fmmural91.uno\/2024\/wp-json\/wp\/v2\/comments?post=3315"}],"version-history":[{"count":1,"href":"https:\/\/fmmural91.uno\/2024\/wp-json\/wp\/v2\/posts\/3315\/revisions"}],"predecessor-version":[{"id":3318,"href":"https:\/\/fmmural91.uno\/2024\/wp-json\/wp\/v2\/posts\/3315\/revisions\/3318"}],"wp:featuredmedia":[{"embeddable":true,"href":"https:\/\/fmmural91.uno\/2024\/wp-json\/wp\/v2\/media\/3317"}],"wp:attachment":[{"href":"https:\/\/fmmural91.uno\/2024\/wp-json\/wp\/v2\/media?parent=3315"}],"wp:term":[{"taxonomy":"category","embeddable":true,"href":"https:\/\/fmmural91.uno\/2024\/wp-json\/wp\/v2\/categories?post=3315"},{"taxonomy":"post_tag","embeddable":true,"href":"https:\/\/fmmural91.uno\/2024\/wp-json\/wp\/v2\/tags?post=3315"}],"curies":[{"name":"wp","href":"https:\/\/api.w.org\/{rel}","templated":true}]}}