{"id":3329,"date":"2026-08-25T09:36:31","date_gmt":"2026-08-25T12:36:31","guid":{"rendered":"https:\/\/fmmural91.uno\/2024\/?p=3329"},"modified":"2026-08-25T09:36:32","modified_gmt":"2026-08-25T12:36:32","slug":"excarcelaron-al-joven-detenido-por-sus-caricaturas-sobre-bullrich","status":"publish","type":"post","link":"https:\/\/fmmural91.uno\/2024\/excarcelaron-al-joven-detenido-por-sus-caricaturas-sobre-bullrich\/","title":{"rendered":"Excarcelaron al joven detenido por sus caricaturas sobre Bullrich"},"content":{"rendered":"\n<h1 class=\"wp-block-heading\">Triunfo contra la criminalizaci\u00f3n de la protesta<\/h1>\n\n\n\n<p class=\"wp-block-paragraph\">Fuente: <a href=\"https:\/\/www.pagina12.com.ar\/\">https:\/\/www.pagina12.com.ar\/<\/a>   25 de agosto, 2026.<\/p>\n\n\n\n<p class=\"wp-block-paragraph\">El caso del joven que sufri\u00f3 un violento allanamiento y detenci\u00f3n por sus dibujos y caricaturas sobre la exministra de Seguridad y actual senadora libertaria, Patricia Bulrich, tuvo su giro. La excarcelaci\u00f3n del joven primero fue negada y tras la apelaci\u00f3n, la asociaci\u00f3n gremial de abogados y abogadas comunicaron que se logr\u00f3.<\/p>\n\n\n\n<p class=\"wp-block-paragraph\">La causa sigui\u00f3 por el impulso de la Fiscal Mar\u00eda Alejandra Mangano y el Juez Lijo finalmente decret\u00f3 el procesamiento por los delitos de amenazas a Patricia Bullrich e incitaci\u00f3n a la violencia colectiva (delito que tiene una pena entre 3 y 6 a\u00f1os de prisi\u00f3n).<\/p>\n\n\n\n<p class=\"wp-block-paragraph\">La Gremial volvi\u00f3 a apelar y finalmente se logr\u00f3 el sobreseimiento del joven. Con tres presos pol\u00edticos en c\u00e1rceles (Facundo Jones Huala, Eneas Gallo y Milton Tolomeo) a los que en forma expl\u00edcita o impl\u00edcita se los acusa de delitos en los que se sobredimensionan los hechos que se suponen son autores acus\u00e1ndolos por delitos de penas alt\u00edsimas para caracterizar la militancia y la lucha como actos de terrorismo.<\/p>\n\n\n\n<p class=\"wp-block-paragraph\">En febrero de este a\u00f1o, a tres d\u00edas de arresto en una dependencia, al joven se le neg\u00f3 el pedido de excarcelaci\u00f3n. Lo acusan de intimidaci\u00f3n p\u00fablica por sus publicaciones en \u201cuna importante red social de im\u00e1genes y videos\u201d. En portales digitales afines al gobierno, las fotos de los juguetes de este joven artista estuvieron exhibidas sin mencionar que no tienen ning\u00fan poder de fuego.<\/p>\n","protected":false},"excerpt":{"rendered":"<p>Triunfo contra la criminalizaci\u00f3n de la protesta Fuente: https:\/\/www.pagina12.com.ar\/ 25 de agosto, 2026. El caso del joven que sufri\u00f3 un violento allanamiento y detenci\u00f3n por sus dibujos y caricaturas sobre la exministra de Seguridad y actual senadora libertaria, Patricia Bulrich, tuvo su giro. La excarcelaci\u00f3n del joven primero fue negada y tras la apelaci\u00f3n, la [&hellip;]<\/p>\n","protected":false},"author":3,"featured_media":3330,"comment_status":"closed","ping_status":"closed","sticky":false,"template":"","format":"standard","meta":{"sync_status":"","episode_type":"","audio_file":"","castos_file_data":"","podmotor_file_id":"","cover_image":"","cover_image_id":"","duration":"","filesize":"","filesize_raw":"","date_recorded":"","explicit":"","block":"","footnotes":""},"categories":[116],"tags":[],"class_list":["post-3329","post","type-post","status-publish","format-standard","has-post-thumbnail","hentry","category-sociedad"],"_links":{"self":[{"href":"https:\/\/fmmural91.uno\/2024\/wp-json\/wp\/v2\/posts\/3329","targetHints":{"allow":["GET"]}}],"collection":[{"href":"https:\/\/fmmural91.uno\/2024\/wp-json\/wp\/v2\/posts"}],"about":[{"href":"https:\/\/fmmural91.uno\/2024\/wp-json\/wp\/v2\/types\/post"}],"author":[{"embeddable":true,"href":"https:\/\/fmmural91.uno\/2024\/wp-json\/wp\/v2\/users\/3"}],"replies":[{"embeddable":true,"href":"https:\/\/fmmural91.uno\/2024\/wp-json\/wp\/v2\/comments?post=3329"}],"version-history":[{"count":1,"href":"https:\/\/fmmural91.uno\/2024\/wp-json\/wp\/v2\/posts\/3329\/revisions"}],"predecessor-version":[{"id":3331,"href":"https:\/\/fmmural91.uno\/2024\/wp-json\/wp\/v2\/posts\/3329\/revisions\/3331"}],"wp:featuredmedia":[{"embeddable":true,"href":"https:\/\/fmmural91.uno\/2024\/wp-json\/wp\/v2\/media\/3330"}],"wp:attachment":[{"href":"https:\/\/fmmural91.uno\/2024\/wp-json\/wp\/v2\/media?parent=3329"}],"wp:term":[{"taxonomy":"category","embeddable":true,"href":"https:\/\/fmmural91.uno\/2024\/wp-json\/wp\/v2\/categories?post=3329"},{"taxonomy":"post_tag","embeddable":true,"href":"https:\/\/fmmural91.uno\/2024\/wp-json\/wp\/v2\/tags?post=3329"}],"curies":[{"name":"wp","href":"https:\/\/api.w.org\/{rel}","templated":true}]}}