{"id":3336,"date":"2026-08-25T10:06:03","date_gmt":"2026-08-25T13:06:03","guid":{"rendered":"https:\/\/fmmural91.uno\/2024\/?p=3336"},"modified":"2026-08-25T10:06:06","modified_gmt":"2026-08-25T13:06:06","slug":"seguridad-viviendas-y-educacion-kicillof-carga-la-agenda-con-gestion","status":"publish","type":"post","link":"https:\/\/fmmural91.uno\/2024\/seguridad-viviendas-y-educacion-kicillof-carga-la-agenda-con-gestion\/","title":{"rendered":"Seguridad, viviendas y educaci\u00f3n: Kicillof carga la agenda con gesti\u00f3n"},"content":{"rendered":"\n<p class=\"wp-block-paragraph\">El gobernador estar\u00e1 esta semana con actividades en La Plata, Presidente Per\u00f3n, Florencio Varela, La Matanza, Berisso, Ensenada y Ciudad aut\u00f3noma de Buenos Aires. Inauguraci\u00f3n de escuelas y entrega de patrulleros, algunas de las gestiones de la semana.\u00a0<\/p>\n\n\n\n<p class=\"wp-block-paragraph\">Fuente: <a href=\"https:\/\/www.eldestapeweb.com\/\">https:\/\/www.eldestapeweb.com\/<\/a>    25 de agosto, 2026.<\/p>\n\n\n\n<p class=\"wp-block-paragraph\">La \u00faltima semana del mes de agosto, el gobernador<strong>&nbsp;Axel Kicillof har\u00e1 foco en la gesti\u00f3n e inaugurar\u00e1 escuelas, entregar\u00e1 viviendas y patrulleros y firmar\u00e1 convenios de leasing con 22 municipios<\/strong>. Tras una semana de armado para su espacio pol\u00edtico &#8211; estuvo en&nbsp;<a href=\"https:\/\/www.eldestapeweb.com\/politica\/clio-llego-chaco-kicillof-reunio-cgt-60-intendentes-presento-libro-202681919575\">Chaco<\/a>,&nbsp;<a href=\"https:\/\/www.eldestapeweb.com\/politica\/kicillof-reunio-yamandu-orsi-uruguay-tenemos-lineas-trabajo-comunes-2026821163755\">Uruguay<\/a>&nbsp;y&nbsp;<a href=\"https:\/\/www.eldestapeweb.com\/politica\/kicillof-lanzo-espacio-mdf-juventudes-vamos-convocar-proyecto-nacional-rescate-suenos-2026822165339\">San Martin con agenda pol\u00edtica de cara al 2027<\/a>&nbsp;&#8211; los pr\u00f3ximos d\u00edas har\u00e1 base en La Plata, Presidente Per\u00f3n, Florencio Varela, La Matanza, Berisso, Ensenada y Ciudad aut\u00f3noma de Buenos Aires.<\/p>\n\n\n\n<p class=\"wp-block-paragraph\">Este lunes a la tarde encabezar\u00e1 el acto de firma de convenios de leasing del Banco Provincia con 22 municipios. Estar\u00e1n los intendentes de<strong>&nbsp;Almirante Brown, Balcarce, Bragado, Brandsen, Ca\u00f1uelas, Capit\u00e1n Sarmiento, Carlos Tejedor, Chacabuco, Chivilcoy, Coronel Su\u00e1rez, General Alvear, General Lamadrid, General Villegas, Lomas de Zamora, Malvinas Argentinas, Mar Chiquita, Monte Hermoso, Pergamino, San Cayetano, San Isidro, Suipacha y Torquinst.&nbsp;<\/strong><\/p>\n\n\n\n<p class=\"wp-block-paragraph\">En su gran mayor\u00eda los leasings, seg\u00fan detall\u00f3 el ministro de gobierno,&nbsp;<strong>Carlos Bianco, se utilizar\u00e1n para comprar \u201cequipamiento vial\u201d, debido a que \u201cnos estamos preparando para las posibles consecuencias clim\u00e1ticas del S\u00faper Ni\u00f1o\u201d.<\/strong><\/p>\n\n\n\n<p class=\"wp-block-paragraph\">El martes habr\u00e1 dos actividades en Presidente Per\u00f3n.<strong>&nbsp;El mandatario participar\u00e1 de la inauguraci\u00f3n de 2 nuevas escuelas y en Guernica cortar\u00e1 la cinta de la nueva delegaci\u00f3n del Registro de la Personas.&nbsp;<\/strong>El mi\u00e9rcoles estar\u00e1 en Florencio Varela y recorrer\u00e1<strong>&nbsp;la nueva Base Operativa de la polic\u00eda, espec\u00edficamente de la Unidad T\u00e1ctica de Operaciones Inmediatas (UTOI). Siguiendo con la l\u00ednea de la seguridad, el dirigente se trasladar\u00e1 a la La Matanza y entregar\u00e1 40 nuevos patrulleros.&nbsp;<\/strong><\/p>\n\n\n\n<p class=\"wp-block-paragraph\">En tanto el jueves tendr\u00e1 una actividad directa de su espacio<strong>. Estar\u00e1 en la Ciudad Universitaria para \u201cpensar una agenda de desarrollo para la Argentina\u201d. El Centro de Estadios de Derecho al Futuro (CEDAF) realizar\u00e1 una jornada de debate y la cerrar\u00e1 el Gobernador a las 15 horas<\/strong><\/p>\n\n\n\n<figure class=\"wp-block-image size-full\"><a href=\"https:\/\/fmmural91.uno\/2024\/wp-content\/uploads\/2026\/08\/Captura-de-pantalla-2026-08-25-100158.png\"><img fetchpriority=\"high\" decoding=\"async\" width=\"542\" height=\"803\" src=\"https:\/\/fmmural91.uno\/2024\/wp-content\/uploads\/2026\/08\/Captura-de-pantalla-2026-08-25-100158.png\" alt=\"\" class=\"wp-image-3337\" srcset=\"https:\/\/fmmural91.uno\/2024\/wp-content\/uploads\/2026\/08\/Captura-de-pantalla-2026-08-25-100158.png 542w, https:\/\/fmmural91.uno\/2024\/wp-content\/uploads\/2026\/08\/Captura-de-pantalla-2026-08-25-100158-377x559.png 377w\" sizes=\"(max-width: 542px) 100vw, 542px\" \/><\/a><\/figure>\n\n\n\n<p class=\"wp-block-paragraph\">Finalmente el viernes har\u00e1 base en Berisso y Ensenada. En la primera ciudad, y junto al intendente Fabi\u00e1n Cagliardi, entregar\u00e1n 530 escrituras, del programa \u201cMi escritura, mi casa\u201d, y le dar\u00e1n las llaves a 5 familias que tendr\u00e1n sus casa modulares en el Barrio Obrero.\u00a0<strong>Las cosas forman parte de un plan de infraestructura mayor que est\u00e1 llevando adelante el gobierno. En Ensenada, junto al jefe comunal Mario Secco, inaugurar\u00e1n la planta embotelladora de ABSA y entregar\u00e1n de m\u00f3viles de la flota de autos a dicha empresa.<\/strong><\/p>\n","protected":false},"excerpt":{"rendered":"<p>El gobernador estar\u00e1 esta semana con actividades en La Plata, Presidente Per\u00f3n, Florencio Varela, La Matanza, Berisso, Ensenada y Ciudad aut\u00f3noma de Buenos Aires. Inauguraci\u00f3n de escuelas y entrega de patrulleros, algunas de las gestiones de la semana.\u00a0 Fuente: https:\/\/www.eldestapeweb.com\/ 25 de agosto, 2026. La \u00faltima semana del mes de agosto, el gobernador&nbsp;Axel Kicillof har\u00e1 [&hellip;]<\/p>\n","protected":false},"author":3,"featured_media":3338,"comment_status":"closed","ping_status":"closed","sticky":false,"template":"","format":"standard","meta":{"sync_status":"","episode_type":"","audio_file":"","castos_file_data":"","podmotor_file_id":"","cover_image":"","cover_image_id":"","duration":"","filesize":"","filesize_raw":"","date_recorded":"","explicit":"","block":"","footnotes":""},"categories":[125],"tags":[],"class_list":["post-3336","post","type-post","status-publish","format-standard","has-post-thumbnail","hentry","category-provincia-de-buenos-aires"],"_links":{"self":[{"href":"https:\/\/fmmural91.uno\/2024\/wp-json\/wp\/v2\/posts\/3336","targetHints":{"allow":["GET"]}}],"collection":[{"href":"https:\/\/fmmural91.uno\/2024\/wp-json\/wp\/v2\/posts"}],"about":[{"href":"https:\/\/fmmural91.uno\/2024\/wp-json\/wp\/v2\/types\/post"}],"author":[{"embeddable":true,"href":"https:\/\/fmmural91.uno\/2024\/wp-json\/wp\/v2\/users\/3"}],"replies":[{"embeddable":true,"href":"https:\/\/fmmural91.uno\/2024\/wp-json\/wp\/v2\/comments?post=3336"}],"version-history":[{"count":1,"href":"https:\/\/fmmural91.uno\/2024\/wp-json\/wp\/v2\/posts\/3336\/revisions"}],"predecessor-version":[{"id":3339,"href":"https:\/\/fmmural91.uno\/2024\/wp-json\/wp\/v2\/posts\/3336\/revisions\/3339"}],"wp:featuredmedia":[{"embeddable":true,"href":"https:\/\/fmmural91.uno\/2024\/wp-json\/wp\/v2\/media\/3338"}],"wp:attachment":[{"href":"https:\/\/fmmural91.uno\/2024\/wp-json\/wp\/v2\/media?parent=3336"}],"wp:term":[{"taxonomy":"category","embeddable":true,"href":"https:\/\/fmmural91.uno\/2024\/wp-json\/wp\/v2\/categories?post=3336"},{"taxonomy":"post_tag","embeddable":true,"href":"https:\/\/fmmural91.uno\/2024\/wp-json\/wp\/v2\/tags?post=3336"}],"curies":[{"name":"wp","href":"https:\/\/api.w.org\/{rel}","templated":true}]}}